{"id":85426,"date":"2025-09-30T00:11:52","date_gmt":"2025-09-29T22:11:52","guid":{"rendered":"https:\/\/sn.ambaguinee.org\/?p=85426"},"modified":"2025-09-30T00:11:52","modified_gmt":"2025-09-29T22:11:52","slug":"dr-kpoghomou-en-guinee-la-peur-etouffe-la-majorite-silencieuse","status":"publish","type":"post","link":"https:\/\/sn.ambaguinee.org\/?p=85426","title":{"rendered":"Dr. Kpoghomou : \u00ab En Guin\u00e9e, la peur \u00e9touffe la majorit\u00e9 silencieuse \u00bb"},"content":{"rendered":"<div>\n<div style=\"margin-bottom:20px;\"><img width=\"870\" height=\"522\"src=\"https:\/\/i0.wp.com\/www.guinee7.com\/wp-content\/uploads\/2020\/09\/Dr-Edouard-Zoutomou-Kpoghomou.png?w=870&amp;ssl=1\" class=\"attachment-post-thumbnail size-post-thumbnail wp-post-image\" alt=\"\" decoding=\"async\" loading=\"lazy\" srcset=\"https:\/\/i0.wp.com\/www.guinee7.com\/wp-content\/uploads\/2020\/09\/Dr-Edouard-Zoutomou-Kpoghomou.png?w=870&amp;ssl=1 870w, https:\/\/i0.wp.com\/www.guinee7.com\/wp-content\/uploads\/2020\/09\/Dr-Edouard-Zoutomou-Kpoghomou.png?resize=300%2C180&amp;ssl=1 300w, https:\/\/i0.wp.com\/www.guinee7.com\/wp-content\/uploads\/2020\/09\/Dr-Edouard-Zoutomou-Kpoghomou.png?resize=768%2C461&amp;ssl=1 768w, https:\/\/i0.wp.com\/www.guinee7.com\/wp-content\/uploads\/2020\/09\/Dr-Edouard-Zoutomou-Kpoghomou.png?resize=696%2C418&amp;ssl=1 696w, https:\/\/i0.wp.com\/www.guinee7.com\/wp-content\/uploads\/2020\/09\/Dr-Edouard-Zoutomou-Kpoghomou.png?resize=700%2C420&amp;ssl=1 700w\" sizes=\"auto, (max-width: 870px) 100vw, 870px\"><\/div>\n<p><span style=\"font-size: 18px;\">Alors que la date de l\u2019\u00e9lection pr\u00e9sidentielle a \u00e9t\u00e9 fix\u00e9e au 28 d\u00e9cembre 2025, le Dr. Edouard Zotomou Kpoghomou, pr\u00e9sident de l\u2019Union d\u00e9mocratique pour le renouveau et le progr\u00e8s (UDRP), exprime de vives r\u00e9serves. Dans cet entretien accord\u00e9 \u00e0 Guinee7.com, il d\u00e9nonce un processus pr\u00e9cipit\u00e9, sans v\u00e9ritable consensus national, et remet en question la l\u00e9gitimit\u00e9 de la nouvelle Constitution pourtant valid\u00e9e par la CEDEAO et l\u2019Union africaine.<\/span><\/p>\n<p><strong><span style=\"font-size: 18px;\">Guinee7.com : La date de l\u2019\u00e9lection pr\u00e9sidentielle a \u00e9t\u00e9 fix\u00e9e au 28 d\u00e9cembre 2025. En tant qu\u2019acteur politique, quelle est votre r\u00e9action ?<\/span><\/strong><\/p>\n<p><span style=\"font-size: 18px;\">Dr. Edouard Zotomou Kpoghomou : Nous pensons qu\u2019il faut qu\u2019on se retrouve, on ne sait pas maintenant si toutes les conditions seront r\u00e9unies pendant ce temps-l\u00e0. Il y avait des questions qui \u00e9taient li\u00e9es \u00e0 l\u2019ordre des \u00e9lections. Dans tous les cas, nous ne nous sommes pas retrouv\u00e9s pour essayer de discuter, avoir une position fixe par rapport \u00e0 l\u2019annonce de la date. Nous pensons qu\u2019il y a beaucoup de questions qui ne sont pas encore r\u00e9solues. Et quand on fixe une date, bien s\u00fbr, on n\u2019a pas encore fait appel \u00e0 la candidature. Et on ne sait pas si le g\u00e9n\u00e9ral Doumbouya est candidat. Il n\u2019a encore rien dit de tout \u00e7a. Les questions sont pendantes. <\/span><\/p>\n<p><strong><span style=\"font-size: 18px;\">Quand vous parlez de concertation, \u00e0 qui faites-vous r\u00e9f\u00e9rence ?<\/span><\/strong><\/p>\n<p><span style=\"font-size: 18px;\">Quand je parle des rencontres, je parle \u00e0 notre niveau m\u00eame, au niveau du parti. C\u2019est des \u00e9v\u00e9nements majeurs, justement, quand \u00e7a vient, il faut se retrouver, discuter. Si on va aller, si on ne va pas aller. Et cette question aussi, elle est subordonn\u00e9e justement aux autres questions que nous avons soulev\u00e9es concernant la candidature de Mamadi ou pas. Et en fonction de tout \u00e7a, nous allons d\u00e9cider.<\/span><\/p>\n<p><strong><span style=\"font-size: 18px;\">Initialement, les \u00e9lections locales devaient pr\u00e9c\u00e9der la pr\u00e9sidentielle. Or, la pyramide semble invers\u00e9e. Votre avis ?<\/span><\/strong><\/p>\n<p><span style=\"font-size: 18px;\">Justement, il y a cette question-l\u00e0 qui doit \u00eatre d\u00e9battue. Parce que nous avions dit, les \u00e9lections, quand on les commence par la pr\u00e9sidentielle, ce sera pour que justement le chef de l\u2019\u00c9tat, le chef d\u2019\u00c9tat \u00e9lu ou le pr\u00e9sident \u00e9lu, meuble, disons, l\u2019Assembl\u00e9e nationale \u00e0 sa guise. Parce que l\u00e0, il aura toutes les cartes en main justement pour pouvoir orienter le d\u00e9bat et puis faire en sorte que tout soit comme il l\u2019entend.<\/span><\/p>\n<p><span style=\"font-size: 18px;\">Dans ces conditions, les gens ne seront pas appel\u00e9s \u00e0 travailler effectivement ensemble. Quand on cherche \u00e0 ce qu\u2019il y ait une sorte de coh\u00e9sion, une sorte de collaboration, il faut aller de la base au sommet. C\u2019est ce qui avait \u00e9t\u00e9 annonc\u00e9. Le changement est intervenu. On ne sait en fonction de quoi c\u2019est intervenu. On ne sait pas qui l\u2019a propos\u00e9. De toutes les fa\u00e7ons, nous avons encore beaucoup de choses autour de tout \u00e7a dont nous devons effectivement nous retrouver et puis discuter, donner notre point de vue.<\/span><\/p>\n<p><strong><span style=\"font-size: 18px;\">Un mot sur la nouvelle Constitution, r\u00e9cemment adopt\u00e9e et valid\u00e9e par la CEDEAO et l\u2019Union africaine ?<\/span><\/strong><\/p>\n<p><span style=\"font-size: 18px;\">Ce n\u2019est pas parce que justement la CEDEAO et l\u2019Union africaine ont certifi\u00e9 que c\u2019est ce qui doit \u00eatre fait. La r\u00e9alit\u00e9, c\u2019est que l\u2019Union africaine et la CEDEAO sont en d\u00e9phasage complet avec les r\u00e9alit\u00e9s du pays. Nous l\u2019avons toujours dit et nous le disons encore aujourd\u2019hui. Sinon, une campagne qui a \u00e9t\u00e9 faite, un r\u00e9f\u00e9rendum qui a \u00e9t\u00e9 soumis, qui a \u00e9t\u00e9 propos\u00e9 et la campagne pour cette constitution, elle a \u00e9t\u00e9 faite de fa\u00e7on unilat\u00e9rale. Il n\u2019y a pas eu d\u2019opposition. C\u2019est-\u00e0-dire que ce que les gens ont voulu, c\u2019est ce qui s\u2019est pass\u00e9. Simplement par la force ou alors par l\u2019intimidation, parce qu\u2019il y a eu beaucoup d\u2019intimidation et surtout par un regroupement de toute l\u2019administration et de tout le monde d\u2019ailleurs. Quand je dis tout le monde, je parle de toute l\u2019administration. Donc, nous disons qu\u2019on s\u00e8me la paix pour r\u00e9colter la paix. Alors, si l\u2019on pense que tout s\u2019est termin\u00e9 comme \u00e7a, d\u2019accord, nous allons voir ce qui va se passer. Ce n\u2019est pas une menace, mais nous pensons que les conditions ne sont pas r\u00e9unies pour que les gens s\u2019entendent sur ce qu\u2019il faut faire. Maintenant, on est en Guin\u00e9e. Il suffit d\u2019acheter la conscience des uns et des autres pour qu\u2019on pense effectivement que tout le travail a \u00e9t\u00e9 d\u00e9j\u00e0 fait et que tout le monde est d\u2019accord, alors que tout le monde n\u2019est pas d\u2019accord.<\/span><\/p>\n<p><strong><span style=\"font-size: 18px;\">Vous \u00e9voquez une majorit\u00e9 silencieuse\u2026<\/span><\/strong><\/p>\n<p><span style=\"font-size: 18px;\">La majorit\u00e9 silencieuse qui ne parle pas est simplement \u00e9touff\u00e9e parce qu\u2019elle a peur. C\u2019est cette peur qui est en train de d\u00e9border tout le monde. Personne n\u2019ose dire que ce n\u2019est pas comme \u00e7a qu\u2019il faut faire. Personne n\u2019ose dire effectivement qu\u2019on n\u2019est pas acquis \u00e0 ce qui a \u00e9t\u00e9 propos\u00e9, \u00e0 ce qui est maintenant impos\u00e9. C\u2019est \u00e7a. Quand on impose, \u00e7a ne veut pas dire que tout le monde va adh\u00e9rer. L\u2019adh\u00e9sion, elle n\u2019est pas au forceps. Une adh\u00e9sion, c\u2019est par conviction. Quand on adh\u00e8re, c\u2019est par conviction. C\u2019est pourquoi nous l\u2019avons boycott\u00e9. Nous l\u2019avons boycott\u00e9, comme on l\u2019a dit. Maintenant que c\u2019est fait, donc, on en prend acte et nous prenons les dispositions qu\u2019il faut.<\/span><\/p>\n<p><strong><span style=\"font-size: 18px;\">Entretien r\u00e9alis\u00e9 par Bhoye Barry pour guinee7.com<\/span><\/strong><!--\/data\/user\/0\/com.samsung.android.app.notes\/files\/clipdata\/clipdata_bodytext_250929_154828_417.sdocx--><\/p>\n<p>L\u2019article <a href=\"https:\/\/www.guinee7.com\/2025\/09\/29\/dr-kpoghomou-en-guinee-la-peur-etouffe-la-majorite-silencieuse\/\">Dr. Kpoghomou : \u00ab En Guin\u00e9e, la peur \u00e9touffe la majorit\u00e9 silencieuse \u00bb<\/a> est apparu en premier sur <a href=\"https:\/\/www.guinee7.com\/\">Guinee7.com<\/a>.<\/p>\n<\/div>\n","protected":false},"excerpt":{"rendered":"<p>Alors que la date de l\u2019\u00e9lection pr\u00e9sidentielle a \u00e9t\u00e9 fix\u00e9e au 28 d\u00e9cembre 2025, le Dr. Edouard Zotomou Kpoghomou, pr\u00e9sident de l\u2019Union d\u00e9mocratique pour le renouveau et le progr\u00e8s (UDRP), exprime de vives r\u00e9serves. Dans cet entretien accord\u00e9 \u00e0 Guinee7.com, il d\u00e9nonce un processus pr\u00e9cipit\u00e9, sans v\u00e9ritable consensus national, et remet en question la l\u00e9gitimit\u00e9 &hellip;<\/p>\n","protected":false},"author":1,"featured_media":0,"comment_status":"closed","ping_status":"closed","sticky":false,"template":"","format":"standard","meta":{"footnotes":""},"categories":[2],"tags":[22],"_links":{"self":[{"href":"https:\/\/sn.ambaguinee.org\/index.php?rest_route=\/wp\/v2\/posts\/85426"}],"collection":[{"href":"https:\/\/sn.ambaguinee.org\/index.php?rest_route=\/wp\/v2\/posts"}],"about":[{"href":"https:\/\/sn.ambaguinee.org\/index.php?rest_route=\/wp\/v2\/types\/post"}],"author":[{"embeddable":true,"href":"https:\/\/sn.ambaguinee.org\/index.php?rest_route=\/wp\/v2\/users\/1"}],"replies":[{"embeddable":true,"href":"https:\/\/sn.ambaguinee.org\/index.php?rest_route=%2Fwp%2Fv2%2Fcomments&post=85426"}],"version-history":[{"count":0,"href":"https:\/\/sn.ambaguinee.org\/index.php?rest_route=\/wp\/v2\/posts\/85426\/revisions"}],"wp:attachment":[{"href":"https:\/\/sn.ambaguinee.org\/index.php?rest_route=%2Fwp%2Fv2%2Fmedia&parent=85426"}],"wp:term":[{"taxonomy":"category","embeddable":true,"href":"https:\/\/sn.ambaguinee.org\/index.php?rest_route=%2Fwp%2Fv2%2Fcategories&post=85426"},{"taxonomy":"post_tag","embeddable":true,"href":"https:\/\/sn.ambaguinee.org\/index.php?rest_route=%2Fwp%2Fv2%2Ftags&post=85426"}],"curies":[{"name":"wp","href":"https:\/\/api.w.org\/{rel}","templated":true}]}}