{"id":85428,"date":"2025-09-30T00:11:52","date_gmt":"2025-09-29T22:11:52","guid":{"rendered":"https:\/\/sn.ambaguinee.org\/?p=85428"},"modified":"2025-09-30T00:11:52","modified_gmt":"2025-09-29T22:11:52","slug":"lgfp-mamady-diomande-succede-a-guilao-avec-une-vision-de-renouveau","status":"publish","type":"post","link":"https:\/\/sn.ambaguinee.org\/?p=85428","title":{"rendered":"LGFP : Mamady Diomand\u00e9 succ\u00e8de \u00e0 Guilao avec une vision de renouveau"},"content":{"rendered":"<div>\n<div style=\"margin-bottom:20px;\"><img width=\"1080\" height=\"575\"src=\"https:\/\/i0.wp.com\/www.guinee7.com\/wp-content\/uploads\/2025\/09\/IMG-20250929-WA0013.jpg?w=1080&amp;ssl=1\" class=\"attachment-post-thumbnail size-post-thumbnail wp-post-image\" alt=\"\" decoding=\"async\" loading=\"lazy\" srcset=\"https:\/\/i0.wp.com\/www.guinee7.com\/wp-content\/uploads\/2025\/09\/IMG-20250929-WA0013.jpg?w=1080&amp;ssl=1 1080w, https:\/\/i0.wp.com\/www.guinee7.com\/wp-content\/uploads\/2025\/09\/IMG-20250929-WA0013.jpg?resize=300%2C160&amp;ssl=1 300w, https:\/\/i0.wp.com\/www.guinee7.com\/wp-content\/uploads\/2025\/09\/IMG-20250929-WA0013.jpg?resize=1024%2C545&amp;ssl=1 1024w, https:\/\/i0.wp.com\/www.guinee7.com\/wp-content\/uploads\/2025\/09\/IMG-20250929-WA0013.jpg?resize=768%2C409&amp;ssl=1 768w\" sizes=\"auto, (max-width: 1080px) 100vw, 1080px\"><\/div>\n<p><span style=\"font-size: 18px;\">La Ligue guin\u00e9enne de football professionnel (LGFP) a officiellement un nouveau pr\u00e9sident. Ce lundi 29 septembre 2025, Mamady Diomand\u00e9 a \u00e9t\u00e9 install\u00e9 \u00e0 la t\u00eate de l\u2019institution, \u00e0 l\u2019occasion d\u2019une c\u00e9r\u00e9monie de passation organis\u00e9e au si\u00e8ge de la LGFP, \u00e0 Kaloum. Il succ\u00e8de \u00e0 Lucien Beindou Guilao, nomm\u00e9 \u00e0 ce poste par le CONOR et confirm\u00e9 par la suite par le bureau ex\u00e9cutif de la F\u00e9d\u00e9ration guin\u00e9enne de football (FGF).<\/span><\/p>\n<p><span style=\"font-size: 18px;\">Pr\u00e9sidant la c\u00e9r\u00e9monie, le secr\u00e9taire g\u00e9n\u00e9ral de la FGF, Ibrahima Blasko Barry, a salu\u00e9 les efforts de l\u2019ancien pr\u00e9sident et son sens du management. \u00ab La F\u00e9d\u00e9ration est fi\u00e8re du travail qu\u2019il a accompli \u00bb, a-t-il d\u00e9clar\u00e9.<\/span><\/p>\n<p><span style=\"font-size: 18px;\">Lucien Beindou Guilao, visiblement \u00e9mu, a affirm\u00e9 quitter ses fonctions avec le sentiment du devoir accompli : \u00ab Je suis pr\u00eat \u00e0 apporter mon exp\u00e9rience, que ce soit par des conseils ou dans d\u2019autres fonctions \u00bb, a-t-il affirm\u00e9.<\/span><\/p>\n<p><span style=\"font-size: 18px;\">Son successeur, Mamady Diomand\u00e9, conscient des d\u00e9fis qui l\u2019attendent, a pr\u00e9sent\u00e9 une vision fond\u00e9e sur la collaboration et le renforcement des capacit\u00e9s institutionnelles. \u00ab Notre ambition est claire : progresser ensemble, partager nos id\u00e9es et unir nos forces. Les projets que nous portons n\u00e9cessitent l\u2019implication de tous. Nous travaillerons \u00e0 renforcer les capacit\u00e9s de l\u2019institution et de ses ressources humaines afin de gagner en performance et en autonomie \u00bb, a-t-il d\u00e9clar\u00e9.<\/span><\/p>\n<p><span style=\"font-size: 18px;\">Profitant de l\u2019occasion, le secr\u00e9taire g\u00e9n\u00e9ral de la FGF a \u00e9galement annonc\u00e9 le lancement de la saison sportive 2025-2026 pour le mois d\u2019octobre, pr\u00e9cisant que les fonds n\u00e9cessaires \u00e0 son organisation sont d\u00e9j\u00e0 mobilis\u00e9s.<\/span><\/p>\n<p><strong><span style=\"font-size: 18px;\">Thierno Abdoul Barry pour guinee7.com<\/span><\/strong><!--\/data\/user\/0\/com.samsung.android.app.notes\/files\/clipdata\/clipdata_bodytext_250929_170005_990.sdocx--><\/p>\n<p>L\u2019article <a href=\"https:\/\/www.guinee7.com\/2025\/09\/29\/lgfp-mamady-diomande-succede-a-guilao-avec-une-vision-de-renouveau\/\">LGFP : Mamady Diomand\u00e9 succ\u00e8de \u00e0 Guilao avec une vision de renouveau<\/a> est apparu en premier sur <a href=\"https:\/\/www.guinee7.com\/\">Guinee7.com<\/a>.<\/p>\n<\/div>\n","protected":false},"excerpt":{"rendered":"<p>La Ligue guin\u00e9enne de football professionnel (LGFP) a officiellement un nouveau pr\u00e9sident. Ce lundi 29 septembre 2025, Mamady Diomand\u00e9 a \u00e9t\u00e9 install\u00e9 \u00e0 la t\u00eate de l\u2019institution, \u00e0 l\u2019occasion d\u2019une c\u00e9r\u00e9monie de passation organis\u00e9e au si\u00e8ge de la LGFP, \u00e0 Kaloum. Il succ\u00e8de \u00e0 Lucien Beindou Guilao, nomm\u00e9 \u00e0 ce poste par le CONOR et &hellip;<\/p>\n","protected":false},"author":1,"featured_media":0,"comment_status":"closed","ping_status":"closed","sticky":false,"template":"","format":"standard","meta":{"footnotes":""},"categories":[2],"tags":[22],"_links":{"self":[{"href":"https:\/\/sn.ambaguinee.org\/index.php?rest_route=\/wp\/v2\/posts\/85428"}],"collection":[{"href":"https:\/\/sn.ambaguinee.org\/index.php?rest_route=\/wp\/v2\/posts"}],"about":[{"href":"https:\/\/sn.ambaguinee.org\/index.php?rest_route=\/wp\/v2\/types\/post"}],"author":[{"embeddable":true,"href":"https:\/\/sn.ambaguinee.org\/index.php?rest_route=\/wp\/v2\/users\/1"}],"replies":[{"embeddable":true,"href":"https:\/\/sn.ambaguinee.org\/index.php?rest_route=%2Fwp%2Fv2%2Fcomments&post=85428"}],"version-history":[{"count":0,"href":"https:\/\/sn.ambaguinee.org\/index.php?rest_route=\/wp\/v2\/posts\/85428\/revisions"}],"wp:attachment":[{"href":"https:\/\/sn.ambaguinee.org\/index.php?rest_route=%2Fwp%2Fv2%2Fmedia&parent=85428"}],"wp:term":[{"taxonomy":"category","embeddable":true,"href":"https:\/\/sn.ambaguinee.org\/index.php?rest_route=%2Fwp%2Fv2%2Fcategories&post=85428"},{"taxonomy":"post_tag","embeddable":true,"href":"https:\/\/sn.ambaguinee.org\/index.php?rest_route=%2Fwp%2Fv2%2Ftags&post=85428"}],"curies":[{"name":"wp","href":"https:\/\/api.w.org\/{rel}","templated":true}]}}