{"id":85430,"date":"2025-09-30T00:11:53","date_gmt":"2025-09-29T22:11:53","guid":{"rendered":"https:\/\/sn.ambaguinee.org\/?p=85430"},"modified":"2025-09-30T00:11:53","modified_gmt":"2025-09-29T22:11:53","slug":"as-kaloum-coup-denvoi-pour-la-renovation-du-stade-de-la-mission","status":"publish","type":"post","link":"https:\/\/sn.ambaguinee.org\/?p=85430","title":{"rendered":"AS Kaloum : Coup d\u2019envoi pour la r\u00e9novation du stade de la Mission"},"content":{"rendered":"<div>\n<div style=\"margin-bottom:20px;\"><img width=\"1280\" height=\"960\"src=\"https:\/\/i0.wp.com\/www.guinee7.com\/wp-content\/uploads\/2025\/09\/IMG-20250929-WA0024.jpg?w=1280&amp;ssl=1\" class=\"attachment-post-thumbnail size-post-thumbnail wp-post-image\" alt=\"\" decoding=\"async\" srcset=\"https:\/\/i0.wp.com\/www.guinee7.com\/wp-content\/uploads\/2025\/09\/IMG-20250929-WA0024.jpg?w=1280&amp;ssl=1 1280w, https:\/\/i0.wp.com\/www.guinee7.com\/wp-content\/uploads\/2025\/09\/IMG-20250929-WA0024.jpg?resize=300%2C225&amp;ssl=1 300w, https:\/\/i0.wp.com\/www.guinee7.com\/wp-content\/uploads\/2025\/09\/IMG-20250929-WA0024.jpg?resize=1024%2C768&amp;ssl=1 1024w, https:\/\/i0.wp.com\/www.guinee7.com\/wp-content\/uploads\/2025\/09\/IMG-20250929-WA0024.jpg?resize=768%2C576&amp;ssl=1 768w, https:\/\/i0.wp.com\/www.guinee7.com\/wp-content\/uploads\/2025\/09\/IMG-20250929-WA0024.jpg?resize=86%2C64&amp;ssl=1 86w\" sizes=\"(max-width: 1280px) 100vw, 1280px\"><\/div>\n<p><span style=\"font-size: 18px;\">La Direction G\u00e9n\u00e9rale de l\u2019Association Sportive de Kaloum a annonc\u00e9 ce lundi 29 septembre, via ses r\u00e9seaux sociaux, le lancement imminent des travaux de r\u00e9novation de la pelouse du stade de la Mission, l\u2019un des terrains les plus fr\u00e9quent\u00e9s de Conakry.<\/span><\/p>\n<p><span style=\"font-size: 18px;\">Cette d\u00e9cision fait suite aux nombreuses critiques concernant l\u2019\u00e9tat de la pelouse, jug\u00e9e impraticable par les joueurs, supporters et observateurs du football guin\u00e9en.<\/span><\/p>\n<p><span style=\"font-size: 18px;\">Les travaux, qui s\u2019\u00e9taleront sur une dur\u00e9e de six mois, rendront le stade indisponible pour les entra\u00eenements et les rencontres officielles. En attendant, l\u2019AS Kaloum s\u2019entra\u00eenera sur d\u2019autres infrastructures disponibles, en attendant \u00e9galement la r\u00e9ouverture du stade du 28 Septembre.<\/span><\/p>\n<p><img data-recalc-dims=\"1\" decoding=\"async\" class=\"alignnone wp-image-122396 size-full\"src=\"https:\/\/i0.wp.com\/www.guinee7.com\/wp-content\/uploads\/2025\/09\/IMG-20250929-WA0026.jpg?w=1024&amp;ssl=1\" alt=\"\" width=\"1024\" height=\"1280\" srcset=\"https:\/\/i0.wp.com\/www.guinee7.com\/wp-content\/uploads\/2025\/09\/IMG-20250929-WA0026.jpg?w=1024&amp;ssl=1 1024w, https:\/\/i0.wp.com\/www.guinee7.com\/wp-content\/uploads\/2025\/09\/IMG-20250929-WA0026.jpg?resize=240%2C300&amp;ssl=1 240w, https:\/\/i0.wp.com\/www.guinee7.com\/wp-content\/uploads\/2025\/09\/IMG-20250929-WA0026.jpg?resize=819%2C1024&amp;ssl=1 819w, https:\/\/i0.wp.com\/www.guinee7.com\/wp-content\/uploads\/2025\/09\/IMG-20250929-WA0026.jpg?resize=768%2C960&amp;ssl=1 768w\" sizes=\"(max-width: 1024px) 100vw, 1024px\"><\/p>\n<p><strong><span style=\"font-size: 18px;\">Alh Cheick pour Guin\u00e9e7.com<\/span><\/strong><!--\/data\/user\/0\/com.samsung.android.app.notes\/files\/clipdata\/clipdata_bodytext_250929_180733_585.sdocx--><\/p>\n<p>L\u2019article <a href=\"https:\/\/www.guinee7.com\/2025\/09\/29\/as-kaloum-coup-denvoi-pour-la-renovation-du-stade-de-la-mission\/\">AS Kaloum : Coup d\u2019envoi pour la r\u00e9novation du stade de la Mission<\/a> est apparu en premier sur <a href=\"https:\/\/www.guinee7.com\/\">Guinee7.com<\/a>.<\/p>\n<\/div>\n","protected":false},"excerpt":{"rendered":"<p>La Direction G\u00e9n\u00e9rale de l\u2019Association Sportive de Kaloum a annonc\u00e9 ce lundi 29 septembre, via ses r\u00e9seaux sociaux, le lancement imminent des travaux de r\u00e9novation de la pelouse du stade de la Mission, l\u2019un des terrains les plus fr\u00e9quent\u00e9s de Conakry. Cette d\u00e9cision fait suite aux nombreuses critiques concernant l\u2019\u00e9tat de la pelouse, jug\u00e9e impraticable &hellip;<\/p>\n","protected":false},"author":1,"featured_media":0,"comment_status":"closed","ping_status":"closed","sticky":false,"template":"","format":"standard","meta":{"footnotes":""},"categories":[2],"tags":[22],"_links":{"self":[{"href":"https:\/\/sn.ambaguinee.org\/index.php?rest_route=\/wp\/v2\/posts\/85430"}],"collection":[{"href":"https:\/\/sn.ambaguinee.org\/index.php?rest_route=\/wp\/v2\/posts"}],"about":[{"href":"https:\/\/sn.ambaguinee.org\/index.php?rest_route=\/wp\/v2\/types\/post"}],"author":[{"embeddable":true,"href":"https:\/\/sn.ambaguinee.org\/index.php?rest_route=\/wp\/v2\/users\/1"}],"replies":[{"embeddable":true,"href":"https:\/\/sn.ambaguinee.org\/index.php?rest_route=%2Fwp%2Fv2%2Fcomments&post=85430"}],"version-history":[{"count":0,"href":"https:\/\/sn.ambaguinee.org\/index.php?rest_route=\/wp\/v2\/posts\/85430\/revisions"}],"wp:attachment":[{"href":"https:\/\/sn.ambaguinee.org\/index.php?rest_route=%2Fwp%2Fv2%2Fmedia&parent=85430"}],"wp:term":[{"taxonomy":"category","embeddable":true,"href":"https:\/\/sn.ambaguinee.org\/index.php?rest_route=%2Fwp%2Fv2%2Fcategories&post=85430"},{"taxonomy":"post_tag","embeddable":true,"href":"https:\/\/sn.ambaguinee.org\/index.php?rest_route=%2Fwp%2Fv2%2Ftags&post=85430"}],"curies":[{"name":"wp","href":"https:\/\/api.w.org\/{rel}","templated":true}]}}