{"id":85535,"date":"2025-10-04T20:30:05","date_gmt":"2025-10-04T18:30:05","guid":{"rendered":"https:\/\/sn.ambaguinee.org\/?p=85535"},"modified":"2025-10-04T20:30:05","modified_gmt":"2025-10-04T18:30:05","slug":"lautre-pere-fondateur-saifoulaye-dans-lombre-de-sekou","status":"publish","type":"post","link":"https:\/\/sn.ambaguinee.org\/?p=85535","title":{"rendered":"L\u2019autre p\u00e8re fondateur, Sa\u00effoulaye dans l\u2019ombre de S\u00e9kou"},"content":{"rendered":"<div>\n<div style=\"margin-bottom:20px;\"><img width=\"576\" height=\"492\"src=\"https:\/\/i0.wp.com\/www.guinee7.com\/wp-content\/uploads\/2025\/10\/IMG-20251004-WA0023.jpg?w=576&amp;ssl=1\" class=\"attachment-post-thumbnail size-post-thumbnail wp-post-image\" alt=\"\" decoding=\"async\" loading=\"lazy\" srcset=\"https:\/\/i0.wp.com\/www.guinee7.com\/wp-content\/uploads\/2025\/10\/IMG-20251004-WA0023.jpg?w=576&amp;ssl=1 576w, https:\/\/i0.wp.com\/www.guinee7.com\/wp-content\/uploads\/2025\/10\/IMG-20251004-WA0023.jpg?resize=300%2C256&amp;ssl=1 300w\" sizes=\"auto, (max-width: 576px) 100vw, 576px\"><\/div>\n<p><span style=\"font-size: 18px;\">Hier, 2 octobre 2025, la Guin\u00e9e a c\u00e9l\u00e9br\u00e9 le soixante-septi\u00e8me anniversaire de son ind\u00e9pendance. Dans les rues de Conakry, et un peu partout dans le pays, l\u2019effervescence \u00e9tait palpable, des t-shirts aux couleurs nationales \u00e9taient arbor\u00e9s avec fiert\u00e9. Cette f\u00eate comm\u00e9more un acte fondateur : le \u00ab Non \u00bb historique du 28 septembre 1958 \u00e0 la Communaut\u00e9 fran\u00e7aise, un vote audacieux qui fit de la Guin\u00e9e la premi\u00e8re colonie fran\u00e7aise d\u2019Afrique subsaharienne \u00e0 obtenir son ind\u00e9pendance. Si la figure de S\u00e9kou Tour\u00e9, consid\u00e9r\u00e9 comme l\u2019artisan principal de ce \u00ab Non \u00bb, domine la m\u00e9moire collective, un pan m\u00e9connu de l\u2019histoire de la naissance institutionnelle de la R\u00e9publique porte, lui, un autre nom : celui de Sa\u00effoulaye Diallo.<\/span><\/p>\n<p><span style=\"font-size: 18px;\">Au lendemain du r\u00e9f\u00e9rendum, la Guin\u00e9e ind\u00e9pendante n\u2019existait encore que sur le papier. Il fallait la b\u00e2tir, lui donner des institutions, et ce en un temps record. D\u00e8s le lendemain du 28 septembre, l\u2019Assembl\u00e9e territoriale se transforme en Assembl\u00e9e constituante. Sa\u00effoulaye Diallo, qui en \u00e9tait d\u00e9j\u00e0 le pr\u00e9sident, est naturellement reconduit \u00e0 sa t\u00eate. De ce poste strat\u00e9gique, il allait signer, en l\u2019espace de quatre mois, une s\u00e9rie d\u2019actes fondateurs qui donn\u00e8rent corps \u00e0 la nouvelle nation.<\/span><br \/><span style=\"font-size: 18px;\">C\u2019est par sa voix que la R\u00e9publique de Guin\u00e9e est officiellement proclam\u00e9e le 2 octobre 1958. Ce m\u00eame jour, il d\u00e9signe S\u00e9kou Tour\u00e9 pour former le gouvernement int\u00e9rimaire, lui confiant la lourde t\u00e2che de piloter la transition.<\/span><br \/><span style=\"font-size: 18px;\">En novembre, sous l\u2019\u00e9gide de Sa\u00effoulaye Diallo, l\u2019Assembl\u00e9e adopte la Constitution. Celle-ci pr\u00e9voit dans un premier temps un Pr\u00e9sident du Conseil pour g\u00e9rer les affaires courantes. Le 15 novembre, Diallo soumet et fait valider par l\u2019Assembl\u00e9e la candidature de S\u00e9kou Tour\u00e9 \u00e0 ce poste.<\/span><br \/><span style=\"font-size: 18px;\">Ultime acte de cette construction institutionnelle, le 16 janvier 1959, Sa\u00effoulaye Diallo fait adopter l\u2019octroi officiel du titre de Pr\u00e9sident de la R\u00e9publique \u00e0 S\u00e9kou Tour\u00e9. Le processus pr\u00e9voyait une transition avant une \u00e9lection au suffrage universel, qui n\u2019interviendra finalement qu\u2019en 1961.<\/span><\/p>\n<p><span style=\"font-size: 18px;\">Qui \u00e9tait cet homme qui orchestra, dans l\u2019ombre, la mise en place de l\u2019\u00c9tat guin\u00e9en ? D\u00e8s 1948, le natif de Diari (Lab\u00e9) \u00e9tait \u00e9lu secr\u00e9taire politique (num\u00e9ro deux) du Parti D\u00e9mocratique de Guin\u00e9e (PDG), plac\u00e9 sous la direction de S\u00e9kou Tour\u00e9, son secr\u00e9taire g\u00e9n\u00e9ral. Cette collaboration marqua le d\u00e9but d\u2019une carri\u00e8re politique exceptionnelle et d\u2019un compagnonnage embl\u00e9matique.<\/span><br \/><span style=\"font-size: 18px;\">Fort d\u2019une riche exp\u00e9rience comme membre de l\u2019Assembl\u00e9e nationale fran\u00e7aise de 1956 \u00e0 1958, et pr\u00e9sident de l\u2019Assembl\u00e9e territoriale de Guin\u00e9e, il ma\u00eetrisait parfaitement les arcanes du pouvoir l\u00e9gislatif et l\u2019art de l\u2019\u00e9laboration des lois.<\/span><br \/><span style=\"font-size: 18px;\">Apr\u00e8s l\u2019ind\u00e9pendance, il continua de jouer un r\u00f4le cl\u00e9, occupant des postes minist\u00e9riels strat\u00e9giques, notamment aux Finances et aux Affaires \u00e9trang\u00e8res, et fut souvent pr\u00e9sent\u00e9 comme le num\u00e9ro deux de l\u2019\u00c9tat durant les premi\u00e8res ann\u00e9es de la R\u00e9publique. Son nom \u00e9tait alors fr\u00e9quemment associ\u00e9 \u00e0 celui du Pr\u00e9sident Ahmed S\u00e9kou Tour\u00e9, comme dans le \u00ab ch\u0153ur PDG \u00bb, une ode au parti unique par l\u2019ensemble instrumental et choral sous la direction du c\u00e9l\u00e8bre Sory Kandia Kouyat\u00e9.<\/span><\/p>\n<p><span style=\"font-size: 18px;\">Le contexte de ces man\u0153uvres institutionnelles fut celui d\u2019une rupture violente avec la France. Le \u00ab Non \u00bb de 1958 d\u00e9clencha en effet une r\u00e9action imm\u00e9diate et brutale de la m\u00e9tropole : rappel de tous les fonctionnaires et cadres fran\u00e7ais, plongeant l\u2019administration et l\u2019\u00e9conomie dans le chaos ; retrait des \u00e9quipements et supports techniques, paralysant les infrastructures et les services ; suppression de toute aide au d\u00e9veloppement, provoquant un effondrement financier et un isolement international ; interception de cargaisons de riz, cr\u00e9ant un risque de p\u00e9nurie alimentaire et de crise humanitaire\u2026<\/span><br \/><span style=\"font-size: 18px;\">Cette situation d\u2019urgence a sans conteste influenc\u00e9 la rapidit\u00e9 et la nature des d\u00e9cisions prises par Sa\u00effoulaye Diallo et son assembl\u00e9e. Face au vide laiss\u00e9 par les Fran\u00e7ais, la priorit\u00e9 \u00e9tait de proclamer la souverainet\u00e9 de l\u2019\u00c9tat et de l\u00e9gitimer un pouvoir ex\u00e9cutif capable de faire face \u00e0 la crise, ce qui explique la d\u00e9signation de S\u00e9kou Tour\u00e9 sans \u00e9lection populaire imm\u00e9diate.<\/span><\/p>\n<p><span style=\"font-size: 18px;\">\u00c0 son d\u00e9c\u00e8s en 1981, des fun\u00e9railles nationales furent c\u00e9l\u00e9br\u00e9es en hommage \u00e0 l\u2019ampleur de son h\u00e9ritage politique et national. Cependant, avec le temps, son souvenir s\u2019est att\u00e9nu\u00e9 dans la m\u00e9moire collective, \u00e9clips\u00e9 par la personnalit\u00e9 marquante du grand Syli.<\/span><br \/><span style=\"font-size: 18px;\">Redonner \u00e0 Sa\u00effoulaye Diallo sa place dans l\u2019histoire, ce n\u2019est pas diminuer le r\u00f4le de S\u00e9kou Tour\u00e9, c\u2019est comprendre que la fondation d\u2019un \u00c9tat moderne est toujours, en quelque sorte, une \u0153uvre collective. Sa\u00effon, comme aimaient l\u2019appeler les intimes, fut l\u2019homme de la l\u00e9galit\u00e9 r\u00e9publicaine, celui qui, par sa ma\u00eetrise des institutions et son sens de l\u2019histoire, a transform\u00e9 la victoire symbolique du \u00ab Non \u00bb en une r\u00e9alit\u00e9 \u00e9tatique viable.<\/span><br \/><span style=\"font-size: 18px;\">En ce 67e anniversaire, se souvenir de lui, c\u2019est honorer la complexit\u00e9 et la richesse de l\u2019histoire de la Guin\u00e9e, au-del\u00e0 des figures uniques.<\/span><\/p>\n<p><strong><span style=\"font-size: 18px;\">Top Sylla<\/span><\/strong><!--\/data\/user\/0\/com.samsung.android.app.notes\/files\/clipdata\/clipdata_bodytext_251004_165027_173.sdocx--><\/p>\n<p>L\u2019article <a href=\"https:\/\/www.guinee7.com\/2025\/10\/04\/lautre-pere-fondateur-saifoulaye-dans-lombre-de-sekou\/\">L\u2019autre p\u00e8re fondateur, Sa\u00effoulaye dans l\u2019ombre de S\u00e9kou<\/a> est apparu en premier sur <a href=\"https:\/\/www.guinee7.com\/\">Guinee7.com<\/a>.<\/p>\n<\/div>\n","protected":false},"excerpt":{"rendered":"<p>Hier, 2 octobre 2025, la Guin\u00e9e a c\u00e9l\u00e9br\u00e9 le soixante-septi\u00e8me anniversaire de son ind\u00e9pendance. Dans les rues de Conakry, et un peu partout dans le pays, l\u2019effervescence \u00e9tait palpable, des t-shirts aux couleurs nationales \u00e9taient arbor\u00e9s avec fiert\u00e9. Cette f\u00eate comm\u00e9more un acte fondateur : le \u00ab Non \u00bb historique du 28 septembre 1958 \u00e0 &hellip;<\/p>\n","protected":false},"author":1,"featured_media":0,"comment_status":"closed","ping_status":"closed","sticky":false,"template":"","format":"standard","meta":{"footnotes":""},"categories":[2],"tags":[22],"_links":{"self":[{"href":"https:\/\/sn.ambaguinee.org\/index.php?rest_route=\/wp\/v2\/posts\/85535"}],"collection":[{"href":"https:\/\/sn.ambaguinee.org\/index.php?rest_route=\/wp\/v2\/posts"}],"about":[{"href":"https:\/\/sn.ambaguinee.org\/index.php?rest_route=\/wp\/v2\/types\/post"}],"author":[{"embeddable":true,"href":"https:\/\/sn.ambaguinee.org\/index.php?rest_route=\/wp\/v2\/users\/1"}],"replies":[{"embeddable":true,"href":"https:\/\/sn.ambaguinee.org\/index.php?rest_route=%2Fwp%2Fv2%2Fcomments&post=85535"}],"version-history":[{"count":0,"href":"https:\/\/sn.ambaguinee.org\/index.php?rest_route=\/wp\/v2\/posts\/85535\/revisions"}],"wp:attachment":[{"href":"https:\/\/sn.ambaguinee.org\/index.php?rest_route=%2Fwp%2Fv2%2Fmedia&parent=85535"}],"wp:term":[{"taxonomy":"category","embeddable":true,"href":"https:\/\/sn.ambaguinee.org\/index.php?rest_route=%2Fwp%2Fv2%2Fcategories&post=85535"},{"taxonomy":"post_tag","embeddable":true,"href":"https:\/\/sn.ambaguinee.org\/index.php?rest_route=%2Fwp%2Fv2%2Ftags&post=85535"}],"curies":[{"name":"wp","href":"https:\/\/api.w.org\/{rel}","templated":true}]}}