{"id":85625,"date":"2025-10-07T04:47:10","date_gmt":"2025-10-07T02:47:10","guid":{"rendered":"https:\/\/sn.ambaguinee.org\/?p=85625"},"modified":"2025-10-07T04:47:10","modified_gmt":"2025-10-07T02:47:10","slug":"enseignement-technique-une-nouvelle-annee-academique-sous-le-signe-de-la-rigueur-et-de-lengagement","status":"publish","type":"post","link":"https:\/\/sn.ambaguinee.org\/?p=85625","title":{"rendered":"Enseignement technique : une nouvelle ann\u00e9e acad\u00e9mique sous le signe de la rigueur et de l\u2019engagement"},"content":{"rendered":"<div>\n<div style=\"margin-bottom:20px;\"><img width=\"696\" height=\"690\"src=\"https:\/\/i0.wp.com\/www.guinee7.com\/wp-content\/uploads\/2023\/03\/enseignement-technique-Logo.jpeg?w=696&amp;ssl=1\" class=\"attachment-post-thumbnail size-post-thumbnail wp-post-image\" alt=\"\" decoding=\"async\" loading=\"lazy\" srcset=\"https:\/\/i0.wp.com\/www.guinee7.com\/wp-content\/uploads\/2023\/03\/enseignement-technique-Logo.jpeg?w=696&amp;ssl=1 696w, https:\/\/i0.wp.com\/www.guinee7.com\/wp-content\/uploads\/2023\/03\/enseignement-technique-Logo.jpeg?resize=300%2C297&amp;ssl=1 300w, https:\/\/i0.wp.com\/www.guinee7.com\/wp-content\/uploads\/2023\/03\/enseignement-technique-Logo.jpeg?resize=150%2C150&amp;ssl=1 150w\" sizes=\"auto, (max-width: 696px) 100vw, 696px\"><\/div>\n<p><span style=\"font-size: 18px;\">\u00c0 l\u2019or\u00e9e de la rentr\u00e9e acad\u00e9mique 2025-2026, le Minist\u00e8re de l\u2019Enseignement Technique, de la Formation Professionnelle et de l\u2019Emploi fixe le cap : discipline, professionnalisme et qualit\u00e9. Dans le cadre de la vision SIMANDOU 2040, tous les \u00e9tablissements, formateurs, et acteurs de la formation sont appel\u00e9s \u00e0 redoubler d\u2019efforts pour garantir une ann\u00e9e plac\u00e9e sous le signe de l\u2019excellence et de la performance.<\/span><br \/><img data-recalc-dims=\"1\" loading=\"lazy\" decoding=\"async\" class=\"alignnone wp-image-122616 size-full\"src=\"https:\/\/i0.wp.com\/www.guinee7.com\/wp-content\/uploads\/2025\/10\/IMG-20251006-WA0056.jpg?w=798&amp;ssl=1\" alt=\"\" width=\"798\" height=\"1080\" srcset=\"https:\/\/i0.wp.com\/www.guinee7.com\/wp-content\/uploads\/2025\/10\/IMG-20251006-WA0056.jpg?w=798&amp;ssl=1 798w, https:\/\/i0.wp.com\/www.guinee7.com\/wp-content\/uploads\/2025\/10\/IMG-20251006-WA0056.jpg?resize=222%2C300&amp;ssl=1 222w, https:\/\/i0.wp.com\/www.guinee7.com\/wp-content\/uploads\/2025\/10\/IMG-20251006-WA0056.jpg?resize=757%2C1024&amp;ssl=1 757w, https:\/\/i0.wp.com\/www.guinee7.com\/wp-content\/uploads\/2025\/10\/IMG-20251006-WA0056.jpg?resize=768%2C1039&amp;ssl=1 768w\" sizes=\"auto, (max-width: 798px) 100vw, 798px\"><\/p>\n<p><img data-recalc-dims=\"1\" loading=\"lazy\" decoding=\"async\" class=\"alignnone wp-image-122617 size-full\"src=\"https:\/\/i0.wp.com\/www.guinee7.com\/wp-content\/uploads\/2025\/10\/IMG-20251006-WA0055.jpg?w=768&amp;ssl=1\" alt=\"\" width=\"768\" height=\"1080\" srcset=\"https:\/\/i0.wp.com\/www.guinee7.com\/wp-content\/uploads\/2025\/10\/IMG-20251006-WA0055.jpg?w=768&amp;ssl=1 768w, https:\/\/i0.wp.com\/www.guinee7.com\/wp-content\/uploads\/2025\/10\/IMG-20251006-WA0055.jpg?resize=213%2C300&amp;ssl=1 213w, https:\/\/i0.wp.com\/www.guinee7.com\/wp-content\/uploads\/2025\/10\/IMG-20251006-WA0055.jpg?resize=728%2C1024&amp;ssl=1 728w\" sizes=\"auto, (max-width: 768px) 100vw, 768px\"><\/p>\n<p><span style=\"font-size: 18px;\"><strong>Guinee7.com<\/strong>\u00a0<\/span><!--\/data\/user\/0\/com.samsung.android.app.notes\/files\/clipdata\/clipdata_bodytext_251006_142918_887.sdocx--><\/p>\n<p>L\u2019article <a href=\"https:\/\/www.guinee7.com\/2025\/10\/06\/enseignement-technique-une-nouvelle-annee-academique-sous-le-signe-de-la-rigueur-et-de-lengagement\/\">Enseignement technique : une nouvelle ann\u00e9e acad\u00e9mique sous le signe de la rigueur et de l\u2019engagement<\/a> est apparu en premier sur <a href=\"https:\/\/www.guinee7.com\/\">Guinee7.com<\/a>.<\/p>\n<\/div>\n","protected":false},"excerpt":{"rendered":"<p>\u00c0 l\u2019or\u00e9e de la rentr\u00e9e acad\u00e9mique 2025-2026, le Minist\u00e8re de l\u2019Enseignement Technique, de la Formation Professionnelle et de l\u2019Emploi fixe le cap : discipline, professionnalisme et qualit\u00e9. Dans le cadre de la vision SIMANDOU 2040, tous les \u00e9tablissements, formateurs, et acteurs de la formation sont appel\u00e9s \u00e0 redoubler d\u2019efforts pour garantir une ann\u00e9e plac\u00e9e sous &hellip;<\/p>\n","protected":false},"author":1,"featured_media":0,"comment_status":"closed","ping_status":"closed","sticky":false,"template":"","format":"standard","meta":{"footnotes":""},"categories":[2],"tags":[22],"_links":{"self":[{"href":"https:\/\/sn.ambaguinee.org\/index.php?rest_route=\/wp\/v2\/posts\/85625"}],"collection":[{"href":"https:\/\/sn.ambaguinee.org\/index.php?rest_route=\/wp\/v2\/posts"}],"about":[{"href":"https:\/\/sn.ambaguinee.org\/index.php?rest_route=\/wp\/v2\/types\/post"}],"author":[{"embeddable":true,"href":"https:\/\/sn.ambaguinee.org\/index.php?rest_route=\/wp\/v2\/users\/1"}],"replies":[{"embeddable":true,"href":"https:\/\/sn.ambaguinee.org\/index.php?rest_route=%2Fwp%2Fv2%2Fcomments&post=85625"}],"version-history":[{"count":0,"href":"https:\/\/sn.ambaguinee.org\/index.php?rest_route=\/wp\/v2\/posts\/85625\/revisions"}],"wp:attachment":[{"href":"https:\/\/sn.ambaguinee.org\/index.php?rest_route=%2Fwp%2Fv2%2Fmedia&parent=85625"}],"wp:term":[{"taxonomy":"category","embeddable":true,"href":"https:\/\/sn.ambaguinee.org\/index.php?rest_route=%2Fwp%2Fv2%2Fcategories&post=85625"},{"taxonomy":"post_tag","embeddable":true,"href":"https:\/\/sn.ambaguinee.org\/index.php?rest_route=%2Fwp%2Fv2%2Ftags&post=85625"}],"curies":[{"name":"wp","href":"https:\/\/api.w.org\/{rel}","templated":true}]}}