{"id":85699,"date":"2025-10-09T23:16:56","date_gmt":"2025-10-09T21:16:56","guid":{"rendered":"https:\/\/sn.ambaguinee.org\/?p=85699"},"modified":"2025-10-09T23:16:56","modified_gmt":"2025-10-09T21:16:56","slug":"asphyxie-mortelle-dans-un-maquis-a-mamou-un-homme-retrouve-sans-vie","status":"publish","type":"post","link":"https:\/\/sn.ambaguinee.org\/?p=85699","title":{"rendered":"Asphyxie mortelle dans un maquis \u00e0 Mamou : un homme retrouv\u00e9 sans vie"},"content":{"rendered":"<div>\n<div style=\"margin-bottom:20px;\"><img width=\"1280\" height=\"576\"src=\"https:\/\/i0.wp.com\/www.guinee7.com\/wp-content\/uploads\/2025\/10\/IMG-20251009-WA0011.jpg?w=1280&amp;ssl=1\" class=\"attachment-post-thumbnail size-post-thumbnail wp-post-image\" alt=\"\" decoding=\"async\" loading=\"lazy\" srcset=\"https:\/\/i0.wp.com\/www.guinee7.com\/wp-content\/uploads\/2025\/10\/IMG-20251009-WA0011.jpg?w=1280&amp;ssl=1 1280w, https:\/\/i0.wp.com\/www.guinee7.com\/wp-content\/uploads\/2025\/10\/IMG-20251009-WA0011.jpg?resize=300%2C135&amp;ssl=1 300w, https:\/\/i0.wp.com\/www.guinee7.com\/wp-content\/uploads\/2025\/10\/IMG-20251009-WA0011.jpg?resize=1024%2C461&amp;ssl=1 1024w, https:\/\/i0.wp.com\/www.guinee7.com\/wp-content\/uploads\/2025\/10\/IMG-20251009-WA0011.jpg?resize=768%2C346&amp;ssl=1 768w\" sizes=\"auto, (max-width: 1280px) 100vw, 1280px\"><\/div>\n<p><span style=\"font-size: 18px;\">Le corps d\u2019un homme originaire de la pr\u00e9fecture de Gu\u00e9ck\u00e9dou a \u00e9t\u00e9 d\u00e9couvert ce jeudi 9 octobre 2025 dans une buvette, situ\u00e9e dans la commune urbaine de Mamou.<\/span><\/p>\n<p><span style=\"font-size: 18px;\">Selon les t\u00e9moignages, la victime serait morte d\u2019asphyxie dans ce maquis. Son corps a \u00e9t\u00e9 transport\u00e9 \u00e0 la morgue de l\u2019h\u00f4pital r\u00e9gional par la protection civile. Le drame s\u2019est produit \u00e0 l\u2019int\u00e9rieur du maquis, situ\u00e9 au bord de la route derri\u00e8re la Douane, dans le quartier Boulbinet.<\/span><\/p>\n<p><span style=\"font-size: 18px;\">Faya Julber Kondiano, g\u00e9rant des lieux, est la victime. Ce dernier aurait allum\u00e9 un moteur \u00e9lectrique dans le maquis pendant la nuit, apr\u00e8s une coupure de courant, puis aurait oubli\u00e9 de l\u2019\u00e9teindre.<\/span><\/p>\n<p><img data-recalc-dims=\"1\" loading=\"lazy\" decoding=\"async\" class=\"alignnone wp-image-122752 size-full\"src=\"https:\/\/i0.wp.com\/www.guinee7.com\/wp-content\/uploads\/2025\/10\/IMG-20251009-WA0010.jpg?w=1280&amp;ssl=1\" alt=\"\" width=\"1170\" height=\"527\" srcset=\"https:\/\/i0.wp.com\/www.guinee7.com\/wp-content\/uploads\/2025\/10\/IMG-20251009-WA0010.jpg?w=1280&amp;ssl=1 1280w, https:\/\/i0.wp.com\/www.guinee7.com\/wp-content\/uploads\/2025\/10\/IMG-20251009-WA0010.jpg?resize=300%2C135&amp;ssl=1 300w, https:\/\/i0.wp.com\/www.guinee7.com\/wp-content\/uploads\/2025\/10\/IMG-20251009-WA0010.jpg?resize=1024%2C461&amp;ssl=1 1024w, https:\/\/i0.wp.com\/www.guinee7.com\/wp-content\/uploads\/2025\/10\/IMG-20251009-WA0010.jpg?resize=768%2C346&amp;ssl=1 768w\" sizes=\"auto, (max-width: 1170px) 100vw, 1170px\"><\/p>\n<p><span style=\"font-size: 18px;\">S\u00e2a Julien L\u00e9no, ami de la victime et pr\u00e9sident de la jeunesse des ressortissants Kissi \u00e0 Mamou, raconte :<\/span><br \/><span style=\"font-size: 18px;\">\u00ab Ce matin, on m\u2019a appel\u00e9 pour m\u2019annoncer le d\u00e9c\u00e8s de Julber. Je me suis imm\u00e9diatement rendu sur place. Depuis le matin, on tentait de le joindre par t\u00e9l\u00e9phone, mais il ne r\u00e9pondait pas. Nous avons donc d\u00e9fonc\u00e9 la porte. Il \u00e9tait allong\u00e9 sur le ventre, sans aucun signe de vie. Nous avons aussi constat\u00e9 que le moteur \u00e9lectrique \u00e9tait encore allum\u00e9. \u00bb<\/span><\/p>\n<p><span style=\"font-size: 18px;\">Julber Kondiano \u00e9tait originaire de la pr\u00e9fecture de Gu\u00e9ck\u00e9dou. Mari\u00e9, dipl\u00f4m\u00e9 de l\u2019Institut Sup\u00e9rieur de Technologie de Mamou, il se d\u00e9brouillait dans ce maquis pour subvenir aux besoins de sa famille, qu\u2019il laisse aujourd\u2019hui dans une situation tr\u00e8s difficile.<\/span><\/p>\n<p><span style=\"font-size: 18px;\">La protection civile s\u2019est rendue sur les lieux pour faire le constat. Le corps a \u00e9t\u00e9 conduit \u00e0 l\u2019h\u00f4pital r\u00e9gional afin de d\u00e9terminer les circonstances exactes du d\u00e9c\u00e8s.<\/span><\/p>\n<p><strong><span style=\"font-size: 18px;\">Mamadou Alpha Keita pour guinee7.com\u00a0<\/span><\/strong><!--\/data\/user\/0\/com.samsung.android.app.notes\/files\/clipdata\/clipdata_bodytext_251009_141003_536.sdocx--><\/p>\n<p>L\u2019article <a href=\"https:\/\/www.guinee7.com\/2025\/10\/09\/asphyxie-mortelle-dans-un-maquis-a-mamou-un-homme-retrouve-sans-vie\/\">Asphyxie mortelle dans un maquis \u00e0 Mamou : un homme retrouv\u00e9 sans vie<\/a> est apparu en premier sur <a href=\"https:\/\/www.guinee7.com\/\">Guinee7.com<\/a>.<\/p>\n<\/div>\n","protected":false},"excerpt":{"rendered":"<p>Le corps d\u2019un homme originaire de la pr\u00e9fecture de Gu\u00e9ck\u00e9dou a \u00e9t\u00e9 d\u00e9couvert ce jeudi 9 octobre 2025 dans une buvette, situ\u00e9e dans la commune urbaine de Mamou. Selon les t\u00e9moignages, la victime serait morte d\u2019asphyxie dans ce maquis. Son corps a \u00e9t\u00e9 transport\u00e9 \u00e0 la morgue de l\u2019h\u00f4pital r\u00e9gional par la protection civile. Le &hellip;<\/p>\n","protected":false},"author":1,"featured_media":0,"comment_status":"closed","ping_status":"closed","sticky":false,"template":"","format":"standard","meta":{"footnotes":""},"categories":[2],"tags":[22],"_links":{"self":[{"href":"https:\/\/sn.ambaguinee.org\/index.php?rest_route=\/wp\/v2\/posts\/85699"}],"collection":[{"href":"https:\/\/sn.ambaguinee.org\/index.php?rest_route=\/wp\/v2\/posts"}],"about":[{"href":"https:\/\/sn.ambaguinee.org\/index.php?rest_route=\/wp\/v2\/types\/post"}],"author":[{"embeddable":true,"href":"https:\/\/sn.ambaguinee.org\/index.php?rest_route=\/wp\/v2\/users\/1"}],"replies":[{"embeddable":true,"href":"https:\/\/sn.ambaguinee.org\/index.php?rest_route=%2Fwp%2Fv2%2Fcomments&post=85699"}],"version-history":[{"count":0,"href":"https:\/\/sn.ambaguinee.org\/index.php?rest_route=\/wp\/v2\/posts\/85699\/revisions"}],"wp:attachment":[{"href":"https:\/\/sn.ambaguinee.org\/index.php?rest_route=%2Fwp%2Fv2%2Fmedia&parent=85699"}],"wp:term":[{"taxonomy":"category","embeddable":true,"href":"https:\/\/sn.ambaguinee.org\/index.php?rest_route=%2Fwp%2Fv2%2Fcategories&post=85699"},{"taxonomy":"post_tag","embeddable":true,"href":"https:\/\/sn.ambaguinee.org\/index.php?rest_route=%2Fwp%2Fv2%2Ftags&post=85699"}],"curies":[{"name":"wp","href":"https:\/\/api.w.org\/{rel}","templated":true}]}}