{"id":85700,"date":"2025-10-09T23:17:20","date_gmt":"2025-10-09T21:17:20","guid":{"rendered":"https:\/\/sn.ambaguinee.org\/?p=85700"},"modified":"2025-10-09T23:17:20","modified_gmt":"2025-10-09T21:17:20","slug":"jeunesse-presidentielle-top-depart-officiel-a-conakry","status":"publish","type":"post","link":"https:\/\/sn.ambaguinee.org\/?p=85700","title":{"rendered":"Jeunesse pr\u00e9sidentielle : top d\u00e9part officiel \u00e0 Conakry !"},"content":{"rendered":"<div>\n<div style=\"margin-bottom:20px;\"><img width=\"1080\" height=\"810\"src=\"https:\/\/i0.wp.com\/www.guinee7.com\/wp-content\/uploads\/2025\/10\/IMG-20251009-WA0016.jpg?w=1080&amp;ssl=1\" class=\"attachment-post-thumbnail size-post-thumbnail wp-post-image\" alt=\"\" decoding=\"async\" loading=\"lazy\" srcset=\"https:\/\/i0.wp.com\/www.guinee7.com\/wp-content\/uploads\/2025\/10\/IMG-20251009-WA0016.jpg?w=1080&amp;ssl=1 1080w, https:\/\/i0.wp.com\/www.guinee7.com\/wp-content\/uploads\/2025\/10\/IMG-20251009-WA0016.jpg?resize=300%2C225&amp;ssl=1 300w, https:\/\/i0.wp.com\/www.guinee7.com\/wp-content\/uploads\/2025\/10\/IMG-20251009-WA0016.jpg?resize=1024%2C768&amp;ssl=1 1024w, https:\/\/i0.wp.com\/www.guinee7.com\/wp-content\/uploads\/2025\/10\/IMG-20251009-WA0016.jpg?resize=768%2C576&amp;ssl=1 768w, https:\/\/i0.wp.com\/www.guinee7.com\/wp-content\/uploads\/2025\/10\/IMG-20251009-WA0016.jpg?resize=86%2C64&amp;ssl=1 86w\" sizes=\"auto, (max-width: 1080px) 100vw, 1080px\"><\/div>\n<p><span style=\"font-size: 18px;\">La Jeunesse pr\u00e9sidentielle de Guin\u00e9e (JPG) a proc\u00e9d\u00e9, ce jeudi \u00e0 Conakry, au lancement officiel de ses activit\u00e9s. Plac\u00e9e sous le signe de l\u2019engagement citoyen et du soutien \u00e0 la candidature du pr\u00e9sident de la Transition, le g\u00e9n\u00e9ral Mamadi Doumbouya, cette c\u00e9r\u00e9monie a mobilis\u00e9 de nombreuses figures publiques. \u00c0 la tribune, on notait notamment la pr\u00e9sence du ministre de la Culture, du Tourisme et de l\u2019Artisanat, Moussa Mo\u00efse Sylla, de son homologue de la Sant\u00e9, ainsi que de Madame Kant\u00e9 Kadjatou Doumbouya, marraine de l\u2019\u00e9v\u00e9nement.<\/span><\/p>\n<p><strong><span style=\"font-size: 18px;\">Une structure mobilis\u00e9e pour le \u201csoutien inconditionnel\u201d au pr\u00e9sident<\/span><\/strong><\/p>\n<p><span style=\"font-size: 18px;\">Prenant la parole, le vice-pr\u00e9sident de la JPG a tenu \u00e0 clarifier la position du mouvement et les ambitions qui guident son engagement : \u00ab Comme je le disais donc tant\u00f4t, notre objectif ultime est d\u2019annoncer \u00e0 l\u2019opinion nationale et internationale notre engagement en faveur de la candidature du pr\u00e9sident g\u00e9n\u00e9ral Mamadi Doumbouya. Et au-del\u00e0 d\u2019impulser une mobilisation nationale d\u00e9terminante pour garantir sa victoire d\u00e8s le premier tour. Pour atteindre donc cet objectif, la jeunesse pr\u00e9sidentielle de Guin\u00e9e s\u2019engage au d\u00e9ploiement de ses d\u00e9membrements sur toute l\u2019\u00e9tendue du territoire national, \u00e0 mobiliser en cons\u00e9quence et \u00e0 installer ses structures dans les r\u00e9gions, les huit r\u00e9gions administratives, dans les 33 pr\u00e9fectures, mais \u00e9galement dans les 375 sous-pr\u00e9fectures. Et cela pour continuer \u00e0 \u0153uvrer afin d\u2019installer dans notre pays lors de la prochaine \u00e9lection pr\u00e9sidentielle une majorit\u00e9 pr\u00e9sidentielle \u00e9crasante. \u00bb<\/span><\/p>\n<p><span style=\"font-size: 18px;\">Cette d\u00e9claration, empreinte de ferveur militante, traduit la volont\u00e9 de la JPG d\u2019occuper le terrain politique et de constituer un vaste r\u00e9seau de mobilisation \u00e0 l\u2019\u00e9chelle nationale.<\/span><\/p>\n<p><strong><span style=\"font-size: 18px;\">Une organisation \u201ccitoyenne et f\u00e9d\u00e9ratrice\u201d<\/span><\/strong><\/p>\n<p><span style=\"font-size: 18px;\">Dans la m\u00eame dynamique, Alseny Bangoura, pr\u00e9sident de la Jeunesse pr\u00e9sidentielle de Guin\u00e9e, a pr\u00e9sent\u00e9 la JPG comme une structure ouverte, inclusive et porteuse d\u2019un id\u00e9al commun : \u00ab La JPG [est] une organisation citoyenne, patriotique et f\u00e9d\u00e9ratrice, cr\u00e9\u00e9e pour porter haut et fort la voix des jeunes qui croient au destin de la Guin\u00e9e, autour d\u2019une vision claire et assum\u00e9e. \u00bb<\/span><\/p>\n<p><span style=\"font-size: 18px;\">Selon lui, le mouvement s\u2019est fix\u00e9 plusieurs objectifs concrets : \u00ab Soutenir et promouvoir la candidature du g\u00e9n\u00e9ral Mamadi Doumbouya \u00e0 l\u2019\u00e9lection pr\u00e9sidentielle du 28 d\u00e9cembre 2025 ; participer \u00e0 la prise en charge de la caution pr\u00e9sidentielle, en signe d\u2019engagement et de reconnaissance envers le chef de l\u2019\u00c9tat ; implanter la structure dans les quatre r\u00e9gions naturelles, ainsi que dans toutes les pr\u00e9fectures, communes et sous-pr\u00e9fectures de la R\u00e9publique. \u00bb<\/span><\/p>\n<p><span style=\"font-size: 18px;\">Fervent partisan du pr\u00e9sident de la Transition, Alseny Bangoura a r\u00e9affirm\u00e9 sa conviction : \u00ab Nous croyons fermement que le g\u00e9n\u00e9ral Mamadi Doumbouya est l\u2019homme de la situation, le guide dont la Guin\u00e9e a besoin pour poursuivre son \u00e9lan vers la paix, la r\u00e9forme et la prosp\u00e9rit\u00e9. La Jeunesse pr\u00e9sidentielle de Guin\u00e9e (JPG) s\u2019engage, corps et \u00e2me, \u00e0 marcher aux c\u00f4t\u00e9s de Son Excellence le Pr\u00e9sident g\u00e9n\u00e9ral Mamadi Doumbouya, afin que sa vision continue de guider la Guin\u00e9e vers la stabilit\u00e9, le progr\u00e8s et la prosp\u00e9rit\u00e9. \u00bb<\/span><\/p>\n<p><strong><span style=\"font-size: 18px;\">\u201cUn tournant d\u00e9cisif\u201d, selon la marraine de l\u2019\u00e9v\u00e9nement<\/span><\/strong><\/p>\n<p><span style=\"font-size: 18px;\">Marraine de la c\u00e9r\u00e9monie, Madame Kant\u00e9 Kadjatou Doumbouya, directrice associ\u00e9e de la soci\u00e9t\u00e9 mini\u00e8re AGB2A-GIC et pr\u00e9sidente du mouvement \u201cKik\u00e9 N\u00e8n\u00e8\u201d, a salu\u00e9 cette initiative qui, selon elle, marque une nouvelle \u00e8re dans l\u2019engagement de la jeunesse guin\u00e9enne : \u00ab Nous sommes rassembl\u00e9s ici pour c\u00e9l\u00e9brer l\u2019engagement, la foi, et la vision d\u2019une jeunesse consciente, responsable, et debout aux c\u00f4t\u00e9s du g\u00e9n\u00e9ral Mamadi Doumbouya. Sa candidature \u00e0 la magistrature supr\u00eame incarne l\u2019espoir, la stabilit\u00e9 et la refondation de notre ch\u00e8re Guin\u00e9e. \u00bb<\/span><\/p>\n<p><span style=\"font-size: 18px;\">Elle a par ailleurs exhort\u00e9 les jeunes de la JPG \u00e0 faire preuve d\u2019exemplarit\u00e9 : \u00ab Que votre mobilisation reste un exemple de maturit\u00e9 politique et de loyaut\u00e9 r\u00e9publicaine. \u00bb<\/span><\/p>\n<p><strong><span style=\"font-size: 18px;\">\u201cLa jeunesse a choisi la voie de la responsabilit\u00e9.\u201d<\/span><\/strong><\/p>\n<p><span style=\"font-size: 18px;\">Cl\u00f4turant la c\u00e9r\u00e9monie, le ministre de la Culture et de l\u2019Artisanat, Moussa Mo\u00efse Sylla, a salu\u00e9 cette initiative qu\u2019il consid\u00e8re comme un signe de maturit\u00e9 politique et d\u2019adh\u00e9sion aux valeurs de progr\u00e8s : \u00ab La jeunesse a choisi la voie de la responsabilit\u00e9, la jeunesse pr\u00e9sidentielle a ouvert le bal. Vous avez donn\u00e9 le ton. La jeunesse a choisi donc la voie de la responsabilit\u00e9 et du progr\u00e8s. Et \u00e0 travers la jeunesse pr\u00e9sidentielle, c\u2019est d\u00e9sormais tout un peuple qui se l\u00e8ve pour affirmer haut et fort que la Guin\u00e9e avance et rien ne l\u2019arr\u00eatera. Et la candidature du g\u00e9n\u00e9ral Mamadi Doumbouya sonne comme un salut. \u00bb<\/span><\/p>\n<p><span style=\"font-size: 18px;\">Poursuivant sur cette lanc\u00e9e, il a salu\u00e9 le courage du mouvement : \u00ab Vous avez choisi publiquement, officiellement, sans d\u00e9tour, de vous assumer. Vous avez choisi officiellement d\u2019accompagner le pr\u00e9sident de la R\u00e9publique dans sa prochaine candidature. Elle n\u2019est pas encore d\u00e9clar\u00e9e, mais elle est exig\u00e9e par une frange importante de la population guin\u00e9enne, par le peuple de Guin\u00e9e. \u00bb<\/span><\/p>\n<p><strong><span style=\"font-size: 18px;\">Abdoul Lory Sylla pour guinee7.com<\/span><\/strong><!--\/data\/user\/0\/com.samsung.android.app.notes\/files\/clipdata\/clipdata_bodytext_251009_184438_324.sdocx--><\/p>\n<p>L\u2019article <a href=\"https:\/\/www.guinee7.com\/2025\/10\/09\/jeunesse-presidentielle-top-depart-officiel-a-conakry\/\">Jeunesse pr\u00e9sidentielle : top d\u00e9part officiel \u00e0 Conakry !<\/a> est apparu en premier sur <a href=\"https:\/\/www.guinee7.com\/\">Guinee7.com<\/a>.<\/p>\n<\/div>\n","protected":false},"excerpt":{"rendered":"<p>La Jeunesse pr\u00e9sidentielle de Guin\u00e9e (JPG) a proc\u00e9d\u00e9, ce jeudi \u00e0 Conakry, au lancement officiel de ses activit\u00e9s. Plac\u00e9e sous le signe de l\u2019engagement citoyen et du soutien \u00e0 la candidature du pr\u00e9sident de la Transition, le g\u00e9n\u00e9ral Mamadi Doumbouya, cette c\u00e9r\u00e9monie a mobilis\u00e9 de nombreuses figures publiques. \u00c0 la tribune, on notait notamment la &hellip;<\/p>\n","protected":false},"author":1,"featured_media":0,"comment_status":"closed","ping_status":"closed","sticky":false,"template":"","format":"standard","meta":{"footnotes":""},"categories":[2],"tags":[22],"_links":{"self":[{"href":"https:\/\/sn.ambaguinee.org\/index.php?rest_route=\/wp\/v2\/posts\/85700"}],"collection":[{"href":"https:\/\/sn.ambaguinee.org\/index.php?rest_route=\/wp\/v2\/posts"}],"about":[{"href":"https:\/\/sn.ambaguinee.org\/index.php?rest_route=\/wp\/v2\/types\/post"}],"author":[{"embeddable":true,"href":"https:\/\/sn.ambaguinee.org\/index.php?rest_route=\/wp\/v2\/users\/1"}],"replies":[{"embeddable":true,"href":"https:\/\/sn.ambaguinee.org\/index.php?rest_route=%2Fwp%2Fv2%2Fcomments&post=85700"}],"version-history":[{"count":0,"href":"https:\/\/sn.ambaguinee.org\/index.php?rest_route=\/wp\/v2\/posts\/85700\/revisions"}],"wp:attachment":[{"href":"https:\/\/sn.ambaguinee.org\/index.php?rest_route=%2Fwp%2Fv2%2Fmedia&parent=85700"}],"wp:term":[{"taxonomy":"category","embeddable":true,"href":"https:\/\/sn.ambaguinee.org\/index.php?rest_route=%2Fwp%2Fv2%2Fcategories&post=85700"},{"taxonomy":"post_tag","embeddable":true,"href":"https:\/\/sn.ambaguinee.org\/index.php?rest_route=%2Fwp%2Fv2%2Ftags&post=85700"}],"curies":[{"name":"wp","href":"https:\/\/api.w.org\/{rel}","templated":true}]}}