{"id":85701,"date":"2025-10-09T23:18:21","date_gmt":"2025-10-09T21:18:21","guid":{"rendered":"https:\/\/sn.ambaguinee.org\/?p=85701"},"modified":"2025-10-09T23:18:21","modified_gmt":"2025-10-09T21:18:21","slug":"guinee-un-nouveau-souffle-pour-la-culture-grace-au-soutien-francais","status":"publish","type":"post","link":"https:\/\/sn.ambaguinee.org\/?p=85701","title":{"rendered":"Guin\u00e9e : un nouveau souffle pour la culture gr\u00e2ce au soutien fran\u00e7ais"},"content":{"rendered":"<div>\n<div style=\"margin-bottom:20px;\"><img width=\"2560\" height=\"1706\"src=\"https:\/\/i0.wp.com\/www.guinee7.com\/wp-content\/uploads\/2025\/10\/IMG-20251009-WA0039.jpg?w=2560&amp;ssl=1\" class=\"attachment-post-thumbnail size-post-thumbnail wp-post-image\" alt=\"\" decoding=\"async\" loading=\"lazy\" srcset=\"https:\/\/i0.wp.com\/www.guinee7.com\/wp-content\/uploads\/2025\/10\/IMG-20251009-WA0039.jpg?w=2560&amp;ssl=1 2560w, https:\/\/i0.wp.com\/www.guinee7.com\/wp-content\/uploads\/2025\/10\/IMG-20251009-WA0039.jpg?resize=300%2C200&amp;ssl=1 300w, https:\/\/i0.wp.com\/www.guinee7.com\/wp-content\/uploads\/2025\/10\/IMG-20251009-WA0039.jpg?resize=1024%2C682&amp;ssl=1 1024w, https:\/\/i0.wp.com\/www.guinee7.com\/wp-content\/uploads\/2025\/10\/IMG-20251009-WA0039.jpg?resize=768%2C512&amp;ssl=1 768w, https:\/\/i0.wp.com\/www.guinee7.com\/wp-content\/uploads\/2025\/10\/IMG-20251009-WA0039.jpg?resize=1536%2C1024&amp;ssl=1 1536w, https:\/\/i0.wp.com\/www.guinee7.com\/wp-content\/uploads\/2025\/10\/IMG-20251009-WA0039.jpg?resize=2048%2C1365&amp;ssl=1 2048w, https:\/\/i0.wp.com\/www.guinee7.com\/wp-content\/uploads\/2025\/10\/IMG-20251009-WA0039.jpg?w=2340&amp;ssl=1 2340w\" sizes=\"auto, (max-width: 2560px) 100vw, 2560px\"><\/div>\n<p><span style=\"font-size: 18px;\">L\u2019ambassade de France en Guin\u00e9e a pr\u00e9sent\u00e9 ce jeudi 9 octobre, \u00e0 Conakry, ses initiatives en faveur du d\u00e9veloppement des industries culturelles et cr\u00e9atives guin\u00e9ennes. La c\u00e9r\u00e9monie, pr\u00e9sid\u00e9e par l\u2019ambassadeur Luc Briard, s\u2019est tenue dans la salle de cin\u00e9ma du Centre culturel franco-guin\u00e9en (CCFG), en pr\u00e9sence du ministre de la Culture et de l\u2019Artisanat, Moussa Mo\u00efse Sylla, ainsi que de nombreux acteurs du secteur culturel.<\/span><\/p>\n<p><span style=\"font-size: 18px;\">Cette rencontre visait \u00e0 exposer les actions men\u00e9es par la France pour soutenir la formation, la production et la diffusion des talents guin\u00e9ens. \u00ab Nous avons ici la chance d\u2019avoir une maison de la jeunesse franco-guin\u00e9enne, qui est le CCFG. Il \u00e9tait important de disposer d\u2019outils pour former, accompagner et soutenir. Vous avez pu constater que, dans des domaines tels que l\u2019intelligence artificielle, le spectacle vivant, la musique, le cin\u00e9ma, mais aussi le patrimoine et la m\u00e9moire, nous mettons \u00e0 disposition des instruments permettant \u00e0 la jeunesse guin\u00e9enne d\u2019\u00e9crire, de produire et de raconter ses propres histoires \u00bb, a d\u00e9clar\u00e9 Luc Briard.<\/span><\/p>\n<p><img data-recalc-dims=\"1\" loading=\"lazy\" decoding=\"async\" class=\"alignnone wp-image-122763 size-full\"src=\"https:\/\/i0.wp.com\/www.guinee7.com\/wp-content\/uploads\/2025\/10\/IMG-20251009-WA0026.jpg?w=2560&amp;ssl=1\" alt=\"\" width=\"1170\" height=\"780\" srcset=\"https:\/\/i0.wp.com\/www.guinee7.com\/wp-content\/uploads\/2025\/10\/IMG-20251009-WA0026.jpg?w=2560&amp;ssl=1 2560w, https:\/\/i0.wp.com\/www.guinee7.com\/wp-content\/uploads\/2025\/10\/IMG-20251009-WA0026.jpg?resize=300%2C200&amp;ssl=1 300w, https:\/\/i0.wp.com\/www.guinee7.com\/wp-content\/uploads\/2025\/10\/IMG-20251009-WA0026.jpg?resize=1024%2C682&amp;ssl=1 1024w, https:\/\/i0.wp.com\/www.guinee7.com\/wp-content\/uploads\/2025\/10\/IMG-20251009-WA0026.jpg?resize=768%2C512&amp;ssl=1 768w, https:\/\/i0.wp.com\/www.guinee7.com\/wp-content\/uploads\/2025\/10\/IMG-20251009-WA0026.jpg?resize=1536%2C1024&amp;ssl=1 1536w, https:\/\/i0.wp.com\/www.guinee7.com\/wp-content\/uploads\/2025\/10\/IMG-20251009-WA0026.jpg?resize=2048%2C1365&amp;ssl=1 2048w, https:\/\/i0.wp.com\/www.guinee7.com\/wp-content\/uploads\/2025\/10\/IMG-20251009-WA0026.jpg?w=2340&amp;ssl=1 2340w\" sizes=\"auto, (max-width: 1170px) 100vw, 1170px\"><\/p>\n<p><span style=\"font-size: 18px;\">Dans le m\u00eame cadre, la France a inaugur\u00e9 une station d\u2019intelligence artificielle baptis\u00e9e \u00ab Institut fran\u00e7ais Guin\u00e9e (IA) \u00bb, implant\u00e9e au sein du CCFG. Ce nouvel espace ambitionne de faire de la Guin\u00e9e un acteur de la r\u00e9volution num\u00e9rique africaine. \u00ab C\u2019est une \u00e9vidence aujourd\u2019hui, il n\u2019y a aucune raison que l\u2019IA se d\u00e9veloppe ailleurs et pas en Guin\u00e9e. Avec Oumar Camara, nous avons constat\u00e9 qu\u2019en Afrique, la Guin\u00e9e a d\u00e9j\u00e0 amorc\u00e9 quelque chose d\u2019int\u00e9ressant dans ce domaine. L\u2019objectif, c\u2019est d\u2019\u00eatre demain au sommet de la connaissance et de la compr\u00e9hension de ce qu\u2019est l\u2019intelligence artificielle \u00bb, a expliqu\u00e9 S\u00e9bastien Vitter, directeur de l\u2019Institut fran\u00e7ais de Guin\u00e9e.<\/span><\/p>\n<p><img data-recalc-dims=\"1\" loading=\"lazy\" decoding=\"async\" class=\"alignnone wp-image-122764 size-full\"src=\"https:\/\/i0.wp.com\/www.guinee7.com\/wp-content\/uploads\/2025\/10\/IMG-20251009-WA0028.jpg?w=2560&amp;ssl=1\" alt=\"\" width=\"1170\" height=\"780\" srcset=\"https:\/\/i0.wp.com\/www.guinee7.com\/wp-content\/uploads\/2025\/10\/IMG-20251009-WA0028.jpg?w=2560&amp;ssl=1 2560w, https:\/\/i0.wp.com\/www.guinee7.com\/wp-content\/uploads\/2025\/10\/IMG-20251009-WA0028.jpg?resize=300%2C200&amp;ssl=1 300w, https:\/\/i0.wp.com\/www.guinee7.com\/wp-content\/uploads\/2025\/10\/IMG-20251009-WA0028.jpg?resize=1024%2C682&amp;ssl=1 1024w, https:\/\/i0.wp.com\/www.guinee7.com\/wp-content\/uploads\/2025\/10\/IMG-20251009-WA0028.jpg?resize=768%2C512&amp;ssl=1 768w, https:\/\/i0.wp.com\/www.guinee7.com\/wp-content\/uploads\/2025\/10\/IMG-20251009-WA0028.jpg?resize=1536%2C1024&amp;ssl=1 1536w, https:\/\/i0.wp.com\/www.guinee7.com\/wp-content\/uploads\/2025\/10\/IMG-20251009-WA0028.jpg?resize=2048%2C1365&amp;ssl=1 2048w, https:\/\/i0.wp.com\/www.guinee7.com\/wp-content\/uploads\/2025\/10\/IMG-20251009-WA0028.jpg?w=2340&amp;ssl=1 2340w\" sizes=\"auto, (max-width: 1170px) 100vw, 1170px\"><\/p>\n<p><span style=\"font-size: 18px;\">Il a pr\u00e9cis\u00e9 que tout le mat\u00e9riel n\u00e9cessaire avait \u00e9t\u00e9 install\u00e9 et les licences obtenues avant le lancement : \u00ab L\u2019id\u00e9e, c\u2019est d\u2019exp\u00e9rimenter ensemble des solutions pour trouver des r\u00e9ponses guin\u00e9ennes. Il ne s\u2019agit pas d\u2019imposer un mod\u00e8le occidental ou asiatique, mais de travailler pour et avec la jeunesse guin\u00e9enne \u00bb, a-t-il ajout\u00e9.<\/span><\/p>\n<p><img data-recalc-dims=\"1\" loading=\"lazy\" decoding=\"async\" class=\"alignnone wp-image-122765 size-full\"src=\"https:\/\/i0.wp.com\/www.guinee7.com\/wp-content\/uploads\/2025\/10\/IMG-20251009-WA0035.jpg?w=2560&amp;ssl=1\" alt=\"\" width=\"1170\" height=\"780\" srcset=\"https:\/\/i0.wp.com\/www.guinee7.com\/wp-content\/uploads\/2025\/10\/IMG-20251009-WA0035.jpg?w=2560&amp;ssl=1 2560w, https:\/\/i0.wp.com\/www.guinee7.com\/wp-content\/uploads\/2025\/10\/IMG-20251009-WA0035.jpg?resize=300%2C200&amp;ssl=1 300w, https:\/\/i0.wp.com\/www.guinee7.com\/wp-content\/uploads\/2025\/10\/IMG-20251009-WA0035.jpg?resize=1024%2C682&amp;ssl=1 1024w, https:\/\/i0.wp.com\/www.guinee7.com\/wp-content\/uploads\/2025\/10\/IMG-20251009-WA0035.jpg?resize=768%2C512&amp;ssl=1 768w, https:\/\/i0.wp.com\/www.guinee7.com\/wp-content\/uploads\/2025\/10\/IMG-20251009-WA0035.jpg?resize=1536%2C1024&amp;ssl=1 1536w, https:\/\/i0.wp.com\/www.guinee7.com\/wp-content\/uploads\/2025\/10\/IMG-20251009-WA0035.jpg?resize=2048%2C1365&amp;ssl=1 2048w, https:\/\/i0.wp.com\/www.guinee7.com\/wp-content\/uploads\/2025\/10\/IMG-20251009-WA0035.jpg?w=2340&amp;ssl=1 2340w\" sizes=\"auto, (max-width: 1170px) 100vw, 1170px\"><\/p>\n<p><span style=\"font-size: 18px;\">Pour sa part, Oumar Camara, co-initiateur du projet, a insist\u00e9 sur la dimension inclusive de l\u2019initiative : \u00ab C\u2019est un espace ouvert o\u00f9 nous organiserons des sessions de sensibilisation, de formation, des \u00e9v\u00e9nements et des concours. Le but, c\u2019est que la jeunesse se confronte, se challenge, innove. Et pas seulement la jeunesse, les d\u00e9cideurs, les m\u00e9dias, les enseignants sont aussi concern\u00e9s. \u00bb Il a \u00e9galement rappel\u00e9 l\u2019urgence pour la Guin\u00e9e de s\u2019adapter \u00e0 la r\u00e9volution num\u00e9rique : \u00ab Nous faisons face \u00e0 un bouleversement global dans l\u2019\u00e9ducation, la sant\u00e9, la culture et le march\u00e9 du travail. L\u2019Internet avait mis treize ans pour atteindre 800 millions d\u2019utilisateurs ; l\u2019IA a franchi ce cap en seulement deux ans. C\u2019est une r\u00e9volution, et il est urgent que la jeunesse guin\u00e9enne s\u2019approprie cet outil. \u00bb<\/span><\/p>\n<p>\u00a0<\/p>\n<p><img data-recalc-dims=\"1\" loading=\"lazy\" decoding=\"async\" class=\"alignnone wp-image-122766 size-full\"src=\"https:\/\/i0.wp.com\/www.guinee7.com\/wp-content\/uploads\/2025\/10\/IMG-20251009-WA0022.jpg?w=2560&amp;ssl=1\" alt=\"\" width=\"1170\" height=\"780\" srcset=\"https:\/\/i0.wp.com\/www.guinee7.com\/wp-content\/uploads\/2025\/10\/IMG-20251009-WA0022.jpg?w=2560&amp;ssl=1 2560w, https:\/\/i0.wp.com\/www.guinee7.com\/wp-content\/uploads\/2025\/10\/IMG-20251009-WA0022.jpg?resize=300%2C200&amp;ssl=1 300w, https:\/\/i0.wp.com\/www.guinee7.com\/wp-content\/uploads\/2025\/10\/IMG-20251009-WA0022.jpg?resize=1024%2C682&amp;ssl=1 1024w, https:\/\/i0.wp.com\/www.guinee7.com\/wp-content\/uploads\/2025\/10\/IMG-20251009-WA0022.jpg?resize=768%2C512&amp;ssl=1 768w, https:\/\/i0.wp.com\/www.guinee7.com\/wp-content\/uploads\/2025\/10\/IMG-20251009-WA0022.jpg?resize=1536%2C1024&amp;ssl=1 1536w, https:\/\/i0.wp.com\/www.guinee7.com\/wp-content\/uploads\/2025\/10\/IMG-20251009-WA0022.jpg?resize=2048%2C1365&amp;ssl=1 2048w, https:\/\/i0.wp.com\/www.guinee7.com\/wp-content\/uploads\/2025\/10\/IMG-20251009-WA0022.jpg?w=2340&amp;ssl=1 2340w\" sizes=\"auto, (max-width: 1170px) 100vw, 1170px\"><\/p>\n<p><span style=\"font-size: 18px;\">De son c\u00f4t\u00e9, le ministre Moussa Mo\u00efse Sylla a salu\u00e9 \u00ab les efforts constants de la France dans le d\u00e9veloppement du secteur culturel guin\u00e9en \u00bb. Il a tenu \u00e0 souligner le r\u00f4le de l\u2019ambassadeur Luc Briard dans le soutien au rayonnement des industries culturelles locales : \u00ab Monsieur l\u2019ambassadeur de France en Guin\u00e9e fournit d\u2019importants efforts pour la recherche de financements, l\u2019accompagnement et la formation au b\u00e9n\u00e9fice de nos jeunes entrepreneurs culturels et de nos artistes, dans divers domaines tels que le cin\u00e9ma ou la mode. \u00bb<\/span><\/p>\n<p><span style=\"font-size: 18px;\">Le ministre a \u00e9galement formul\u00e9 une requ\u00eate particuli\u00e8re : \u00ab Nous avons exprim\u00e9 le souhait que le prochain appui du Fonds \u00c9quipe France soit d\u00e9di\u00e9 au secteur de la musique. Ce domaine, bien que tr\u00e8s lib\u00e9ral, comporte des aspects essentiels que nous souhaitons dynamiser afin que nos artistes et musiciens b\u00e9n\u00e9ficient de tout l\u2019accompagnement dont ils ont besoin. \u00bb<\/span><\/p>\n<p><span style=\"font-size: 18px;\">La c\u00e9r\u00e9monie s\u2019est achev\u00e9e par plusieurs panels interactifs anim\u00e9s par des acteurs culturels guin\u00e9ens ayant b\u00e9n\u00e9fici\u00e9 de l\u2019appui de l\u2019ambassade de France, illustrant la vitalit\u00e9 d\u2019une coop\u00e9ration culturelle d\u00e9sormais \u00e9largie \u00e0 l\u2019intelligence artificielle et \u00e0 l\u2019innovation num\u00e9rique.<\/span><\/p>\n<p><strong><span style=\"font-size: 18px;\">Abdoul Lory Sylla pour guinee7.com<\/span><\/strong><!--\/data\/user\/0\/com.samsung.android.app.notes\/files\/clipdata\/clipdata_bodytext_251009_185717_700.sdocx--><\/p>\n<p>L\u2019article <a href=\"https:\/\/www.guinee7.com\/2025\/10\/09\/guinee-un-nouveau-souffle-pour-la-culture-grace-au-soutien-francais\/\">Guin\u00e9e : un nouveau souffle pour la culture gr\u00e2ce au soutien fran\u00e7ais<\/a> est apparu en premier sur <a href=\"https:\/\/www.guinee7.com\/\">Guinee7.com<\/a>.<\/p>\n<\/div>\n","protected":false},"excerpt":{"rendered":"<p>L\u2019ambassade de France en Guin\u00e9e a pr\u00e9sent\u00e9 ce jeudi 9 octobre, \u00e0 Conakry, ses initiatives en faveur du d\u00e9veloppement des industries culturelles et cr\u00e9atives guin\u00e9ennes. La c\u00e9r\u00e9monie, pr\u00e9sid\u00e9e par l\u2019ambassadeur Luc Briard, s\u2019est tenue dans la salle de cin\u00e9ma du Centre culturel franco-guin\u00e9en (CCFG), en pr\u00e9sence du ministre de la Culture et de l\u2019Artisanat, Moussa &hellip;<\/p>\n","protected":false},"author":1,"featured_media":0,"comment_status":"closed","ping_status":"closed","sticky":false,"template":"","format":"standard","meta":{"footnotes":""},"categories":[2],"tags":[22],"_links":{"self":[{"href":"https:\/\/sn.ambaguinee.org\/index.php?rest_route=\/wp\/v2\/posts\/85701"}],"collection":[{"href":"https:\/\/sn.ambaguinee.org\/index.php?rest_route=\/wp\/v2\/posts"}],"about":[{"href":"https:\/\/sn.ambaguinee.org\/index.php?rest_route=\/wp\/v2\/types\/post"}],"author":[{"embeddable":true,"href":"https:\/\/sn.ambaguinee.org\/index.php?rest_route=\/wp\/v2\/users\/1"}],"replies":[{"embeddable":true,"href":"https:\/\/sn.ambaguinee.org\/index.php?rest_route=%2Fwp%2Fv2%2Fcomments&post=85701"}],"version-history":[{"count":0,"href":"https:\/\/sn.ambaguinee.org\/index.php?rest_route=\/wp\/v2\/posts\/85701\/revisions"}],"wp:attachment":[{"href":"https:\/\/sn.ambaguinee.org\/index.php?rest_route=%2Fwp%2Fv2%2Fmedia&parent=85701"}],"wp:term":[{"taxonomy":"category","embeddable":true,"href":"https:\/\/sn.ambaguinee.org\/index.php?rest_route=%2Fwp%2Fv2%2Fcategories&post=85701"},{"taxonomy":"post_tag","embeddable":true,"href":"https:\/\/sn.ambaguinee.org\/index.php?rest_route=%2Fwp%2Fv2%2Ftags&post=85701"}],"curies":[{"name":"wp","href":"https:\/\/api.w.org\/{rel}","templated":true}]}}