{"id":85821,"date":"2025-10-13T23:19:01","date_gmt":"2025-10-13T21:19:01","guid":{"rendered":"https:\/\/sn.ambaguinee.org\/?p=85821"},"modified":"2025-10-13T23:19:01","modified_gmt":"2025-10-13T21:19:01","slug":"guinee-ibrahima-sory-diallo-accuse-bah-oury-de-pietiner-le-dialogue","status":"publish","type":"post","link":"https:\/\/sn.ambaguinee.org\/?p=85821","title":{"rendered":"Guin\u00e9e : Ibrahima Sory Diallo accuse Bah Oury de \u00ab pi\u00e9tiner le dialogue \u00bb"},"content":{"rendered":"<div>\n<div style=\"margin-bottom:20px;\"><img width=\"1080\" height=\"604\"src=\"https:\/\/i0.wp.com\/www.guinee7.com\/wp-content\/uploads\/2025\/10\/IMG-20251013-WA0024.jpg?w=1080&amp;ssl=1\" class=\"attachment-post-thumbnail size-post-thumbnail wp-post-image\" alt=\"\" decoding=\"async\" srcset=\"https:\/\/i0.wp.com\/www.guinee7.com\/wp-content\/uploads\/2025\/10\/IMG-20251013-WA0024.jpg?w=1080&amp;ssl=1 1080w, https:\/\/i0.wp.com\/www.guinee7.com\/wp-content\/uploads\/2025\/10\/IMG-20251013-WA0024.jpg?resize=300%2C168&amp;ssl=1 300w, https:\/\/i0.wp.com\/www.guinee7.com\/wp-content\/uploads\/2025\/10\/IMG-20251013-WA0024.jpg?resize=1024%2C573&amp;ssl=1 1024w, https:\/\/i0.wp.com\/www.guinee7.com\/wp-content\/uploads\/2025\/10\/IMG-20251013-WA0024.jpg?resize=768%2C430&amp;ssl=1 768w\" sizes=\"(max-width: 1080px) 100vw, 1080px\"><\/div>\n<p><span style=\"font-size: 18px;\">Lors d\u2019une sortie m\u00e9diatique, Ibrahima Sory Diallo, coordinateur de l\u2019Union des forces vives de Guin\u00e9e (US-FVG), a exprim\u00e9 son m\u00e9contentement face \u00e0 l\u2019arr\u00eat du dialogue politique dans le pays. Il a point\u00e9 du doigt l\u2019actuel Premier ministre, Amadou Oury Bah, qu\u2019il accuse d\u2019\u00eatre \u00e0 l\u2019origine de ce blocage.<\/span><\/p>\n<p><span style=\"font-size: 18px;\">D\u2019entr\u00e9e de jeu, le leader politique a d\u00e9clar\u00e9 : \u00ab Depuis que le CNRD est venu, on s\u2019est mis directement \u00e0 leur service pour participer au dialogue. Beaucoup d\u2019acteurs politiques \u00e0 l\u2019\u00e9poque. C\u2019\u00e9tait nos amis, ils \u00e9taient dans l\u2019ANAD. Ils nous ont dit : \u00ab Non non, vous \u00eates des vendus, vous ne pouvez pas accepter d\u2019aller au dialogue. Mais nous, on dit, venez dialoguer. C\u2019est notre pays (\u2026) vers la fin, ils ont tir\u00e9 des le\u00e7ons et ils sont venus. Nous sommes pass\u00e9s au dialogue. \u00bb<\/span><\/p>\n<p><span style=\"font-size: 18px;\">Selon lui, ce processus a \u00e9t\u00e9 interrompu depuis l\u2019arriv\u00e9e du Premier ministre actuel : \u00ab ce dialogue est interrompu depuis l\u2019arriv\u00e9e de l\u2019actuel Premier ministre. Il faut le rappeler, l\u2019actuel Premier ministre qui est venu des politiques a pi\u00e9tin\u00e9 le dialogue. \u00c7a, il faut le reconna\u00eetre. Si aujourd\u2019hui il y a des probl\u00e8mes en Guin\u00e9e, le probl\u00e8me de la transition, il en est responsable. Parce que c\u2019est lui qui est venu. \u00bb<\/span><\/p>\n<p><span style=\"font-size: 18px;\">Le coordinateur de l\u2019US-FVG rappelle que le dialogue avait \u00e9t\u00e9 initi\u00e9 sous l\u2019impulsion de la soci\u00e9t\u00e9 civile : \u00ab Un acteur de la soci\u00e9t\u00e9 civile, qui est Monsieur Goumou, qui a pris le courage d\u2019aller vers les si\u00e8ges de tous les partis politiques avec les braves dames facilitatrices pour nous inviter au dialogue. On est venus. \u00bb<\/span><\/p>\n<p><span style=\"font-size: 18px;\">Poursuivant, il critique l\u2019attitude du Premier ministre, qu\u2019il accuse d\u2019avoir reni\u00e9 ses anciennes positions : \u00ab Un politique qui disait hier : rien ne va, le CNRD ce n\u2019est pas bon. Il vient Premier ministre, il pi\u00e9tine le dialogue. Vous dire que par endroit, nous, les politiques, on est responsables de ce qui est en train de se passer dans le pays. Si c\u2019\u00e9tait un acteur de la soci\u00e9t\u00e9 civile qui avait fait \u00e7a, on allait dire que la soci\u00e9t\u00e9 civile est vendue. Mais c\u2019est un acteur qui n\u2019est pas loin, qui a quand m\u00eame appartenu \u00e0 toutes les dynamiques. Si on parle de l\u2019histoire qui s\u2019est tenue ici pendant Dadis, c\u2019\u00e9tait les acteurs majeurs, c\u2019\u00e9tait les organisateurs. Aujourd\u2019hui, il est Premier ministre. Il devait quand m\u00eame \u00e9viter les erreurs du pass\u00e9. \u00bb<\/span><\/p>\n<p><span style=\"font-size: 18px;\">Ibrahima Sory Diallo d\u00e9plore \u00e9galement la m\u00e9thode de communication du chef du gouvernement : \u00ab Mais il est pass\u00e9 outre les dialogues et il a pr\u00e9f\u00e9r\u00e9 aller vers des annonces publiques pour nous informer. (\u2026) Mais ce n\u2019est pas des annonces comme \u00e7a qui peuvent construire le pays. \u00bb<\/span><\/p>\n<p><span style=\"font-size: 18px;\">Enfin, il a interpell\u00e9 les civils occupant des postes de responsabilit\u00e9 dans la transition : \u00ab Aujourd\u2019hui, les militaires sont ensemble. Ils ont pris le pouvoir et sont en train de conduire. Ils ont invit\u00e9 les civils pour \u00eatre aux postes de commande. Les 99 %, je veux dire des postes, sont occup\u00e9s par des civils aujourd\u2019hui dans l\u2019administration publique. Mais ce sont ces civils-l\u00e0 qui doivent prendre aussi leurs responsabilit\u00e9s \u00e0 bien faire pour que la transition se passe dans les conditions normales. \u00bb<\/span><\/p>\n<p><strong><span style=\"font-size: 18px;\">Abdoul Lory Sylla pour guinee7.com<\/span><\/strong><!--\/data\/user\/0\/com.samsung.android.app.notes\/files\/clipdata\/clipdata_bodytext_251013_162933_564.sdocx--><\/p>\n<p>L\u2019article <a href=\"https:\/\/www.guinee7.com\/2025\/10\/13\/guinee-ibrahima-sory-diallo-accuse-bah-oury-de-pietiner-le-dialogue\/\">Guin\u00e9e : Ibrahima Sory Diallo accuse Bah Oury de \u00ab pi\u00e9tiner le dialogue \u00bb<\/a> est apparu en premier sur <a href=\"https:\/\/www.guinee7.com\/\">Guinee7.com<\/a>.<\/p>\n<\/div>\n","protected":false},"excerpt":{"rendered":"<p>Lors d\u2019une sortie m\u00e9diatique, Ibrahima Sory Diallo, coordinateur de l\u2019Union des forces vives de Guin\u00e9e (US-FVG), a exprim\u00e9 son m\u00e9contentement face \u00e0 l\u2019arr\u00eat du dialogue politique dans le pays. Il a point\u00e9 du doigt l\u2019actuel Premier ministre, Amadou Oury Bah, qu\u2019il accuse d\u2019\u00eatre \u00e0 l\u2019origine de ce blocage. D\u2019entr\u00e9e de jeu, le leader politique a &hellip;<\/p>\n","protected":false},"author":1,"featured_media":0,"comment_status":"closed","ping_status":"closed","sticky":false,"template":"","format":"standard","meta":{"footnotes":""},"categories":[2],"tags":[22],"_links":{"self":[{"href":"https:\/\/sn.ambaguinee.org\/index.php?rest_route=\/wp\/v2\/posts\/85821"}],"collection":[{"href":"https:\/\/sn.ambaguinee.org\/index.php?rest_route=\/wp\/v2\/posts"}],"about":[{"href":"https:\/\/sn.ambaguinee.org\/index.php?rest_route=\/wp\/v2\/types\/post"}],"author":[{"embeddable":true,"href":"https:\/\/sn.ambaguinee.org\/index.php?rest_route=\/wp\/v2\/users\/1"}],"replies":[{"embeddable":true,"href":"https:\/\/sn.ambaguinee.org\/index.php?rest_route=%2Fwp%2Fv2%2Fcomments&post=85821"}],"version-history":[{"count":0,"href":"https:\/\/sn.ambaguinee.org\/index.php?rest_route=\/wp\/v2\/posts\/85821\/revisions"}],"wp:attachment":[{"href":"https:\/\/sn.ambaguinee.org\/index.php?rest_route=%2Fwp%2Fv2%2Fmedia&parent=85821"}],"wp:term":[{"taxonomy":"category","embeddable":true,"href":"https:\/\/sn.ambaguinee.org\/index.php?rest_route=%2Fwp%2Fv2%2Fcategories&post=85821"},{"taxonomy":"post_tag","embeddable":true,"href":"https:\/\/sn.ambaguinee.org\/index.php?rest_route=%2Fwp%2Fv2%2Ftags&post=85821"}],"curies":[{"name":"wp","href":"https:\/\/api.w.org\/{rel}","templated":true}]}}