{"id":85888,"date":"2025-10-15T23:59:35","date_gmt":"2025-10-15T21:59:35","guid":{"rendered":"https:\/\/sn.ambaguinee.org\/?p=85888"},"modified":"2025-10-15T23:59:35","modified_gmt":"2025-10-15T21:59:35","slug":"cinema-guineen-lonacig-et-le-fif-awards-unissent-leurs-forces-pour-promouvoir-le-7%e1%b5%89-art","status":"publish","type":"post","link":"https:\/\/sn.ambaguinee.org\/?p=85888","title":{"rendered":"Cin\u00e9ma guin\u00e9en. L\u2019ONACIG et le FIF Awards unissent leurs forces pour promouvoir le 7\u1d49 art"},"content":{"rendered":"<div>\n<div style=\"margin-bottom:20px;\"><img width=\"1280\" height=\"960\"src=\"https:\/\/i0.wp.com\/www.guinee7.com\/wp-content\/uploads\/2025\/10\/IMG-20251015-WA0007.jpg?w=1280&amp;ssl=1\" class=\"attachment-post-thumbnail size-post-thumbnail wp-post-image\" alt=\"\" decoding=\"async\" loading=\"lazy\" srcset=\"https:\/\/i0.wp.com\/www.guinee7.com\/wp-content\/uploads\/2025\/10\/IMG-20251015-WA0007.jpg?w=1280&amp;ssl=1 1280w, https:\/\/i0.wp.com\/www.guinee7.com\/wp-content\/uploads\/2025\/10\/IMG-20251015-WA0007.jpg?resize=300%2C225&amp;ssl=1 300w, https:\/\/i0.wp.com\/www.guinee7.com\/wp-content\/uploads\/2025\/10\/IMG-20251015-WA0007.jpg?resize=1024%2C768&amp;ssl=1 1024w, https:\/\/i0.wp.com\/www.guinee7.com\/wp-content\/uploads\/2025\/10\/IMG-20251015-WA0007.jpg?resize=768%2C576&amp;ssl=1 768w, https:\/\/i0.wp.com\/www.guinee7.com\/wp-content\/uploads\/2025\/10\/IMG-20251015-WA0007.jpg?resize=86%2C64&amp;ssl=1 86w\" sizes=\"auto, (max-width: 1280px) 100vw, 1280px\"><\/div>\n<p><span style=\"font-size: 18px;\">L\u2019Office national du cin\u00e9ma, de la vid\u00e9o et de la photographie de Guin\u00e9e (ONACIG) et la Soci\u00e9t\u00e9 g\u00e9n\u00e9rale du cin\u00e9ma et de la musique, organisatrice du Festival international du film (FIF Awards), ont officialis\u00e9 un partenariat ce mercredi \u00e0 Conakry. Cet accord marque une nouvelle \u00e9tape dans la promotion du cin\u00e9ma guin\u00e9en et la valorisation du patrimoine culturel national \u00e0 travers un festival d\u2019envergure internationale.<\/span><\/p>\n<p><span style=\"font-size: 18px;\">Pour Amara Traor\u00e9, directeur g\u00e9n\u00e9ral de l\u2019ONACIG, cette collaboration est porteuse d\u2019espoir pour tout le secteur : \u00ab Aujourd\u2019hui, c\u2019est une joie pour moi et pour l\u2019Office national du cin\u00e9ma, de la vid\u00e9o, de la photographie de signer ce partenariat avec Soci\u00e9t\u00e9 g\u00e9n\u00e9rale du cin\u00e9ma, de la musique, qui sont l\u2019organisateur du Festival FIF Award, la 3\u1d49 \u00e9dition qui arrive. C\u2019est un festival que nous connaissons, qui met de la lumi\u00e8re sur le 7\u1d49 art de la R\u00e9publique de Guin\u00e9e. Donc cl\u00f4turer cette belle rencontre qui va nous permettre d\u2019avoir un festival aussi de grande taille. Pour nous c\u2019est une tr\u00e8s belle conclusion. Donc nous sommes contents d\u2019apporter \u00e7a \u00e0 la R\u00e9publique de Guin\u00e9e. \u00bb<\/span><\/p>\n<p><span style=\"font-size: 18px;\">Le directeur g\u00e9n\u00e9ral a d\u00e9taill\u00e9 les engagements pris par son institution : \u00ab Les engagements, c\u2019est bien \u00e9videmment l\u2019accompagnement institutionnel, l\u2019accompagnement technique et la promotion de ce festival sur le territoire guin\u00e9en mais aussi au-del\u00e0. Et nous nous sommes engag\u00e9s aupr\u00e8s des organisateurs du FIF \u00e0 ce que nous puissions donner de l\u2019ampleur, \u00eatre pr\u00e9sents, participer \u00e0 la s\u00e9lection des films qui vont passer. Mais aussi ils se sont engag\u00e9s \u00e0 mettre \u00e0 profit les films guin\u00e9ens qui vont \u00eatre cette fois-ci tr\u00e8s vus pendant le festival, mais aussi tr\u00e8s diffus\u00e9s dans tous les espaces qui seront mis \u00e0 profit pour pouvoir faire la promotion du cin\u00e9ma guin\u00e9en. \u00bb<\/span><\/p>\n<p><span style=\"font-size: 18px;\">Amara Traor\u00e9 a \u00e9galement annonc\u00e9 la cr\u00e9ation d\u2019une commission d\u00e9di\u00e9e \u00e0 la mise en \u0153uvre du partenariat : \u00ab Nous allons mettre en place une commission qui va travailler sur l\u2019essentiel. L\u2019essentiel c\u2019est quoi ? Revoir le TDR, voir les acteurs qui doivent venir avec nous parce que d\u00e9j\u00e0 nous devenons un d\u00e8s apr\u00e8s la signature de ce contrat. Donc nous allons d\u00e9marcher des partenaires, des sponsors mais aussi des m\u00e9c\u00e8nes qui pourront contribuer \u00e0 ce que ce festival ait de l\u2019ampleur. Nous allons, nous en tant qu\u2019ONACIG, d\u00e9marcher les institutions d\u2019\u00c9tat pour qu\u2019ils puissent \u00eatre aux c\u00f4t\u00e9s de ce festival, voir apporter ce qu\u2019ils peuvent pour que le festival puisse prendre de l\u2019ampleur. \u00bb<\/span><\/p>\n<p><span style=\"font-size: 18px;\">Concernant les aspects techniques, le DG pr\u00e9cise : \u00ab Comme nous avons une division cin\u00e9ma photo qui a une section cin\u00e9ma 100 %, la programmation, nous allons travailler avec l\u2019\u00e9quipe technique de la Soci\u00e9t\u00e9 g\u00e9n\u00e9rale du cin\u00e9ma et de la musique pour la s\u00e9lection des films, pour voir les emplacements qui sont bons pour la projection, mais aussi la s\u00e9lection des films qui viendront peut-\u00eatre de l\u2019international. Entre-temps, l\u2019\u00e9quipe d\u2019organisation pour la r\u00e9ception et autres, on va r\u00e9fl\u00e9chir. Nous savons que le FIF quand m\u00eame fait aussi grand, souvent envoie les internationaux chez nous. Les acteurs et actrices de cin\u00e9ma de l\u2019international viennent souvent chez nous \u00e0 travers leur festival, donc il faudrait mettre en place une tr\u00e8s belle r\u00e9ception mais aussi les faire tourner en R\u00e9publique de Guin\u00e9e pour qu\u2019ils puissent d\u00e9couvrir les sites. Pourquoi pas. \u00bb<\/span><\/p>\n<p><span style=\"font-size: 18px;\">De son c\u00f4t\u00e9, Dalanda Kimbely Diallo, vice-pr\u00e9sidente du FIF Awards, a salu\u00e9 la signature de cette convention et soulign\u00e9 son importance pour la r\u00e9ussite du festival : \u00ab Je tiens \u00e0 remercier l\u2019ONACIG pour ce partenariat et on est tr\u00e8s contents. Parce que ce partenariat a une importance cruciale dans l\u2019organisation de ce festival, comme l\u2019a signifi\u00e9 tout \u00e0 l\u2019heure le DG de l\u2019ONACIG. Cela, \u00e7a nous a permis de signer. Premi\u00e8rement parce qu\u2019on est dans la r\u00e8gle. Comme il a dit, on fait les choses dans la r\u00e8gle de l\u2019art. Et je profite de l\u2019occasion pour dire \u00e0 tous nos autres confr\u00e8res qui sont dans le milieu cin\u00e9matographique, vraiment, d\u2019essayer d\u2019\u00eatre en r\u00e8gle pour que nous puissions tous ensemble hisser le cin\u00e9ma guin\u00e9en et venir collaborer avec l\u2019ONACIG qui nous a prouv\u00e9 via cette convention qu\u2019ils sont l\u00e0, ils sont pr\u00eats \u00e0 nous accompagner, que \u00e7a soit institutionnellement et tout ce qu\u2019ils sont capables de faire pour que le cin\u00e9ma guin\u00e9en avance. Donc vraiment c\u2019est une joie pour moi et mon \u00e9quipe aujourd\u2019hui. \u00bb<\/span><\/p>\n<p><span style=\"font-size: 18px;\">Elle a rappel\u00e9 que le Festival international du film Awards est un \u00e9v\u00e9nement d\u2019envergure mondiale : \u00ab Comme le nom dit, le Festival international du film Awards est un festival international repr\u00e9sent\u00e9 dans les 5 continents et dans 18 pays d\u00e9l\u00e9gu\u00e9s du monde de l\u2019Afrique. Donc c\u2019est un festival qui rassemble chaque ann\u00e9e des c\u00e9l\u00e9brit\u00e9s venant de partout, de l\u2019Europe, de l\u2019Asie, de l\u2019Am\u00e9rique, de l\u2019Afrique. Et ce rendez-vous ne se passe nulle part ailleurs si ce n\u2019est en R\u00e9publique de Guin\u00e9e. L\u2019objectif du festival, c\u2019est de promouvoir le cin\u00e9ma guin\u00e9en, la culture guin\u00e9enne, mettre en avant le rouge, le jaune, le vert dans le milieu cin\u00e9matographique. \u00bb<\/span><\/p>\n<p><span style=\"font-size: 18px;\">La 3\u1d49 \u00e9dition du FIF Awards se tiendra du 11 au 13 d\u00e9cembre prochain en Guin\u00e9e, et promet d\u2019\u00eatre un rendez-vous majeur pour les acteurs du cin\u00e9ma national et international.<\/span><\/p>\n<p><strong><span style=\"font-size: 18px;\">Abdoul Lory Sylla pour guinee7.com<\/span><\/strong><!--\/data\/user\/0\/com.samsung.android.app.notes\/files\/clipdata\/clipdata_bodytext_251015_085103_063.sdocx--><\/p>\n<p>L\u2019article <a href=\"https:\/\/www.guinee7.com\/2025\/10\/15\/cinema-guineen-lonacig-et-le-fif-awards-unissent-leurs-forces-pour-promouvoir-le-7%E1%B5%89-art\/\">Cin\u00e9ma guin\u00e9en. L\u2019ONACIG et le FIF Awards unissent leurs forces pour promouvoir le 7\u1d49 art<\/a> est apparu en premier sur <a href=\"https:\/\/www.guinee7.com\/\">Guinee7.com<\/a>.<\/p>\n<\/div>\n","protected":false},"excerpt":{"rendered":"<p>L\u2019Office national du cin\u00e9ma, de la vid\u00e9o et de la photographie de Guin\u00e9e (ONACIG) et la Soci\u00e9t\u00e9 g\u00e9n\u00e9rale du cin\u00e9ma et de la musique, organisatrice du Festival international du film (FIF Awards), ont officialis\u00e9 un partenariat ce mercredi \u00e0 Conakry. Cet accord marque une nouvelle \u00e9tape dans la promotion du cin\u00e9ma guin\u00e9en et la valorisation &hellip;<\/p>\n","protected":false},"author":1,"featured_media":0,"comment_status":"closed","ping_status":"closed","sticky":false,"template":"","format":"standard","meta":{"footnotes":""},"categories":[2],"tags":[22],"_links":{"self":[{"href":"https:\/\/sn.ambaguinee.org\/index.php?rest_route=\/wp\/v2\/posts\/85888"}],"collection":[{"href":"https:\/\/sn.ambaguinee.org\/index.php?rest_route=\/wp\/v2\/posts"}],"about":[{"href":"https:\/\/sn.ambaguinee.org\/index.php?rest_route=\/wp\/v2\/types\/post"}],"author":[{"embeddable":true,"href":"https:\/\/sn.ambaguinee.org\/index.php?rest_route=\/wp\/v2\/users\/1"}],"replies":[{"embeddable":true,"href":"https:\/\/sn.ambaguinee.org\/index.php?rest_route=%2Fwp%2Fv2%2Fcomments&post=85888"}],"version-history":[{"count":0,"href":"https:\/\/sn.ambaguinee.org\/index.php?rest_route=\/wp\/v2\/posts\/85888\/revisions"}],"wp:attachment":[{"href":"https:\/\/sn.ambaguinee.org\/index.php?rest_route=%2Fwp%2Fv2%2Fmedia&parent=85888"}],"wp:term":[{"taxonomy":"category","embeddable":true,"href":"https:\/\/sn.ambaguinee.org\/index.php?rest_route=%2Fwp%2Fv2%2Fcategories&post=85888"},{"taxonomy":"post_tag","embeddable":true,"href":"https:\/\/sn.ambaguinee.org\/index.php?rest_route=%2Fwp%2Fv2%2Ftags&post=85888"}],"curies":[{"name":"wp","href":"https:\/\/api.w.org\/{rel}","templated":true}]}}