{"id":8591,"date":"2021-05-23T23:00:52","date_gmt":"2021-05-23T21:00:52","guid":{"rendered":"https:\/\/sn.ambaguinee.org\/?p=8591"},"modified":"2021-05-23T23:00:52","modified_gmt":"2021-05-23T21:00:52","slug":"telecoms-orange-guinee-realise-la-2e-edition-du-digital-talk","status":"publish","type":"post","link":"https:\/\/sn.ambaguinee.org\/?p=8591","title":{"rendered":"T\u00e9l\u00e9coms\/ Orange Guin\u00e9e r\u00e9alise la 2\u00e8 \u00e9dition du \u00ab Digital talk \u00bb"},"content":{"rendered":"<div>\n<p>La deuxi\u00e8me \u00e9dition du Digital-talk organis\u00e9e par la soci\u00e9t\u00e9 de t\u00e9l\u00e9phonie Orange Guin\u00e9e s\u2019est tenue, samedi 22 mai \u00e0 Conakry, sous le th\u00e8me \u00ab\u00a0Le digital, un outil privil\u00e9gi\u00e9 pour les causes sociales\u00a0\u00bb.<\/p>\n<p>Cette initiative a r\u00e9uni plusieurs acteurs de l\u2019\u00e9cosyst\u00e8me du num\u00e9rique en Guin\u00e9e qui ont \u00e9chang\u00e9 sur la place du num\u00e9rique comme outil de d\u00e9veloppement social et entrepreneurial.<\/p>\n<p>Initiateur de l\u2019\u00e9v\u00e9nement, Mohamed Keita, chef division communication Orange a expliqu\u00e9 l\u2019id\u00e9e de l\u2019\u00e9v\u00e9nement. \u00ab\u00a0Comme vous le savez, 2020 a \u00e9t\u00e9 une ann\u00e9e charni\u00e8re pour toute l\u2019humanit\u00e9, une ann\u00e9e assez difficile marqu\u00e9e par la pr\u00e9sence du Coronavirus. Et cette pand\u00e9mie a mis \u00e0 rude \u00e9preuve toutes les activit\u00e9s humaines, a mis \u00e0 rude \u00e9preuve les \u00c9tats, les entreprises et surtout les populations les plus vuln\u00e9rables. Au m\u00eame moment une p\u00e9riode est arriv\u00e9e. Elle s\u2019est pr\u00e9sent\u00e9e comme une opportunit\u00e9 pour toutes et tous. Parce qu\u2019il a fallu adopter ce qu\u2019on appelle la nouvelle normalit\u00e9. Il a fallu \u00eatre r\u00e9siliant, il a fallu poursuivre les activit\u00e9s, il a fallu tout simplement r\u00e9sister, pouvoir s\u2019adapter\u2026Orange a tr\u00e8s t\u00f4t compris que le digital est un outil privil\u00e9gi\u00e9 pour les causes sociales et a commenc\u00e9 \u00e0 mettre en \u0153uvre les activit\u00e9s en utilisant le digital\u00a0\u00bb, a-t-il expliqu\u00e9.<\/p>\n<p>Etant l\u2019un des panelistes, Mamadou Diallo, d\u00e9veloppeur de contenus Web a d\u00e9crit l\u2019importance de cet outil\u00a0: \u00ab\u00a0Le digital est une solution qui est primordiale surtout dans le domaine du social. Parce qu\u2019aujourd\u2019hui, nous le savons presque tous, le monde utilise des Android, m\u00eame les personnes qui n\u2019ont pas \u00e9t\u00e9 \u00e0 l\u2019\u00e9cole savent utiliser Facebook, savent envoyer des notes vocales sur Watshapp. Donc, c\u2019est tr\u00e8s important pour \u00eatre utile au sein de notre communaut\u00e9\u2026\u00a0\u00bb<\/p>\n<p>Pr\u00e9sidente par int\u00e9rim du club des jeunes filles leaders de Guin\u00e9e, Kadiatou Konat\u00e9, a fait savoir l\u2019importance du digital sur leurs activit\u00e9s. \u00ab\u00a0Le digital nous a permis d\u2019avoir une meilleure strat\u00e9gie, une meilleure approche avec nos cibles\u2026 On a profit\u00e9 du temps qu\u2019on passait \u00e0 la maison, on partait sur les r\u00e9seaux sociaux, avoir un sujet sympa sur lequel \u00e9changer que ce soient filles ou gar\u00e7ons surtout sur l\u2019\u00e9ducation sexuelle. Afin que les uns et les autres puissent avoir la bonne information et \u00e9viter de tomber dans des probl\u00e8mes apr\u00e8s la situation de COVID-19. Cela a beaucoup fonctionn\u00e9, parce que c\u2019est une campagne digitale qui nous a permis de toucher plus de 50 mille personnes \u00e0 travers nos comptes Twitter, Facebook\u00a0\u00bb, a-t-elle t\u00e9moign\u00e9.<\/p>\n<p><strong>Abdou Lory Sylla pour\u00a0<a href=\"http:\/\/guinee7.com\/\" data-saferedirecturl=\"https:\/\/www.google.com\/url?q=http:\/\/guinee7.com&amp;source=gmail&amp;ust=1621882125292000&amp;usg=AFQjCNH0cUk4hoVkpN3GFnkgS5Gu6FNJ-A\">guinee7.com<\/a>\u00a0<\/strong><\/p>\n<p>L\u2019article <a rel=\"nofollow\" href=\"https:\/\/www.guinee7.com\/telecoms-orange-guinee-realise-la-2e-edition-du-digital-talk\/\">T\u00e9l\u00e9coms\/ Orange Guin\u00e9e r\u00e9alise la 2\u00e8 \u00e9dition du \u00ab Digital talk \u00bb<\/a> est apparu en premier sur <a rel=\"nofollow\" href=\"https:\/\/www.guinee7.com\/\">Guinee7.com<\/a>.<\/p>\n<\/div>\n","protected":false},"excerpt":{"rendered":"<p>La deuxi\u00e8me \u00e9dition du Digital-talk organis\u00e9e par la soci\u00e9t\u00e9 de t\u00e9l\u00e9phonie Orange Guin\u00e9e s\u2019est tenue, samedi 22 mai \u00e0 Conakry, sous le th\u00e8me \u00ab\u00a0Le digital, un outil privil\u00e9gi\u00e9 pour les causes sociales\u00a0\u00bb. Cette initiative a r\u00e9uni plusieurs acteurs de l\u2019\u00e9cosyst\u00e8me du num\u00e9rique en Guin\u00e9e qui ont \u00e9chang\u00e9 sur la place du num\u00e9rique comme outil de &hellip;<\/p>\n","protected":false},"author":1,"featured_media":0,"comment_status":"closed","ping_status":"closed","sticky":false,"template":"","format":"standard","meta":{"footnotes":""},"categories":[2],"tags":[22],"_links":{"self":[{"href":"https:\/\/sn.ambaguinee.org\/index.php?rest_route=\/wp\/v2\/posts\/8591"}],"collection":[{"href":"https:\/\/sn.ambaguinee.org\/index.php?rest_route=\/wp\/v2\/posts"}],"about":[{"href":"https:\/\/sn.ambaguinee.org\/index.php?rest_route=\/wp\/v2\/types\/post"}],"author":[{"embeddable":true,"href":"https:\/\/sn.ambaguinee.org\/index.php?rest_route=\/wp\/v2\/users\/1"}],"replies":[{"embeddable":true,"href":"https:\/\/sn.ambaguinee.org\/index.php?rest_route=%2Fwp%2Fv2%2Fcomments&post=8591"}],"version-history":[{"count":0,"href":"https:\/\/sn.ambaguinee.org\/index.php?rest_route=\/wp\/v2\/posts\/8591\/revisions"}],"wp:attachment":[{"href":"https:\/\/sn.ambaguinee.org\/index.php?rest_route=%2Fwp%2Fv2%2Fmedia&parent=8591"}],"wp:term":[{"taxonomy":"category","embeddable":true,"href":"https:\/\/sn.ambaguinee.org\/index.php?rest_route=%2Fwp%2Fv2%2Fcategories&post=8591"},{"taxonomy":"post_tag","embeddable":true,"href":"https:\/\/sn.ambaguinee.org\/index.php?rest_route=%2Fwp%2Fv2%2Ftags&post=8591"}],"curies":[{"name":"wp","href":"https:\/\/api.w.org\/{rel}","templated":true}]}}