{"id":85946,"date":"2025-10-16T23:06:36","date_gmt":"2025-10-16T21:06:36","guid":{"rendered":"https:\/\/sn.ambaguinee.org\/?p=85946"},"modified":"2025-10-16T23:06:36","modified_gmt":"2025-10-16T21:06:36","slug":"sekouba-konate-vise-cellou-dalein-brandit-la-menace-dune-plainte","status":"publish","type":"post","link":"https:\/\/sn.ambaguinee.org\/?p=85946","title":{"rendered":"S\u00e9kouba Konat\u00e9 vis\u00e9 ? Cellou Dalein brandit la menace d\u2019une plainte"},"content":{"rendered":"<div>\n<div style=\"margin-bottom:20px;\"><img width=\"800\" height=\"532\"src=\"https:\/\/i0.wp.com\/www.guinee7.com\/wp-content\/uploads\/2021\/09\/sekouba-konate.jpg?w=800&amp;ssl=1\" class=\"attachment-post-thumbnail size-post-thumbnail wp-post-image\" alt=\"\" decoding=\"async\" srcset=\"https:\/\/i0.wp.com\/www.guinee7.com\/wp-content\/uploads\/2021\/09\/sekouba-konate.jpg?w=800&amp;ssl=1 800w, https:\/\/i0.wp.com\/www.guinee7.com\/wp-content\/uploads\/2021\/09\/sekouba-konate.jpg?resize=300%2C200&amp;ssl=1 300w, https:\/\/i0.wp.com\/www.guinee7.com\/wp-content\/uploads\/2021\/09\/sekouba-konate.jpg?resize=768%2C511&amp;ssl=1 768w, https:\/\/i0.wp.com\/www.guinee7.com\/wp-content\/uploads\/2021\/09\/sekouba-konate.jpg?resize=696%2C463&amp;ssl=1 696w, https:\/\/i0.wp.com\/www.guinee7.com\/wp-content\/uploads\/2021\/09\/sekouba-konate.jpg?resize=632%2C420&amp;ssl=1 632w\" sizes=\"(max-width: 800px) 100vw, 800px\"><\/div>\n<p><span style=\"font-size: 18px;\">\u00ab <\/span><span style=\"font-size: 18px;\">Sans volont\u00e9 de pol\u00e9miquer <\/span><span style=\"font-size: 18px;\">\u00bb<\/span><span style=\"font-size: 18px;\">, mais contraint par la gravit\u00e9 des faits avanc\u00e9s, Cellou Dalein Diallo a tenu \u00e0 r\u00e9agir aux accusations r\u00e9cemment formul\u00e9es par le G\u00e9n\u00e9ral S\u00e9kouba Konat\u00e9, notamment sur la privatisation controvers\u00e9e d\u2019Air Guin\u00e9e en 2002.<\/span><\/p>\n<p><span style=\"font-size: 18px;\">A travers un post sur Facebook, le pr\u00e9sident de l\u2019UFDG affirme n\u2019avoir jamais \u00e9t\u00e9 interrog\u00e9 \u00e0 aucun moment de l\u2019audit r\u00e9alis\u00e9 en 2009 par Ousmane Kaba et son \u00e9quipe. \u00ab Ce n\u2019est qu\u2019en 2022, lors de la transmission du rapport \u00e0 la CRIEF et sa publication dans la presse, que j\u2019en ai pris connaissance \u00bb, pr\u00e9cise-t-il.<\/span><\/p>\n<p><span style=\"font-size: 18px;\">Ce rapport d\u2019audit mettrait en cause sa responsabilit\u00e9 dans la d\u00e9cision de c\u00e9der, sans appel d\u2019offres, la compagnie nationale \u00e0 Elhadj Mamadou Sylla. Mais l\u2019int\u00e9ress\u00e9 d\u00e9nonce une grave m\u00e9prise : \u00ab N\u2019ayant jamais \u00e9t\u00e9 entendu, ni par un inspecteur, ni par un officier de police judiciaire, ni par un juge, comment aurais-je pu signer un quelconque document reconnaissant une faute ? \u00bb<\/span><\/p>\n<p><span style=\"font-size: 18px;\">Allant plus loin, il lance un d\u00e9fi public : \u00ab Je mets le g\u00e9n\u00e9ral S\u00e9kouba Konat\u00e9 et tout autre responsable des services du contr\u00f4le d\u2019\u00c9tat au d\u00e9fi de produire un document dans lequel je reconnais une quelconque culpabilit\u00e9 dans la privatisation d\u2019Air Guin\u00e9e ou dans la gestion de tout autre bien public. \u00bb<\/span><\/p>\n<p><span style=\"font-size: 18px;\">Estimant que ces d\u00e9clarations portent atteinte \u00e0 son honneur et \u00e0 sa r\u00e9putation, Cellou Dalein annonce se r\u00e9server le droit d\u2019intenter une action en justice pour diffamation \u00e0 l\u2019encontre de l\u2019ancien pr\u00e9sident de la Transition.<\/span><\/p>\n<p><strong><span style=\"font-size: 18px;\">Ibrahima Sory Diallo pour Guinee7.com\u00a0<\/span><\/strong><!--\/data\/user\/0\/com.samsung.android.app.notes\/files\/clipdata\/clipdata_bodytext_251016_193637_360.sdocx--><\/p>\n<p>L\u2019article <a href=\"https:\/\/www.guinee7.com\/2025\/10\/16\/sekouba-konate-vise-cellou-dalein-brandit-la-menace-dune-plainte\/\">S\u00e9kouba Konat\u00e9 vis\u00e9 ? Cellou Dalein brandit la menace d\u2019une plainte<\/a> est apparu en premier sur <a href=\"https:\/\/www.guinee7.com\/\">Guinee7.com<\/a>.<\/p>\n<\/div>\n","protected":false},"excerpt":{"rendered":"<p>\u00ab Sans volont\u00e9 de pol\u00e9miquer \u00bb, mais contraint par la gravit\u00e9 des faits avanc\u00e9s, Cellou Dalein Diallo a tenu \u00e0 r\u00e9agir aux accusations r\u00e9cemment formul\u00e9es par le G\u00e9n\u00e9ral S\u00e9kouba Konat\u00e9, notamment sur la privatisation controvers\u00e9e d\u2019Air Guin\u00e9e en 2002. A travers un post sur Facebook, le pr\u00e9sident de l\u2019UFDG affirme n\u2019avoir jamais \u00e9t\u00e9 interrog\u00e9 \u00e0 &hellip;<\/p>\n","protected":false},"author":1,"featured_media":0,"comment_status":"closed","ping_status":"closed","sticky":false,"template":"","format":"standard","meta":{"footnotes":""},"categories":[2],"tags":[22],"_links":{"self":[{"href":"https:\/\/sn.ambaguinee.org\/index.php?rest_route=\/wp\/v2\/posts\/85946"}],"collection":[{"href":"https:\/\/sn.ambaguinee.org\/index.php?rest_route=\/wp\/v2\/posts"}],"about":[{"href":"https:\/\/sn.ambaguinee.org\/index.php?rest_route=\/wp\/v2\/types\/post"}],"author":[{"embeddable":true,"href":"https:\/\/sn.ambaguinee.org\/index.php?rest_route=\/wp\/v2\/users\/1"}],"replies":[{"embeddable":true,"href":"https:\/\/sn.ambaguinee.org\/index.php?rest_route=%2Fwp%2Fv2%2Fcomments&post=85946"}],"version-history":[{"count":0,"href":"https:\/\/sn.ambaguinee.org\/index.php?rest_route=\/wp\/v2\/posts\/85946\/revisions"}],"wp:attachment":[{"href":"https:\/\/sn.ambaguinee.org\/index.php?rest_route=%2Fwp%2Fv2%2Fmedia&parent=85946"}],"wp:term":[{"taxonomy":"category","embeddable":true,"href":"https:\/\/sn.ambaguinee.org\/index.php?rest_route=%2Fwp%2Fv2%2Fcategories&post=85946"},{"taxonomy":"post_tag","embeddable":true,"href":"https:\/\/sn.ambaguinee.org\/index.php?rest_route=%2Fwp%2Fv2%2Ftags&post=85946"}],"curies":[{"name":"wp","href":"https:\/\/api.w.org\/{rel}","templated":true}]}}