{"id":86001,"date":"2025-10-17T23:40:18","date_gmt":"2025-10-17T21:40:18","guid":{"rendered":"https:\/\/sn.ambaguinee.org\/?p=86001"},"modified":"2025-10-17T23:40:18","modified_gmt":"2025-10-17T21:40:18","slug":"droit-a-linformation-et-liberte-de-la-presse-un-combat-jamais-termine","status":"publish","type":"post","link":"https:\/\/sn.ambaguinee.org\/?p=86001","title":{"rendered":"Droit \u00e0 l\u2019information et libert\u00e9 de la presse : un combat jamais termin\u00e9 !"},"content":{"rendered":"<div>\n<div style=\"margin-bottom:20px;\"><img width=\"700\" height=\"364\"src=\"https:\/\/i0.wp.com\/www.guinee7.com\/wp-content\/uploads\/2025\/10\/presse-guineenne.jpg?w=700&amp;ssl=1\" class=\"attachment-post-thumbnail size-post-thumbnail wp-post-image\" alt=\"\" decoding=\"async\" srcset=\"https:\/\/i0.wp.com\/www.guinee7.com\/wp-content\/uploads\/2025\/10\/presse-guineenne.jpg?w=700&amp;ssl=1 700w, https:\/\/i0.wp.com\/www.guinee7.com\/wp-content\/uploads\/2025\/10\/presse-guineenne.jpg?resize=300%2C156&amp;ssl=1 300w\" sizes=\"(max-width: 700px) 100vw, 700px\"><\/div>\n<p>Les combats men\u00e9s ensemble, \u00e0 travers les \u00e9preuves et le temps, ne s\u2019oublient pas. Ils constituent une r\u00e9serve d\u2019\u00e9nergie et d\u2019engagement pour de nouvelles batailles. Obtenir la libert\u00e9 d\u2019expression en son temps, notamment le droit \u00e0 une information dans un paysage m\u00e9diatique pluriel, avec des m\u00e9dias ind\u00e9pendants, n\u2019\u00e9tait pas chose ais\u00e9e. Nous avons eu l\u2019honneur et la chance de faire partie de cette aventure, conduite par des pionniers tels que Souleymane Diallo avec son groupe de presse Le Lynx-Lance, Aboubacar Sylla avec L\u2019Ind\u00e9pendant-Le D\u00e9mocrate, ainsi que d\u2019autres titres de r\u00e9f\u00e9rence. Ensemble, ils ont \u00e9crit les plus belles et glorieuses pages de la presse libre guin\u00e9enne.<\/p>\n<p>Cet h\u00e9ritage, pourtant, n\u2019a \u00e9t\u00e9 ni sauvegard\u00e9 ni bien d\u00e9fendu. L\u2019\u00e2me de la lutte et l\u2019esprit de sacrifice, port\u00e9s par un id\u00e9al partag\u00e9 et g\u00e9n\u00e9reux, n\u2019ont pas surv\u00e9cu \u00e0 l\u2019instinct de conservation de certains, ni \u00e0 la r\u00e9signation d\u2019autres\u00a0 face aux difficult\u00e9s de l\u2019inconnu. Il ne faut cependant pas d\u00e9sesp\u00e9rer de voir la presse, confront\u00e9e \u00e0 la plus grave crise de son existence, retrouver son lustre d\u2019antan, et ses acteurs d\u2019aujourd\u2019hui, le courage et l\u2019abn\u00e9gation de leurs devanciers. Malgr\u00e9 les emprisonnements, les harc\u00e8lements judiciaires et les descentes muscl\u00e9es dans les r\u00e9dactions, la premi\u00e8re g\u00e9n\u00e9ration de journalistes et de patrons de presse est rest\u00e9e droite dans ses bottes. Peut-\u00eatre la nouvelle g\u00e9n\u00e9ration aura-t-elle le sursaut n\u00e9cessaire, et \u00e0 temps, pour ne pas sombrer. Il lui appartiendra de lutter et de se reprendre, en respectant une \u00e9thique et une d\u00e9ontologie strictes du m\u00e9tier.<\/p>\n<p>En attendant, il faut d\u00e9plorer les lauriers perdus et s\u2019inqui\u00e9ter du d\u00e9sert m\u00e9diatique qui s\u2019\u00e9tend dans le pays, pendant que les autorit\u00e9s qui avaient pourtant annonc\u00e9 un grand printemps des libert\u00e9s, restent indiff\u00e9rentes, et que des acteurs et partenaires jadis vigilants sur les exigences de l\u2019\u00c9tat de droit, en tant que gardiens des acquis d\u00e9mocratiques, observent un silence coupable. Autres temps, autres m\u0153urs\u2026<\/p>\n<p>Si les critiques d\u2019hier sont devenus les acteurs d\u2019aujourd\u2019hui, les pionniers ne doivent pas renier leur pass\u00e9 exigeant,<\/p>\n<p>ni se d\u00e9tourner de l\u2019avenir, alors que chacun se demande quelle en sera la couleur, s\u2019il sera conforme aux attentes ou trahira une fois de plus les espoirs.<\/p>\n<p>D\u2019ici l\u00e0, la fid\u00e9lit\u00e9 \u00e0 l\u2019engagement et l\u2019obstination dans les convictions sont des remparts s\u00fbrs contre les faiblesses et les compromissions. La peur ne m\u00e8ne \u00e0 rien, tandis que la d\u00e9termination et le courage permettent de repousser toutes les limites et toutes les fronti\u00e8res. Le flambeau a \u00e9t\u00e9 pass\u00e9 sans avoir pr\u00e9par\u00e9 la rel\u00e8ve des valeurs et de la conscience citoyenne. Il convient donc de redescendre dans l\u2019ar\u00e8ne pour poursuivre l\u2019effort interrompu et recommencer un combat que l\u2019on croyait gagn\u00e9. En r\u00e9alit\u00e9, il existe des conqu\u00eates de tous les temps qui concernent toutes les g\u00e9n\u00e9rations. On a le choix de fuir sa responsabilit\u00e9 ou d\u2019assumer ses devoirs.<\/p>\n<p>Nous sommes de ceux qui croient davantage en une destin\u00e9e commune heureuse qu\u2019au bonheur solitaire dans le d\u00e9sarroi collectif.<\/p>\n<p><strong>Tibou Kamara\u00a0<\/strong><\/p>\n<p><strong>Abdoulaye Cond\u00e9\u00a0<\/strong><\/p>\n<p><strong>Abdoulaye Sankara\u00a0<\/strong><\/p>\n<p><strong>Membres du Collectif des pionniers de la Presse Ind\u00e9pendante Guin\u00e9enne<\/strong><\/p>\n<p>L\u2019article <a href=\"https:\/\/www.guinee7.com\/2025\/10\/17\/droit-a-linformation-et-liberte-de-la-presse-un-combat-jamais-termine\/\">Droit \u00e0 l\u2019information et libert\u00e9 de la presse : un combat jamais termin\u00e9 !<\/a> est apparu en premier sur <a href=\"https:\/\/www.guinee7.com\/\">Guinee7.com<\/a>.<\/p>\n<\/div>\n","protected":false},"excerpt":{"rendered":"<p>Les combats men\u00e9s ensemble, \u00e0 travers les \u00e9preuves et le temps, ne s\u2019oublient pas. Ils constituent une r\u00e9serve d\u2019\u00e9nergie et d\u2019engagement pour de nouvelles batailles. Obtenir la libert\u00e9 d\u2019expression en son temps, notamment le droit \u00e0 une information dans un paysage m\u00e9diatique pluriel, avec des m\u00e9dias ind\u00e9pendants, n\u2019\u00e9tait pas chose ais\u00e9e. Nous avons eu l\u2019honneur &hellip;<\/p>\n","protected":false},"author":1,"featured_media":0,"comment_status":"closed","ping_status":"closed","sticky":false,"template":"","format":"standard","meta":{"footnotes":""},"categories":[2],"tags":[22],"_links":{"self":[{"href":"https:\/\/sn.ambaguinee.org\/index.php?rest_route=\/wp\/v2\/posts\/86001"}],"collection":[{"href":"https:\/\/sn.ambaguinee.org\/index.php?rest_route=\/wp\/v2\/posts"}],"about":[{"href":"https:\/\/sn.ambaguinee.org\/index.php?rest_route=\/wp\/v2\/types\/post"}],"author":[{"embeddable":true,"href":"https:\/\/sn.ambaguinee.org\/index.php?rest_route=\/wp\/v2\/users\/1"}],"replies":[{"embeddable":true,"href":"https:\/\/sn.ambaguinee.org\/index.php?rest_route=%2Fwp%2Fv2%2Fcomments&post=86001"}],"version-history":[{"count":0,"href":"https:\/\/sn.ambaguinee.org\/index.php?rest_route=\/wp\/v2\/posts\/86001\/revisions"}],"wp:attachment":[{"href":"https:\/\/sn.ambaguinee.org\/index.php?rest_route=%2Fwp%2Fv2%2Fmedia&parent=86001"}],"wp:term":[{"taxonomy":"category","embeddable":true,"href":"https:\/\/sn.ambaguinee.org\/index.php?rest_route=%2Fwp%2Fv2%2Fcategories&post=86001"},{"taxonomy":"post_tag","embeddable":true,"href":"https:\/\/sn.ambaguinee.org\/index.php?rest_route=%2Fwp%2Fv2%2Ftags&post=86001"}],"curies":[{"name":"wp","href":"https:\/\/api.w.org\/{rel}","templated":true}]}}