{"id":86268,"date":"2025-10-24T06:39:49","date_gmt":"2025-10-24T04:39:49","guid":{"rendered":"https:\/\/sn.ambaguinee.org\/?p=86268"},"modified":"2025-10-24T06:39:49","modified_gmt":"2025-10-24T04:39:49","slug":"le-metfpe-et-loit-unis-pour-transformer-le-travail-domestique-en-metier-reconnu","status":"publish","type":"post","link":"https:\/\/sn.ambaguinee.org\/?p=86268","title":{"rendered":"Le METFPE et l\u2019OIT unis pour transformer le travail domestique en m\u00e9tier reconnu"},"content":{"rendered":"<div>\n<div style=\"margin-bottom:20px;\"><img width=\"1080\" height=\"498\"src=\"https:\/\/i0.wp.com\/www.guinee7.com\/wp-content\/uploads\/2025\/10\/IMG-20251023-WA0050.jpg?w=1080&amp;ssl=1\" class=\"attachment-post-thumbnail size-post-thumbnail wp-post-image\" alt=\"\" decoding=\"async\" loading=\"lazy\" srcset=\"https:\/\/i0.wp.com\/www.guinee7.com\/wp-content\/uploads\/2025\/10\/IMG-20251023-WA0050.jpg?w=1080&amp;ssl=1 1080w, https:\/\/i0.wp.com\/www.guinee7.com\/wp-content\/uploads\/2025\/10\/IMG-20251023-WA0050.jpg?resize=300%2C138&amp;ssl=1 300w, https:\/\/i0.wp.com\/www.guinee7.com\/wp-content\/uploads\/2025\/10\/IMG-20251023-WA0050.jpg?resize=1024%2C472&amp;ssl=1 1024w, https:\/\/i0.wp.com\/www.guinee7.com\/wp-content\/uploads\/2025\/10\/IMG-20251023-WA0050.jpg?resize=768%2C354&amp;ssl=1 768w\" sizes=\"auto, (max-width: 1080px) 100vw, 1080px\"><\/div>\n<p><span style=\"font-size: 18px;\">Le minist\u00e8re de l\u2019Enseignement technique, de la Formation professionnelle et de l\u2019Emploi (METFPE), \u00e0 travers la Direction nationale de l\u2019apprentissage et des formations professionnelles post-primaire et post-secondaire (DNAFPPPS), a lanc\u00e9 ce jeudi un atelier de renforcement des capacit\u00e9s de trente formateurs de travailleurs domestiques. Cette rencontre est coupl\u00e9e \u00e0 l\u2019atelier national de validation des livrables issus de la mission d\u2019\u00e9laboration des r\u00e9f\u00e9rentiels de comp\u00e9tences, de m\u00e9tiers et des modules de formation destin\u00e9s aux formateurs du travail domestique en Guin\u00e9e.<\/span><\/p>\n<p><img data-recalc-dims=\"1\" loading=\"lazy\" decoding=\"async\" class=\"alignnone wp-image-123177 size-full\"src=\"https:\/\/i0.wp.com\/www.guinee7.com\/wp-content\/uploads\/2025\/10\/IMG-20251023-WA0047.jpg?w=936&amp;ssl=1\" alt=\"\" width=\"936\" height=\"591\" srcset=\"https:\/\/i0.wp.com\/www.guinee7.com\/wp-content\/uploads\/2025\/10\/IMG-20251023-WA0047.jpg?w=936&amp;ssl=1 936w, https:\/\/i0.wp.com\/www.guinee7.com\/wp-content\/uploads\/2025\/10\/IMG-20251023-WA0047.jpg?resize=300%2C189&amp;ssl=1 300w, https:\/\/i0.wp.com\/www.guinee7.com\/wp-content\/uploads\/2025\/10\/IMG-20251023-WA0047.jpg?resize=768%2C485&amp;ssl=1 768w\" sizes=\"auto, (max-width: 936px) 100vw, 936px\"><\/p>\n<p><span style=\"font-size: 18px;\">Selon Mamadou Hassimiou Souar\u00e9, directeur national de la DNAFPPPS, cet atelier marque une \u00e9tape d\u00e9cisive dans le processus de formalisation du travail domestique. \u00ab au terme de cet atelier, les r\u00e9f\u00e9rentiels seront pr\u00e9valid\u00e9s, donc une validation technique. Apr\u00e8s, va suivre l\u2019\u00e9tape de la validation institutionnelle qui va engager les autorit\u00e9s au plus haut niveau, notamment les ministres en charge du travail, de la fonction publique, mais \u00e9galement de l\u2019enseignement technique, de la formation professionnelle et de l\u2019emploi. Une fois cette validation institutionnelle termin\u00e9e, va commencer la phase de d\u00e9multiplication pour que d\u00e9sormais ce monde du travail, ces m\u00e9tiers-l\u00e0 soient encore une fois formalis\u00e9s en R\u00e9publique de Guin\u00e9e \u00bb, a-t-il expliqu\u00e9.<\/span><\/p>\n<p><span style=\"font-size: 18px;\">L\u2019Organisation Internationale du Travail (OIT) accompagne la Guin\u00e9e \u00e0 travers le projet AGRIDOM dans la mise en \u0153uvre de l\u2019agenda du travail d\u00e9cent. \u201cAujourd\u2019hui le domaine du travail domestique reste un domaine informel, avec tout ce qu\u2019il y a comme impact sur les travailleurs. Et donc l\u2019OIT, \u00e0 travers le projet AGRIDOM et le projet FMM, accompagne le minist\u00e8re pour non seulement d\u00e9velopper les r\u00e9f\u00e9rentiels m\u00e9tiers, les r\u00e9f\u00e9rentiels de comp\u00e9tences, mais aussi les modules, puis former les formateurs pour pouvoir d\u00e9multiplier ces formations afin de rendre le m\u00e9tier du travail domestique un travail professionnel\u201d, a expliqu\u00e9 Lancin\u00e9 Cond\u00e9, coordinateur national du projet AGRIDOM.<\/span><\/p>\n<p>\u00a0<\/p>\n<p><span style=\"font-size: 18px;\">Pr\u00e9sent \u00e0 la c\u00e9r\u00e9monie, Aboubacar Kourouma, secr\u00e9taire g\u00e9n\u00e9ral du minist\u00e8re du Travail et de la Fonction publique, a salu\u00e9 cette initiative : \u00ab Ce que nous commen\u00e7ons l\u00e0, c\u2019est la phase de professionnalisation du travail domestique. Et la professionnalisation part de la formation. \u00c7a veut dire le r\u00f4le historique et strat\u00e9gique que vous avez en tant que formateurs pour des travailleurs domestiques. C\u2019est vrai, on se bat pour les formaliser. On se bat pour leur donner des droits et s\u2019assurer qu\u2019on respecte ces droits. Mais de l\u2019autre c\u00f4t\u00e9, pour les formaliser, il faut qu\u2019on d\u00e9finisse un r\u00e9f\u00e9rentiel m\u00e9tier. Un r\u00e9f\u00e9rentiel de comp\u00e9tences. Que ces travailleurs-l\u00e0 aussi puissent se formaliser. D\u2019abord dans la t\u00eate, se dire qu\u2019ils sont en train d\u2019exercer des m\u00e9tiers. On les r\u00e9mun\u00e8re. Il faut aussi qu\u2019on puisse leur accorder ou leur donner une protection sociale. Mais cela ne peut se faire logiquement que quand on est dans un cadre formel \u00bb, a-t-il d\u00e9clar\u00e9.<\/span><\/p>\n<p><img data-recalc-dims=\"1\" loading=\"lazy\" decoding=\"async\" class=\"alignnone wp-image-123181 size-full\"src=\"https:\/\/i0.wp.com\/www.guinee7.com\/wp-content\/uploads\/2025\/10\/IMG-20251023-WA0048-1.jpg?w=1080&amp;ssl=1\" alt=\"\" width=\"1080\" height=\"805\" srcset=\"https:\/\/i0.wp.com\/www.guinee7.com\/wp-content\/uploads\/2025\/10\/IMG-20251023-WA0048-1.jpg?w=1080&amp;ssl=1 1080w, https:\/\/i0.wp.com\/www.guinee7.com\/wp-content\/uploads\/2025\/10\/IMG-20251023-WA0048-1.jpg?resize=300%2C224&amp;ssl=1 300w, https:\/\/i0.wp.com\/www.guinee7.com\/wp-content\/uploads\/2025\/10\/IMG-20251023-WA0048-1.jpg?resize=1024%2C763&amp;ssl=1 1024w, https:\/\/i0.wp.com\/www.guinee7.com\/wp-content\/uploads\/2025\/10\/IMG-20251023-WA0048-1.jpg?resize=768%2C572&amp;ssl=1 768w, https:\/\/i0.wp.com\/www.guinee7.com\/wp-content\/uploads\/2025\/10\/IMG-20251023-WA0048-1.jpg?resize=86%2C64&amp;ssl=1 86w\" sizes=\"auto, (max-width: 1080px) 100vw, 1080px\"><\/p>\n<p><span style=\"font-size: 18px;\">La c\u00e9r\u00e9monie d\u2019ouverture a \u00e9t\u00e9 pr\u00e9sid\u00e9e par Julien Bongono, secr\u00e9taire g\u00e9n\u00e9ral du METFPE, repr\u00e9sentant la ministre en charge du d\u00e9partement. Il a salu\u00e9 les efforts d\u00e9j\u00e0 consentis par les participants : \u00ab Vous avez fait du travail qui a permis d\u2019identifier un certain nombre de m\u00e9tiers et vous avez avanc\u00e9 sur la formation jusqu\u2019\u00e0 maintenant et vous \u00eates en train de poursuivre pour la validation de l\u2019ensemble de ces documents. Madame la ministre m\u2019a charg\u00e9 \u00e9galement de vous encourager \u00e0 poursuivre effectivement ces travaux pour qu\u2019effectivement \u00e0 la fin, que ce travail soit une vraie r\u00e9ussite, puisque vous l\u2019avez dit ici dans vos diff\u00e9rentes interventions, on est quand m\u00eame en train de, si ce n\u2019est une r\u00e9volution, en tout cas de changer quelque chose qui va rester vraiment dans l\u2019anal de l\u2019histoire. Et vous l\u2019avez rappel\u00e9, le travail domestique est omnipr\u00e9sent dans notre soci\u00e9t\u00e9 \u00bb, a-t-il soulign\u00e9.<\/span><\/p>\n<p><span style=\"font-size: 18px;\">Et d\u2019ajouter : \u00ab Le travail domestique, je ne veux pas revenir l\u00e0-dessus puisque \u00e7a a \u00e9t\u00e9 vraiment tr\u00e8s bien dit, c\u2019est vraiment essentiel pour notre soci\u00e9t\u00e9. Et il contribue \u00e0 la coh\u00e9sion sociale et au bien-\u00eatre de nos familles. Mais malheureusement, et vous l\u2019avez dit aussi, c\u2019est un travail peu reconnu, peu valoris\u00e9, peu professionnalis\u00e9, peu structur\u00e9. Donc \u00e0 travers cette initiative, notre d\u00e9partement sous l\u2019impulsion de madame la ministre et son leadership entend changer cette r\u00e9alit\u00e9 en dotant notre pays de r\u00e9f\u00e9rentiels solides \u00bb, a martel\u00e9 Julien Bongono.<\/span><\/p>\n<p><strong><span style=\"font-size: 18px;\">Bhoye Barry pour guinee7.com<\/span><\/strong><!--\/data\/user\/0\/com.samsung.android.app.notes\/files\/clipdata\/clipdata_bodytext_251023_175016_929.sdocx--><\/p>\n<p>L\u2019article <a href=\"https:\/\/www.guinee7.com\/2025\/10\/23\/le-metfpe-et-loit-unis-pour-transformer-le-travail-domestique-en-metier-reconnu\/\">Le METFPE et l\u2019OIT unis pour transformer le travail domestique en m\u00e9tier reconnu<\/a> est apparu en premier sur <a href=\"https:\/\/www.guinee7.com\/\">Guinee7.com<\/a>.<\/p>\n<\/div>\n","protected":false},"excerpt":{"rendered":"<p>Le minist\u00e8re de l\u2019Enseignement technique, de la Formation professionnelle et de l\u2019Emploi (METFPE), \u00e0 travers la Direction nationale de l\u2019apprentissage et des formations professionnelles post-primaire et post-secondaire (DNAFPPPS), a lanc\u00e9 ce jeudi un atelier de renforcement des capacit\u00e9s de trente formateurs de travailleurs domestiques. Cette rencontre est coupl\u00e9e \u00e0 l\u2019atelier national de validation des livrables &hellip;<\/p>\n","protected":false},"author":1,"featured_media":0,"comment_status":"closed","ping_status":"closed","sticky":false,"template":"","format":"standard","meta":{"footnotes":""},"categories":[2],"tags":[22],"_links":{"self":[{"href":"https:\/\/sn.ambaguinee.org\/index.php?rest_route=\/wp\/v2\/posts\/86268"}],"collection":[{"href":"https:\/\/sn.ambaguinee.org\/index.php?rest_route=\/wp\/v2\/posts"}],"about":[{"href":"https:\/\/sn.ambaguinee.org\/index.php?rest_route=\/wp\/v2\/types\/post"}],"author":[{"embeddable":true,"href":"https:\/\/sn.ambaguinee.org\/index.php?rest_route=\/wp\/v2\/users\/1"}],"replies":[{"embeddable":true,"href":"https:\/\/sn.ambaguinee.org\/index.php?rest_route=%2Fwp%2Fv2%2Fcomments&post=86268"}],"version-history":[{"count":0,"href":"https:\/\/sn.ambaguinee.org\/index.php?rest_route=\/wp\/v2\/posts\/86268\/revisions"}],"wp:attachment":[{"href":"https:\/\/sn.ambaguinee.org\/index.php?rest_route=%2Fwp%2Fv2%2Fmedia&parent=86268"}],"wp:term":[{"taxonomy":"category","embeddable":true,"href":"https:\/\/sn.ambaguinee.org\/index.php?rest_route=%2Fwp%2Fv2%2Fcategories&post=86268"},{"taxonomy":"post_tag","embeddable":true,"href":"https:\/\/sn.ambaguinee.org\/index.php?rest_route=%2Fwp%2Fv2%2Ftags&post=86268"}],"curies":[{"name":"wp","href":"https:\/\/api.w.org\/{rel}","templated":true}]}}