{"id":86340,"date":"2025-10-25T23:04:34","date_gmt":"2025-10-25T21:04:34","guid":{"rendered":"https:\/\/sn.ambaguinee.org\/?p=86340"},"modified":"2025-10-25T23:04:34","modified_gmt":"2025-10-25T21:04:34","slug":"ces-femmes-qui-inspirent-les-laureates-du-8%e1%b5%89-prix-hadiatou-sow-a-lhonneur","status":"publish","type":"post","link":"https:\/\/sn.ambaguinee.org\/?p=86340","title":{"rendered":"Ces femmes qui inspirent : les laur\u00e9ates du 8\u1d49 prix Hadiatou Sow \u00e0 l\u2019honneur"},"content":{"rendered":"<div>\n<div style=\"margin-bottom:20px;\"><img width=\"1080\" height=\"720\"src=\"https:\/\/i0.wp.com\/www.guinee7.com\/wp-content\/uploads\/2025\/10\/IMG-20251025-WA0011.jpg?w=1080&amp;ssl=1\" class=\"attachment-post-thumbnail size-post-thumbnail wp-post-image\" alt=\"\" decoding=\"async\" loading=\"lazy\" srcset=\"https:\/\/i0.wp.com\/www.guinee7.com\/wp-content\/uploads\/2025\/10\/IMG-20251025-WA0011.jpg?w=1080&amp;ssl=1 1080w, https:\/\/i0.wp.com\/www.guinee7.com\/wp-content\/uploads\/2025\/10\/IMG-20251025-WA0011.jpg?resize=300%2C200&amp;ssl=1 300w, https:\/\/i0.wp.com\/www.guinee7.com\/wp-content\/uploads\/2025\/10\/IMG-20251025-WA0011.jpg?resize=1024%2C683&amp;ssl=1 1024w, https:\/\/i0.wp.com\/www.guinee7.com\/wp-content\/uploads\/2025\/10\/IMG-20251025-WA0011.jpg?resize=768%2C512&amp;ssl=1 768w\" sizes=\"auto, (max-width: 1080px) 100vw, 1080px\"><\/div>\n<p><span style=\"font-size: 18px;\">La 8\u1d49 \u00e9dition de la c\u00e9r\u00e9monie de distinction d\u00e9di\u00e9e aux femmes journalistes, \u00ab le Prix Hadiatou Sow du journalisme \u00bb, port\u00e9e par l\u2019Alliance Femmes et M\u00e9dias (AFEM), s\u2019est tenue dans la soir\u00e9e du vendredi 24 octobre \u00e0 Conakry.<\/span><\/p>\n<p><span style=\"font-size: 18px;\">Cette initiative vise \u00e0 mettre en lumi\u00e8re le parcours, la r\u00e9silience et le courage des femmes \u00e9voluant dans le paysage m\u00e9diatique guin\u00e9en. Pour cette \u00e9dition, 100 femmes issues de toute la cha\u00eene des m\u00e9dias ont \u00e9t\u00e9 nomin\u00e9es, et 10 d\u2019entre elles ont re\u00e7u des distinctions sp\u00e9ciales, en reconnaissance de leur engagement professionnel.<\/span><\/p>\n<p><strong><span style=\"font-size: 18px;\">Les laur\u00e9ates honor\u00e9es<\/span><\/strong><\/p>\n<p><span style=\"font-size: 18px;\">Les femmes r\u00e9compens\u00e9es sont : Hadjiratou Bah, Maladh\u00f6 Traor\u00e9, Marie Louise Diallo, Safiatou Cond\u00e9, Djaraye Guirassy, Oumou Kha\u00efry Tour\u00e9, Marie Louise Koli\u00e9, Kadiatou Traor\u00e9, Elisa Camara et Fatoumata Ba\u00eflaou Bah.<\/span><br \/><span style=\"font-size: 18px;\">Trois autres femmes ont \u00e9galement re\u00e7u des prix sp\u00e9ciaux : Aminata Camara, Mak\u00e8m\u00e8 Bamba et Kadiatou Kaba.<\/span><\/p>\n<p><strong><span style=\"font-size: 18px;\">Un hommage au parcours d\u2019une pionni\u00e8re<\/span><\/strong><\/p>\n<p><img data-recalc-dims=\"1\" loading=\"lazy\" decoding=\"async\" class=\"alignnone wp-image-123241 size-full\"src=\"https:\/\/i0.wp.com\/www.guinee7.com\/wp-content\/uploads\/2025\/10\/IMG-20251025-WA0012.jpg?w=1080&amp;ssl=1\" alt=\"\" width=\"1080\" height=\"720\" srcset=\"https:\/\/i0.wp.com\/www.guinee7.com\/wp-content\/uploads\/2025\/10\/IMG-20251025-WA0012.jpg?w=1080&amp;ssl=1 1080w, https:\/\/i0.wp.com\/www.guinee7.com\/wp-content\/uploads\/2025\/10\/IMG-20251025-WA0012.jpg?resize=300%2C200&amp;ssl=1 300w, https:\/\/i0.wp.com\/www.guinee7.com\/wp-content\/uploads\/2025\/10\/IMG-20251025-WA0012.jpg?resize=1024%2C683&amp;ssl=1 1024w, https:\/\/i0.wp.com\/www.guinee7.com\/wp-content\/uploads\/2025\/10\/IMG-20251025-WA0012.jpg?resize=768%2C512&amp;ssl=1 768w\" sizes=\"auto, (max-width: 1080px) 100vw, 1080px\"><\/p>\n<p><span style=\"font-size: 18px;\">Selon la directrice ex\u00e9cutive de l\u2019AFEM, ce prix est \u00ab inspir\u00e9 du parcours exemplaire d\u2019une femme pionni\u00e8re reconnue pour ses comp\u00e9tences et son int\u00e9grit\u00e9 \u00bb.<\/span><\/p>\n<p><span style=\"font-size: 18px;\">Elle a pr\u00e9cis\u00e9 : \u00ab Le prix Hadiatou Sow du journalisme a pour vocation de reconna\u00eetre et de valoriser le travail des femmes des m\u00e9dias guin\u00e9ens dans toute leur diversit\u00e9. Le prix r\u00e9compense le talent, la rigueur, le courage et la contribution de celles qui informent, \u00e9duquent, inspirent et transforment souvent dans des conditions difficiles. \u00bb<\/span><\/p>\n<p><strong><span style=\"font-size: 18px;\">Femmes et visibilit\u00e9 m\u00e9diatique<\/span><\/strong><\/p>\n<p><span style=\"font-size: 18px;\">\u00c9voquant les statistiques mondiales, la directrice a rappel\u00e9 : \u00ab Selon le Global Media Monitoring Project 2025, une seule personne sur quatre cit\u00e9e et visible dans les m\u00e9dias est une femme. Un chiffre rest\u00e9 quasiment inchang\u00e9 pendant 4 ans. Et sur notre continent, la progression n\u2019a \u00e9t\u00e9 que de 1 % en 3 d\u00e9cennies. Comme l\u2019a justement rappel\u00e9 ONU Femmes, quand les femmes sont absentes, la d\u00e9mocratie est incompl\u00e8te. \u00bb<\/span><\/p>\n<p><span style=\"font-size: 18px;\">Elle a ajout\u00e9 : \u00ab Les m\u00e9dias ici, comme ailleurs, continuent trop souvent de reproduire des st\u00e9r\u00e9otypes qui enferment les femmes dans certains r\u00f4les ou certaines rubriques. Elles couvrent les pages dites douces, mais sont rarement pr\u00e9sentes dans les sph\u00e8res politiques, \u00e9conomiques ou sportives. \u00bb<\/span><\/p>\n<p><span style=\"font-size: 18px;\">Et de conclure : \u00ab Changer les images, c\u2019est aussi changer les mentalit\u00e9s. L\u2019\u00e9galit\u00e9 ne se joue pas seulement dans les lois, mais aussi dans la visibilit\u00e9, les repr\u00e9sentations et les symboles. Quand une femme n\u2019est pas visible, c\u2019est une partie de la r\u00e9alit\u00e9 qui dispara\u00eet. \u00bb<\/span><\/p>\n<p><strong><span style=\"font-size: 18px;\">Un plaidoyer pour un secteur plus inclusif<\/span><\/strong><\/p>\n<p><span style=\"font-size: 18px;\">La responsable de l\u2019AFEM a \u00e9galement insist\u00e9 : \u00ab En Guin\u00e9e, la f\u00e9minisation du secteur m\u00e9diatique est r\u00e9elle, mais encore fragile. Oui, les femmes sont de plus en plus pr\u00e9sentes dans les m\u00e9dias, mais les postes de d\u00e9cision demeurent largement domin\u00e9s par les hommes. Malgr\u00e9 leurs comp\u00e9tences, elles doivent redoubler d\u2019efforts pour \u00eatre entendues, promues ou simplement consid\u00e9r\u00e9es. Notre organisation Alliance Femmes et M\u00e9dias plaide avec d\u00e9termination pour le renforcement des capacit\u00e9s des femmes de m\u00e9dias \u00e0 Conakry et surtout \u00e0 l\u2019int\u00e9rieur du pays (\u2026), l\u2019encouragement des journaux sp\u00e9cialis\u00e9s et des initiatives port\u00e9es par des femmes, la mise en place d\u2019un r\u00e9gime fiscal sp\u00e9cifique pour les entreprises de presse garantissant leur p\u00e9rennit\u00e9 et leur ind\u00e9pendance. \u00bb<\/span><\/p>\n<p><strong><span style=\"font-size: 18px;\">Un jury impartial<\/span><\/strong><\/p>\n<p><img data-recalc-dims=\"1\" loading=\"lazy\" decoding=\"async\" class=\"alignnone wp-image-123242 size-full\"src=\"https:\/\/i0.wp.com\/www.guinee7.com\/wp-content\/uploads\/2025\/10\/IMG-20251025-WA0013.jpg?w=1080&amp;ssl=1\" alt=\"\" width=\"1080\" height=\"720\" srcset=\"https:\/\/i0.wp.com\/www.guinee7.com\/wp-content\/uploads\/2025\/10\/IMG-20251025-WA0013.jpg?w=1080&amp;ssl=1 1080w, https:\/\/i0.wp.com\/www.guinee7.com\/wp-content\/uploads\/2025\/10\/IMG-20251025-WA0013.jpg?resize=300%2C200&amp;ssl=1 300w, https:\/\/i0.wp.com\/www.guinee7.com\/wp-content\/uploads\/2025\/10\/IMG-20251025-WA0013.jpg?resize=1024%2C683&amp;ssl=1 1024w, https:\/\/i0.wp.com\/www.guinee7.com\/wp-content\/uploads\/2025\/10\/IMG-20251025-WA0013.jpg?resize=768%2C512&amp;ssl=1 768w\" sizes=\"auto, (max-width: 1080px) 100vw, 1080px\"><\/p>\n<p><span style=\"font-size: 18px;\">Le pr\u00e9sident du jury, Ibrahima Sory Traor\u00e9, a expliqu\u00e9 le processus de s\u00e9lection : \u00ab Par le pass\u00e9 c\u2019\u00e9tait des articles et reportages, et cette fois-ci, ce sont des profils qui ont \u00e9t\u00e9 soumis au jury. Nous avons travaill\u00e9 avec notre conscience et la d\u00e9ontologie. \u00bb<\/span><\/p>\n<p><strong><span style=\"font-size: 18px;\">Une fiert\u00e9 pour les laur\u00e9ates<\/span><\/strong><\/p>\n<p><span style=\"font-size: 18px;\">Au nom de sa coll\u00e8gue Elisa Camara, la journaliste Christine Finda Kamano a exprim\u00e9 sa satisfaction : \u00ab C\u2019est un sentiment de satisfaction. Je faisais aussi partie des 100 nomin\u00e9es. M\u00eame si je n\u2019ai pas \u00e9t\u00e9 laur\u00e9ate, ma cons\u0153ur Elisa l\u2019a eu. C\u2019est une grande fiert\u00e9 pour toute notre r\u00e9daction. Cela nous encourage \u00e0 \u00eatre plus d\u00e9termin\u00e9es encore. Puisque cela nous prouve que quand tu es brave, cela finit par payer. Elisa le m\u00e9rite et cela nous encourage, nous autres, \u00e0 faire plus. \u00bb<\/span><\/p>\n<p><strong><span style=\"font-size: 18px;\">Des messages d\u2019encouragement<\/span><\/strong><\/p>\n<p><img data-recalc-dims=\"1\" loading=\"lazy\" decoding=\"async\" class=\"alignnone wp-image-123246 size-full\"src=\"https:\/\/i0.wp.com\/www.guinee7.com\/wp-content\/uploads\/2025\/10\/IMG-20251025-WA0014.jpg?w=1080&amp;ssl=1\" alt=\"\" width=\"1080\" height=\"720\" srcset=\"https:\/\/i0.wp.com\/www.guinee7.com\/wp-content\/uploads\/2025\/10\/IMG-20251025-WA0014.jpg?w=1080&amp;ssl=1 1080w, https:\/\/i0.wp.com\/www.guinee7.com\/wp-content\/uploads\/2025\/10\/IMG-20251025-WA0014.jpg?resize=300%2C200&amp;ssl=1 300w, https:\/\/i0.wp.com\/www.guinee7.com\/wp-content\/uploads\/2025\/10\/IMG-20251025-WA0014.jpg?resize=1024%2C683&amp;ssl=1 1024w, https:\/\/i0.wp.com\/www.guinee7.com\/wp-content\/uploads\/2025\/10\/IMG-20251025-WA0014.jpg?resize=768%2C512&amp;ssl=1 768w\" sizes=\"auto, (max-width: 1080px) 100vw, 1080px\"><\/p>\n<p><span style=\"font-size: 18px;\">La fondatrice du prix, Hadiatou Sow, a encourag\u00e9 la pers\u00e9v\u00e9rance des femmes dans les m\u00e9dias : \u00ab Certes, nous n\u2019avons pas totalement bris\u00e9 le plafond de verre. Mais nous sommes visiblement engag\u00e9es sur la voie de la r\u00e9ussite. En ce jour d\u2019hommage au courage des femmes de m\u00e9dias, il est imp\u00e9ratif d\u2019unir nos forces pour p\u00e9renniser et de r\u00e9sister aux pressions (\u2026) Je tiens \u00e0 vous r\u00e9it\u00e9rer mon enti\u00e8re disponibilit\u00e9 \u00e0 vous accompagner dans cette exaltante mission. \u00bb<\/span><\/p>\n<p><img data-recalc-dims=\"1\" loading=\"lazy\" decoding=\"async\" class=\"alignnone wp-image-123243 size-full\"src=\"https:\/\/i0.wp.com\/www.guinee7.com\/wp-content\/uploads\/2025\/10\/IMG-20251025-WA0016.jpg?w=1080&amp;ssl=1\" alt=\"\" width=\"1080\" height=\"720\" srcset=\"https:\/\/i0.wp.com\/www.guinee7.com\/wp-content\/uploads\/2025\/10\/IMG-20251025-WA0016.jpg?w=1080&amp;ssl=1 1080w, https:\/\/i0.wp.com\/www.guinee7.com\/wp-content\/uploads\/2025\/10\/IMG-20251025-WA0016.jpg?resize=300%2C200&amp;ssl=1 300w, https:\/\/i0.wp.com\/www.guinee7.com\/wp-content\/uploads\/2025\/10\/IMG-20251025-WA0016.jpg?resize=1024%2C683&amp;ssl=1 1024w, https:\/\/i0.wp.com\/www.guinee7.com\/wp-content\/uploads\/2025\/10\/IMG-20251025-WA0016.jpg?resize=768%2C512&amp;ssl=1 768w\" sizes=\"auto, (max-width: 1080px) 100vw, 1080px\"><\/p>\n<p><span style=\"font-size: 18px;\">De son c\u00f4t\u00e9, la ministre de la Promotion f\u00e9minine, de l\u2019Enfance et des Personnes vuln\u00e9rables, Charlotte Daff\u00e9, a soulign\u00e9 : \u00ab Recevoir le prix Hadiatou Sow pour les laur\u00e9ates est un honneur, mais aussi une responsabilit\u00e9. C\u2019est le d\u00e9but d\u2019une mission : celle d\u2019inspirer et de donner la voix \u00e0 d\u2019autres femmes. Chaque laur\u00e9ate devient une ambassadrice d\u2019un message fort : que le m\u00e9rite f\u00e9minin n\u2019est pas une exception. \u00bb<\/span><\/p>\n<p><span style=\"font-size: 18px;\">\u00ab Ce prix est un appel \u00e0 aller plus loin, \u00e0 innover et \u00e0 continuer \u00e0 informer avec passion et d\u00e9termination. (\u2026) Nous devons continuer \u00e0 cr\u00e9er des espaces o\u00f9 les femmes des m\u00e9dias peuvent s\u2019exprimer librement, \u00e9voluer sereinement et exister pleinement \u00bb, a-t-elle ajout\u00e9.<\/span><br \/><img data-recalc-dims=\"1\" loading=\"lazy\" decoding=\"async\" class=\"alignnone wp-image-123244 size-full\"src=\"https:\/\/i0.wp.com\/www.guinee7.com\/wp-content\/uploads\/2025\/10\/IMG-20251025-WA0017.jpg?w=1080&amp;ssl=1\" alt=\"\" width=\"1080\" height=\"720\" srcset=\"https:\/\/i0.wp.com\/www.guinee7.com\/wp-content\/uploads\/2025\/10\/IMG-20251025-WA0017.jpg?w=1080&amp;ssl=1 1080w, https:\/\/i0.wp.com\/www.guinee7.com\/wp-content\/uploads\/2025\/10\/IMG-20251025-WA0017.jpg?resize=300%2C200&amp;ssl=1 300w, https:\/\/i0.wp.com\/www.guinee7.com\/wp-content\/uploads\/2025\/10\/IMG-20251025-WA0017.jpg?resize=1024%2C683&amp;ssl=1 1024w, https:\/\/i0.wp.com\/www.guinee7.com\/wp-content\/uploads\/2025\/10\/IMG-20251025-WA0017.jpg?resize=768%2C512&amp;ssl=1 768w\" sizes=\"auto, (max-width: 1080px) 100vw, 1080px\"><\/p>\n<p><span style=\"font-size: 18px;\">La ministre du Commerce, Fatima Camara, a \u00e9galement salu\u00e9 cette initiative : \u00ab vous pouvez compter sur moi \u00e0 n\u2019importe quel moment, d\u2019un appui moral, technique et financier. \u00bb<\/span><\/p>\n<p>\u00a0<\/p>\n<p><img data-recalc-dims=\"1\" loading=\"lazy\" decoding=\"async\" class=\"alignnone wp-image-123245 size-full\"src=\"https:\/\/i0.wp.com\/www.guinee7.com\/wp-content\/uploads\/2025\/10\/IMG-20251025-WA0018.jpg?w=1080&amp;ssl=1\" alt=\"\" width=\"1080\" height=\"720\" srcset=\"https:\/\/i0.wp.com\/www.guinee7.com\/wp-content\/uploads\/2025\/10\/IMG-20251025-WA0018.jpg?w=1080&amp;ssl=1 1080w, https:\/\/i0.wp.com\/www.guinee7.com\/wp-content\/uploads\/2025\/10\/IMG-20251025-WA0018.jpg?resize=300%2C200&amp;ssl=1 300w, https:\/\/i0.wp.com\/www.guinee7.com\/wp-content\/uploads\/2025\/10\/IMG-20251025-WA0018.jpg?resize=1024%2C683&amp;ssl=1 1024w, https:\/\/i0.wp.com\/www.guinee7.com\/wp-content\/uploads\/2025\/10\/IMG-20251025-WA0018.jpg?resize=768%2C512&amp;ssl=1 768w\" sizes=\"auto, (max-width: 1080px) 100vw, 1080px\"><\/p>\n<p><span style=\"font-size: 18px;\">Enfin, le ministre de l\u2019Information et de la Communication, Fana Soumah, a mis en avant l\u2019importance du th\u00e8me de cette \u00e9dition : \u00ab le th\u00e8me de cette ann\u00e9e, \u201cInformer, r\u00e9sister, exister\u201d, r\u00e9sonne profond\u00e9ment avec la mission des m\u00e9dias et le parcours de chaque femme journaliste. Les femmes de m\u00e9dias ne demandent pas de faveur, mais la reconnaissance de leur m\u00e9rite. \u00bb<\/span><\/p>\n<p><span style=\"font-size: 18px;\">Et d\u2019ajouter : \u00ab permettez-moi ici de r\u00e9affirmer l\u2019engagement de Son Excellence Monsieur le Pr\u00e9sident, le G\u00e9n\u00e9ral Mamadi Doumbouya, et tout le gouvernement, en faveur de la libert\u00e9 de la presse. Nous continuerons \u00e0 \u0153uvrer pour un environnement propice \u00e0 l\u2019exercice du m\u00e9tier de journaliste, \u00e0 renforcer les m\u00e9canismes de protection des professionnels des m\u00e9dias. \u00bb<\/span><\/p>\n<p><strong><span style=\"font-size: 18px;\">Abdoul Lory Sylla pour Guin\u00e9e7.com<\/span><\/strong><!--\/data\/user\/0\/com.samsung.android.app.notes\/files\/clipdata\/clipdata_bodytext_251025_141958_970.sdocx--><\/p>\n<p>L\u2019article <a href=\"https:\/\/www.guinee7.com\/2025\/10\/25\/ces-femmes-qui-inspirent-les-laureates-du-8%E1%B5%89-prix-hadiatou-sow-a-lhonneur\/\">Ces femmes qui inspirent : les laur\u00e9ates du 8\u1d49 prix Hadiatou Sow \u00e0 l\u2019honneur<\/a> est apparu en premier sur <a href=\"https:\/\/www.guinee7.com\/\">Guinee7.com<\/a>.<\/p>\n<\/div>\n","protected":false},"excerpt":{"rendered":"<p>La 8\u1d49 \u00e9dition de la c\u00e9r\u00e9monie de distinction d\u00e9di\u00e9e aux femmes journalistes, \u00ab le Prix Hadiatou Sow du journalisme \u00bb, port\u00e9e par l\u2019Alliance Femmes et M\u00e9dias (AFEM), s\u2019est tenue dans la soir\u00e9e du vendredi 24 octobre \u00e0 Conakry. Cette initiative vise \u00e0 mettre en lumi\u00e8re le parcours, la r\u00e9silience et le courage des femmes \u00e9voluant &hellip;<\/p>\n","protected":false},"author":1,"featured_media":0,"comment_status":"closed","ping_status":"closed","sticky":false,"template":"","format":"standard","meta":{"footnotes":""},"categories":[2],"tags":[22],"_links":{"self":[{"href":"https:\/\/sn.ambaguinee.org\/index.php?rest_route=\/wp\/v2\/posts\/86340"}],"collection":[{"href":"https:\/\/sn.ambaguinee.org\/index.php?rest_route=\/wp\/v2\/posts"}],"about":[{"href":"https:\/\/sn.ambaguinee.org\/index.php?rest_route=\/wp\/v2\/types\/post"}],"author":[{"embeddable":true,"href":"https:\/\/sn.ambaguinee.org\/index.php?rest_route=\/wp\/v2\/users\/1"}],"replies":[{"embeddable":true,"href":"https:\/\/sn.ambaguinee.org\/index.php?rest_route=%2Fwp%2Fv2%2Fcomments&post=86340"}],"version-history":[{"count":0,"href":"https:\/\/sn.ambaguinee.org\/index.php?rest_route=\/wp\/v2\/posts\/86340\/revisions"}],"wp:attachment":[{"href":"https:\/\/sn.ambaguinee.org\/index.php?rest_route=%2Fwp%2Fv2%2Fmedia&parent=86340"}],"wp:term":[{"taxonomy":"category","embeddable":true,"href":"https:\/\/sn.ambaguinee.org\/index.php?rest_route=%2Fwp%2Fv2%2Fcategories&post=86340"},{"taxonomy":"post_tag","embeddable":true,"href":"https:\/\/sn.ambaguinee.org\/index.php?rest_route=%2Fwp%2Fv2%2Ftags&post=86340"}],"curies":[{"name":"wp","href":"https:\/\/api.w.org\/{rel}","templated":true}]}}