{"id":86342,"date":"2025-10-25T23:04:35","date_gmt":"2025-10-25T21:04:35","guid":{"rendered":"https:\/\/sn.ambaguinee.org\/?p=86342"},"modified":"2025-10-25T23:04:35","modified_gmt":"2025-10-25T21:04:35","slug":"eau-et-climat-mouctar-diallo-publie-deux-livres-pour-une-guinee-plus-verte","status":"publish","type":"post","link":"https:\/\/sn.ambaguinee.org\/?p=86342","title":{"rendered":"Eau et climat : Mouctar Diallo publie deux livres pour une Guin\u00e9e plus verte"},"content":{"rendered":"<div>\n<div style=\"margin-bottom:20px;\"><img width=\"1080\" height=\"720\"src=\"https:\/\/i0.wp.com\/www.guinee7.com\/wp-content\/uploads\/2025\/10\/IMG-20251025-WA0031.jpg?w=1080&amp;ssl=1\" class=\"attachment-post-thumbnail size-post-thumbnail wp-post-image\" alt=\"\" decoding=\"async\" srcset=\"https:\/\/i0.wp.com\/www.guinee7.com\/wp-content\/uploads\/2025\/10\/IMG-20251025-WA0031.jpg?w=1080&amp;ssl=1 1080w, https:\/\/i0.wp.com\/www.guinee7.com\/wp-content\/uploads\/2025\/10\/IMG-20251025-WA0031.jpg?resize=300%2C200&amp;ssl=1 300w, https:\/\/i0.wp.com\/www.guinee7.com\/wp-content\/uploads\/2025\/10\/IMG-20251025-WA0031.jpg?resize=1024%2C683&amp;ssl=1 1024w, https:\/\/i0.wp.com\/www.guinee7.com\/wp-content\/uploads\/2025\/10\/IMG-20251025-WA0031.jpg?resize=768%2C512&amp;ssl=1 768w\" sizes=\"(max-width: 1080px) 100vw, 1080px\"><\/div>\n<p><span style=\"font-size: 18px;\">C\u2019est en pr\u00e9sence de ses proches, de ses collaborateurs et d\u2019invit\u00e9s, dont l\u2019ancien Premier ministre Kabin\u00e9 Komara, que Mouctar Diallo, juriste et gestionnaire environnemental, a d\u00e9dicac\u00e9 ce samedi 25 octobre \u00e0 Conakry deux livres consacr\u00e9s \u00e0 l\u2019environnement.<\/span><\/p>\n<p><span style=\"font-size: 18px;\">Il s\u2019agit de : Pour une eau durable en Guin\u00e9e : gouvernance, d\u00e9fis et r\u00e9formes ; Guide pratique du march\u00e9 carbone en Guin\u00e9e : comprendre, structurer et valoriser les projets carbone pour une transition climatique souveraine.<\/span><\/p>\n<p><span style=\"font-size: 18px;\">Apr\u00e8s ces moments d\u2019\u00e9changes, Mouctar Diallo a expliqu\u00e9 la compl\u00e9mentarit\u00e9 de ses travaux : \u00ab En fait, ce sont deux ouvrages compl\u00e9mentaires qui sont tous dans le domaine de l\u2019environnement. Le premier porte sur l\u2019eau et s\u2019intitule Pour une eau durable en Guin\u00e9e. C\u2019est un ouvrage qui analyse \u00e0 la fois les probl\u00e9matiques, les d\u00e9fis, les enjeux et qui propose des solutions pour une meilleure gestion de nos ressources \u00bb, a-t-il expliqu\u00e9.<\/span><\/p>\n<p><span style=\"font-size: 18px;\">Concernant le second livre, il ajoute : \u00ab Le second ouvrage porte sur le climat, et plus particuli\u00e8rement sur le march\u00e9 carbone. Aujourd\u2019hui, il existe un march\u00e9 carbone tr\u00e8s bien structur\u00e9 au niveau international, mais malheureusement, on manque de connaissances et de comp\u00e9tences au niveau local pour monter des projets et capitaliser sur le carbone. Moi, j\u2019ai tenu \u00e0 faire ce guide pour aider tous ceux qui veulent s\u2019investir et investir dans le bon march\u00e9 carbone \u00e0 trouver toutes les r\u00e9ponses aux questions qu\u2019ils se posent, et pour les aider depuis la structuration du projet jusqu\u2019\u00e0 son financement. \u00bb<\/span><\/p>\n<p><span style=\"font-size: 18px;\">Dans Pour une eau durable en Guin\u00e9e, Mouctar Diallo consacre une large partie \u00e0 l\u2019analyse des difficult\u00e9s rencontr\u00e9es dans la gestion des services publics d\u2019eau. \u00ab Qui parle de gestion des services publics d\u2019eau parle de la SEG, la Soci\u00e9t\u00e9 des Eaux de Guin\u00e9e, qui est aujourd\u2019hui la soci\u00e9t\u00e9 qui g\u00e8re ce service. Il y a beaucoup de difficult\u00e9s, beaucoup de d\u00e9fis, et nous avons tenu \u00e0 proposer des solutions pour aider la SEG \u00e0 am\u00e9liorer \u00e0 la fois la gouvernance, mais aussi \u00e0 trouver les voies et moyens pour am\u00e9liorer le service d\u2019eau potable pour le bonheur des Guin\u00e9ens. \u00bb<\/span><\/p>\n<p><span style=\"font-size: 18px;\">Publi\u00e9 en France par L\u2019Harmattan, l\u2019ouvrage a d\u2019abord \u00e9t\u00e9 pr\u00e9sent\u00e9 \u00e0 Paris. \u00ab Malgr\u00e9 qu\u2019il y ait eu une d\u00e9dicace l\u00e0-bas, j\u2019ai tenu \u00e0 ce que ce soit aussi en Guin\u00e9e, pour faire conna\u00eetre le livre, parce qu\u2019il est avant tout destin\u00e9 au public guin\u00e9en. J\u2019ai pr\u00e9f\u00e9r\u00e9 attendre la sortie du second ouvrage, Guide du march\u00e9 carbone, \u00e9dit\u00e9 par la maison d\u2019\u00e9dition guin\u00e9enne Dardia \u00c9ditions. J\u2019ai tenu \u00e0 ce que ces deux \u00e9v\u00e9nements se fassent par la m\u00eame occasion, ce qui explique cette double d\u00e9dicace \u00bb, a-t-il indiqu\u00e9.<\/span><\/p>\n<p><strong><span style=\"font-size: 18px;\">L\u2019environnement, un champ d\u2019action prioritaire<\/span><\/strong><\/p>\n<p><span style=\"font-size: 18px;\">Pour l\u2019auteur, les enjeux environnementaux d\u00e9passent largement le cadre de ces deux th\u00e9matiques : \u00ab Comme je le disais, l\u2019environnement, c\u2019est tr\u00e8s vaste. Il y a beaucoup d\u2019autres secteurs qui ne sont pas encore touch\u00e9s. En tant que sp\u00e9cialiste de ces deux questions \u2013 l\u2019eau et le climat \u2013, j\u2019ai tenu \u00e0 \u00e9crire, \u00e0 t\u00e9moigner et \u00e0 partager mon exp\u00e9rience dans ces deux domaines. \u00bb<\/span><\/p>\n<p><span style=\"font-size: 18px;\">Son public cible est d\u2019abord guin\u00e9en : d\u00e9cideurs, associations, ONG, collectivit\u00e9s locales, \u00e9tudiants et jeunes int\u00e9ress\u00e9s par les questions \u00e9cologiques.<\/span><\/p>\n<p><strong><span style=\"font-size: 18px;\">Des perspectives d\u2019action sur le terrain<\/span><\/strong><\/p>\n<p><span style=\"font-size: 18px;\">Mouctar Diallo ne compte pas s\u2019arr\u00eater \u00e0 la publication de ses ouvrages. \u00ab \u00c0 court terme, je compte faire une tourn\u00e9e de sensibilisation et de pr\u00e9sentation des ouvrages dans certaines \u00e9coles et universit\u00e9s. Je suis aussi invit\u00e9 par beaucoup d\u2019associations, et je compte y aller pour t\u00e9moigner, partager mon exp\u00e9rience avec les jeunes. \u00c0 moyen terme, je compte mettre en place des structures au niveau local pour former, dans toutes les sous-pr\u00e9fectures et dans toutes nos communes, des sp\u00e9cialistes des questions du carbone. Il y a beaucoup de groupements en milieu rural qui pourraient capitaliser sur le march\u00e9 carbone, mais faute de connaissances et d\u2019accompagnement, il y a beaucoup de manque \u00e0 gagner. Donc \u00e0 moyen terme, je compte accompagner ces structures sur tout l\u2019\u00e9chiquier national, leur expliquer les opportunit\u00e9s existantes et les aider \u00e0 les saisir. \u00bb<\/span><\/p>\n<p><strong><span style=\"font-size: 18px;\">Abdoul Lory Sylla pour guinee7.com<\/span><\/strong><!--\/data\/user\/0\/com.samsung.android.app.notes\/files\/clipdata\/clipdata_bodytext_251025_205524_004.sdocx--><\/p>\n<p>L\u2019article <a href=\"https:\/\/www.guinee7.com\/2025\/10\/25\/eau-et-climat-mouctar-diallo-publie-deux-livres-pour-une-guinee-plus-verte\/\">Eau et climat : Mouctar Diallo publie deux livres pour une Guin\u00e9e plus verte<\/a> est apparu en premier sur <a href=\"https:\/\/www.guinee7.com\/\">Guinee7.com<\/a>.<\/p>\n<\/div>\n","protected":false},"excerpt":{"rendered":"<p>C\u2019est en pr\u00e9sence de ses proches, de ses collaborateurs et d\u2019invit\u00e9s, dont l\u2019ancien Premier ministre Kabin\u00e9 Komara, que Mouctar Diallo, juriste et gestionnaire environnemental, a d\u00e9dicac\u00e9 ce samedi 25 octobre \u00e0 Conakry deux livres consacr\u00e9s \u00e0 l\u2019environnement. Il s\u2019agit de : Pour une eau durable en Guin\u00e9e : gouvernance, d\u00e9fis et r\u00e9formes ; Guide pratique &hellip;<\/p>\n","protected":false},"author":1,"featured_media":0,"comment_status":"closed","ping_status":"closed","sticky":false,"template":"","format":"standard","meta":{"footnotes":""},"categories":[2],"tags":[22],"_links":{"self":[{"href":"https:\/\/sn.ambaguinee.org\/index.php?rest_route=\/wp\/v2\/posts\/86342"}],"collection":[{"href":"https:\/\/sn.ambaguinee.org\/index.php?rest_route=\/wp\/v2\/posts"}],"about":[{"href":"https:\/\/sn.ambaguinee.org\/index.php?rest_route=\/wp\/v2\/types\/post"}],"author":[{"embeddable":true,"href":"https:\/\/sn.ambaguinee.org\/index.php?rest_route=\/wp\/v2\/users\/1"}],"replies":[{"embeddable":true,"href":"https:\/\/sn.ambaguinee.org\/index.php?rest_route=%2Fwp%2Fv2%2Fcomments&post=86342"}],"version-history":[{"count":0,"href":"https:\/\/sn.ambaguinee.org\/index.php?rest_route=\/wp\/v2\/posts\/86342\/revisions"}],"wp:attachment":[{"href":"https:\/\/sn.ambaguinee.org\/index.php?rest_route=%2Fwp%2Fv2%2Fmedia&parent=86342"}],"wp:term":[{"taxonomy":"category","embeddable":true,"href":"https:\/\/sn.ambaguinee.org\/index.php?rest_route=%2Fwp%2Fv2%2Fcategories&post=86342"},{"taxonomy":"post_tag","embeddable":true,"href":"https:\/\/sn.ambaguinee.org\/index.php?rest_route=%2Fwp%2Fv2%2Ftags&post=86342"}],"curies":[{"name":"wp","href":"https:\/\/api.w.org\/{rel}","templated":true}]}}