{"id":86476,"date":"2025-10-28T23:06:45","date_gmt":"2025-10-28T22:06:45","guid":{"rendered":"https:\/\/sn.ambaguinee.org\/?p=86476"},"modified":"2025-10-28T23:06:45","modified_gmt":"2025-10-28T22:06:45","slug":"damaro-camara-pourrait-etre-libre-apres-quatre-ans-de-detention-la-crief-ordonne-sa-liberation","status":"publish","type":"post","link":"https:\/\/sn.ambaguinee.org\/?p=86476","title":{"rendered":"Damaro Camara pourrait \u00eatre libre apr\u00e8s quatre ans de d\u00e9tention : la CRIEF ordonne sa lib\u00e9ration"},"content":{"rendered":"<div>\n<div style=\"margin-bottom:20px;\"><img width=\"800\" height=\"360\"src=\"https:\/\/i0.wp.com\/www.guinee7.com\/wp-content\/uploads\/2023\/10\/Amadou-Damaro-Camara.jpg?w=800&amp;ssl=1\" class=\"attachment-post-thumbnail size-post-thumbnail wp-post-image\" alt=\"\" decoding=\"async\" loading=\"lazy\" srcset=\"https:\/\/i0.wp.com\/www.guinee7.com\/wp-content\/uploads\/2023\/10\/Amadou-Damaro-Camara.jpg?w=800&amp;ssl=1 800w, https:\/\/i0.wp.com\/www.guinee7.com\/wp-content\/uploads\/2023\/10\/Amadou-Damaro-Camara.jpg?resize=300%2C135&amp;ssl=1 300w, https:\/\/i0.wp.com\/www.guinee7.com\/wp-content\/uploads\/2023\/10\/Amadou-Damaro-Camara.jpg?resize=768%2C346&amp;ssl=1 768w\" sizes=\"auto, (max-width: 800px) 100vw, 800px\"><\/div>\n<p><span style=\"font-size: 18px;\">Apr\u00e8s quatre ann\u00e9es de d\u00e9tention, l\u2019ancien pr\u00e9sident de l\u2019Assembl\u00e9e nationale sous le r\u00e9gime d\u00e9chu, Amadou Damaro Camara, a \u00e9t\u00e9 lib\u00e9r\u00e9 ce mardi 28 octobre 2025 par la Cour de R\u00e9pression des Infractions \u00c9conomiques et Financi\u00e8res (CRIEF).<\/span><\/p>\n<p><span style=\"font-size: 18px;\">Selon nos confr\u00e8res de Mediaguinee.com, Damaro Camara a quitt\u00e9 l\u2019h\u00f4pital sino-guin\u00e9en, o\u00f9 il \u00e9tait hospitalis\u00e9 depuis plus de deux ans, pour regagner son domicile dans la journ\u00e9e de ce mardi.<\/span><\/p>\n<p><span style=\"font-size: 18px;\">Poursuivi pour d\u00e9tournement de deniers publics portant sur un montant estim\u00e9 \u00e0 15 milliards de francs guin\u00e9ens, l\u2019ancien pr\u00e9sident du Parlement \u00e9tait inculp\u00e9 dans le cadre du projet de construction du nouveau si\u00e8ge de l\u2019Assembl\u00e9e nationale \u00e0 Koloma.<\/span><\/p>\n<p><strong><span style=\"font-size: 18px;\">Abdoul Lory Sylla pour guinee7.com<\/span><\/strong><!--\/data\/user\/0\/com.samsung.android.app.notes\/files\/clipdata\/clipdata_bodytext_251028_204043_149.sdocx--><\/p>\n<p>L\u2019article <a href=\"https:\/\/www.guinee7.com\/2025\/10\/28\/damaro-camara-pourrait-etre-libre-apres-quatre-ans-de-detention-la-crief-ordonne-sa-liberation\/\">Damaro Camara pourrait \u00eatre libre apr\u00e8s quatre ans de d\u00e9tention : la CRIEF ordonne sa lib\u00e9ration<\/a> est apparu en premier sur <a href=\"https:\/\/www.guinee7.com\/\">Guinee7.com<\/a>.<\/p>\n<\/div>\n","protected":false},"excerpt":{"rendered":"<p>Apr\u00e8s quatre ann\u00e9es de d\u00e9tention, l\u2019ancien pr\u00e9sident de l\u2019Assembl\u00e9e nationale sous le r\u00e9gime d\u00e9chu, Amadou Damaro Camara, a \u00e9t\u00e9 lib\u00e9r\u00e9 ce mardi 28 octobre 2025 par la Cour de R\u00e9pression des Infractions \u00c9conomiques et Financi\u00e8res (CRIEF). Selon nos confr\u00e8res de Mediaguinee.com, Damaro Camara a quitt\u00e9 l\u2019h\u00f4pital sino-guin\u00e9en, o\u00f9 il \u00e9tait hospitalis\u00e9 depuis plus de deux &hellip;<\/p>\n","protected":false},"author":1,"featured_media":0,"comment_status":"closed","ping_status":"closed","sticky":false,"template":"","format":"standard","meta":{"footnotes":""},"categories":[2],"tags":[22],"_links":{"self":[{"href":"https:\/\/sn.ambaguinee.org\/index.php?rest_route=\/wp\/v2\/posts\/86476"}],"collection":[{"href":"https:\/\/sn.ambaguinee.org\/index.php?rest_route=\/wp\/v2\/posts"}],"about":[{"href":"https:\/\/sn.ambaguinee.org\/index.php?rest_route=\/wp\/v2\/types\/post"}],"author":[{"embeddable":true,"href":"https:\/\/sn.ambaguinee.org\/index.php?rest_route=\/wp\/v2\/users\/1"}],"replies":[{"embeddable":true,"href":"https:\/\/sn.ambaguinee.org\/index.php?rest_route=%2Fwp%2Fv2%2Fcomments&post=86476"}],"version-history":[{"count":0,"href":"https:\/\/sn.ambaguinee.org\/index.php?rest_route=\/wp\/v2\/posts\/86476\/revisions"}],"wp:attachment":[{"href":"https:\/\/sn.ambaguinee.org\/index.php?rest_route=%2Fwp%2Fv2%2Fmedia&parent=86476"}],"wp:term":[{"taxonomy":"category","embeddable":true,"href":"https:\/\/sn.ambaguinee.org\/index.php?rest_route=%2Fwp%2Fv2%2Fcategories&post=86476"},{"taxonomy":"post_tag","embeddable":true,"href":"https:\/\/sn.ambaguinee.org\/index.php?rest_route=%2Fwp%2Fv2%2Ftags&post=86476"}],"curies":[{"name":"wp","href":"https:\/\/api.w.org\/{rel}","templated":true}]}}