{"id":8655,"date":"2021-05-24T23:01:58","date_gmt":"2021-05-24T21:01:58","guid":{"rendered":"https:\/\/sn.ambaguinee.org\/?p=8655"},"modified":"2021-05-24T23:01:58","modified_gmt":"2021-05-24T21:01:58","slug":"italie-suicide-dun-migrant-guineen-en-instance-dexpulsion","status":"publish","type":"post","link":"https:\/\/sn.ambaguinee.org\/?p=8655","title":{"rendered":"Italie : suicide d\u2019un migrant guin\u00e9en en instance d\u2019expulsion"},"content":{"rendered":"<div>\n<p>Un migrant guin\u00e9en qui avait surv\u00e9cu \u00e0 une attaque violente d\u00e9but mai, mais faisait l\u2019objet d\u2019une proc\u00e9dure d\u2019expulsion s\u2019est suicid\u00e9, a annonc\u00e9 lundi son avocat.<\/p>\n<p>Mosua Bald\u00e9, 23 ans, avait \u00e9t\u00e9 attaqu\u00e9 par trois hommes le 9 mai \u00e0 Vintimille, une ville c\u00f4ti\u00e8re pr\u00e8s de la fronti\u00e8re avec la France, alors qu\u2019il mendiait pr\u00e8s d\u2019un supermarch\u00e9. <\/p>\n<p>La vid\u00e9o de cette agression avait \u00e9t\u00e9 largement diffus\u00e9e sur les m\u00e9dias et r\u00e9seaux sociaux de la p\u00e9ninsule. <\/p>\n<p>Le lendemain, la police avait identifi\u00e9 les agresseurs, engageant une proc\u00e9dure contre eux mais sans proc\u00e9der \u00e0 leur arrestation. <\/p>\n<p>Apr\u00e8s avoir re\u00e7u des soins \u00e0 l\u2019h\u00f4pital, Mosua Bald\u00e9, sans permis de s\u00e9jour, avait re\u00e7u un avis d\u2019expulsion et \u00e9t\u00e9 plac\u00e9 dans un centre de d\u00e9tention \u00e0 Turin, la capitale du Pi\u00e9mont (Nord-Ouest). <\/p>\n<p>Le jeune guin\u00e9en, plac\u00e9 \u00e0 l\u2019isolement pour des \u201craisons m\u00e9dicales\u201d non pr\u00e9cis\u00e9es, a \u00e9t\u00e9 retrouv\u00e9 mort dans sa chambre dimanche matin, a pr\u00e9cis\u00e9 son avocat Gianluca Vitale \u00e0 l\u2019AFP. <\/p>\n<p>Mosua Bald\u00e9, qui n\u2019avait pas r\u00e9ussi \u00e0 obtenir le droit d\u2019asile, vivait depuis quelque temps en Italie pr\u00e8s de la fronti\u00e8re fran\u00e7aise, et avait aussi v\u00e9cu auparavant en France, selon l\u2019avocat, qui l\u2019a vu pour la derni\u00e8re fois vendredi. Me Vitale cherchait \u00e0 stopper son expulsion et \u00e0 pr\u00e9senter une nouvelle demande d\u2019asile. <\/p>\n<p>\u201cMalheureusement, nous n\u2019avons pas eu le temps de le faire\u201d, a-t-il comment\u00e9. <\/p>\n<p>L\u2019Italie est souvent le lieu d\u2019arriv\u00e9e en Europe des migrants africains recherchant une vie meilleure sur le continent. Nombre d\u2019entre eux cherchent ensuite \u00e0 rejoindre les pays plus riches du Nord de l\u2019Europe. <\/p>\n<p><strong>Belga<\/strong><\/p>\n<p>L\u2019article <a rel=\"nofollow\" href=\"https:\/\/mediaguinee.org\/italie-suicide-dun-migrant-guineen-en-instance-dexpulsion\/\">Italie : suicide d\u2019un migrant guin\u00e9en en instance d\u2019expulsion<\/a> est apparu en premier sur <a rel=\"nofollow\" href=\"https:\/\/mediaguinee.org\/\">Mediaguinee.org<\/a>.<\/p>\n<\/div>\n","protected":false},"excerpt":{"rendered":"<p>Un migrant guin\u00e9en qui avait surv\u00e9cu \u00e0 une attaque violente d\u00e9but mai, mais faisait l\u2019objet d\u2019une proc\u00e9dure d\u2019expulsion s\u2019est suicid\u00e9, a annonc\u00e9 lundi son avocat. Mosua Bald\u00e9, 23 ans, avait \u00e9t\u00e9 attaqu\u00e9 par trois hommes le 9 mai \u00e0 Vintimille, une ville c\u00f4ti\u00e8re pr\u00e8s de la fronti\u00e8re avec la France, alors qu\u2019il mendiait pr\u00e8s d\u2019un &hellip;<\/p>\n","protected":false},"author":1,"featured_media":0,"comment_status":"closed","ping_status":"closed","sticky":false,"template":"","format":"standard","meta":{"footnotes":""},"categories":[2],"tags":[23],"_links":{"self":[{"href":"https:\/\/sn.ambaguinee.org\/index.php?rest_route=\/wp\/v2\/posts\/8655"}],"collection":[{"href":"https:\/\/sn.ambaguinee.org\/index.php?rest_route=\/wp\/v2\/posts"}],"about":[{"href":"https:\/\/sn.ambaguinee.org\/index.php?rest_route=\/wp\/v2\/types\/post"}],"author":[{"embeddable":true,"href":"https:\/\/sn.ambaguinee.org\/index.php?rest_route=\/wp\/v2\/users\/1"}],"replies":[{"embeddable":true,"href":"https:\/\/sn.ambaguinee.org\/index.php?rest_route=%2Fwp%2Fv2%2Fcomments&post=8655"}],"version-history":[{"count":0,"href":"https:\/\/sn.ambaguinee.org\/index.php?rest_route=\/wp\/v2\/posts\/8655\/revisions"}],"wp:attachment":[{"href":"https:\/\/sn.ambaguinee.org\/index.php?rest_route=%2Fwp%2Fv2%2Fmedia&parent=8655"}],"wp:term":[{"taxonomy":"category","embeddable":true,"href":"https:\/\/sn.ambaguinee.org\/index.php?rest_route=%2Fwp%2Fv2%2Fcategories&post=8655"},{"taxonomy":"post_tag","embeddable":true,"href":"https:\/\/sn.ambaguinee.org\/index.php?rest_route=%2Fwp%2Fv2%2Ftags&post=8655"}],"curies":[{"name":"wp","href":"https:\/\/api.w.org\/{rel}","templated":true}]}}