{"id":86551,"date":"2025-10-29T23:01:41","date_gmt":"2025-10-29T22:01:41","guid":{"rendered":"https:\/\/sn.ambaguinee.org\/?p=86551"},"modified":"2025-10-29T23:01:41","modified_gmt":"2025-10-29T22:01:41","slug":"affaire-telly-oury-diallo-le-parquet-de-dixinn-brise-le-silence","status":"publish","type":"post","link":"https:\/\/sn.ambaguinee.org\/?p=86551","title":{"rendered":"Affaire Telly Oury Diallo : le parquet de Dixinn brise le silence"},"content":{"rendered":"<div>\n<div style=\"margin-bottom:20px;\"><img width=\"1366\" height=\"1365\"src=\"https:\/\/i0.wp.com\/www.guinee7.com\/wp-content\/uploads\/2025\/10\/IMG-20251029-WA0025.jpg?w=1366&amp;ssl=1\" class=\"attachment-post-thumbnail size-post-thumbnail wp-post-image\" alt=\"\" decoding=\"async\" loading=\"lazy\" srcset=\"https:\/\/i0.wp.com\/www.guinee7.com\/wp-content\/uploads\/2025\/10\/IMG-20251029-WA0025.jpg?w=1366&amp;ssl=1 1366w, https:\/\/i0.wp.com\/www.guinee7.com\/wp-content\/uploads\/2025\/10\/IMG-20251029-WA0025.jpg?resize=300%2C300&amp;ssl=1 300w, https:\/\/i0.wp.com\/www.guinee7.com\/wp-content\/uploads\/2025\/10\/IMG-20251029-WA0025.jpg?resize=1024%2C1024&amp;ssl=1 1024w, https:\/\/i0.wp.com\/www.guinee7.com\/wp-content\/uploads\/2025\/10\/IMG-20251029-WA0025.jpg?resize=150%2C150&amp;ssl=1 150w, https:\/\/i0.wp.com\/www.guinee7.com\/wp-content\/uploads\/2025\/10\/IMG-20251029-WA0025.jpg?resize=768%2C767&amp;ssl=1 768w\" sizes=\"auto, (max-width: 1366px) 100vw, 1366px\"><\/div>\n<p><span style=\"font-size: 18px;\">Le parquet pr\u00e8s le Tribunal de Premi\u00e8re Instance (TPI) de Dixinn a publi\u00e9, ce mercredi 29 octobre 2025, un communiqu\u00e9 de presse relatif \u00e0 une affaire de vol pr\u00e9sum\u00e9 impliquant une \u00e9l\u00e8ve du nom de Telly Oury Diallo, domicili\u00e9e \u00e0 Hamdallaye-Mosqu\u00e9e. Cette affaire suscite depuis plusieurs jours de vifs commentaires sur les r\u00e9seaux sociaux.<\/span><\/p>\n<p><span style=\"font-size: 18px;\">Selon le communiqu\u00e9 sign\u00e9 par le procureur Algassimou Diallo, tout est parti d\u2019une plainte d\u00e9pos\u00e9e le samedi 25 octobre 2025 par Lamarana Diallo, un citoyen r\u00e9sidant \u00e0 Cosa, aupr\u00e8s de l\u2019Escadron de Gendarmerie Mobile n\u00b018 du m\u00eame quartier.<\/span><br \/><span style=\"font-size: 18px;\">Le plaignant accuse la jeune fille d\u2019avoir soustrait une somme de 15 000 dollars US dans sa voiture.<\/span><\/p>\n<p><span style=\"font-size: 18px;\">Le document pr\u00e9cise que les premiers \u00e9l\u00e9ments de l\u2019enqu\u00eate, notamment l\u2019exploitation du compte Orange Money de la suspecte, ont conduit \u00e0 la d\u00e9livrance d\u2019une r\u00e9quisition de comparution forc\u00e9e adress\u00e9e \u00e0 l\u2019officier de police judiciaire en charge du dossier.<\/span><\/p>\n<p><span style=\"font-size: 18px;\">En se r\u00e9f\u00e9rant \u00e0 l\u2019article 81, alin\u00e9a 3 du Code de proc\u00e9dure p\u00e9nale, le parquet rappelle que lorsqu\u2019une personne convoqu\u00e9e ne r\u00e9pond pas, ou qu\u2019il existe des craintes qu\u2019elle ne se pr\u00e9sente pas, elle peut \u00eatre contrainte \u00e0 compara\u00eetre par la force publique, apr\u00e8s autorisation du procureur. C\u2019est dans ce cadre que la r\u00e9quisition a \u00e9t\u00e9 \u00e9mise.<\/span><\/p>\n<p><span style=\"font-size: 18px;\">Ainsi, dans la matin\u00e9e du mardi 28 octobre 2025, la mise en cause a \u00e9t\u00e9 interpell\u00e9e \u00e0 Hamdallaye-Mosqu\u00e9e et conduite \u00e0 l\u2019unit\u00e9 de gendarmerie pour la poursuite des enqu\u00eates.<\/span><\/p>\n<p><span style=\"font-size: 18px;\">En attendant le d\u00e9ferrement de la proc\u00e9dure devant le parquet, les autorit\u00e9s judiciaires appellent la population \u00e0 la retenue et \u00e0 la maturit\u00e9, tout en promettant une communication ult\u00e9rieure sur l\u2019\u00e9volution du dossier.<\/span><\/p>\n<p><strong><span style=\"font-size: 18px;\">Abdoul Lory Sylla pour guinee7.com<\/span><\/strong><!--\/data\/user\/0\/com.samsung.android.app.notes\/files\/clipdata\/clipdata_bodytext_251029_191344_972.sdocx--><\/p>\n<p>L\u2019article <a href=\"https:\/\/www.guinee7.com\/2025\/10\/29\/affaire-telly-oury-diallo-le-parquet-de-dixinn-brise-le-silence\/\">Affaire Telly Oury Diallo : le parquet de Dixinn brise le silence<\/a> est apparu en premier sur <a href=\"https:\/\/www.guinee7.com\/\">Guinee7.com<\/a>.<\/p>\n<\/div>\n","protected":false},"excerpt":{"rendered":"<p>Le parquet pr\u00e8s le Tribunal de Premi\u00e8re Instance (TPI) de Dixinn a publi\u00e9, ce mercredi 29 octobre 2025, un communiqu\u00e9 de presse relatif \u00e0 une affaire de vol pr\u00e9sum\u00e9 impliquant une \u00e9l\u00e8ve du nom de Telly Oury Diallo, domicili\u00e9e \u00e0 Hamdallaye-Mosqu\u00e9e. Cette affaire suscite depuis plusieurs jours de vifs commentaires sur les r\u00e9seaux sociaux. Selon &hellip;<\/p>\n","protected":false},"author":1,"featured_media":0,"comment_status":"closed","ping_status":"closed","sticky":false,"template":"","format":"standard","meta":{"footnotes":""},"categories":[2],"tags":[22],"_links":{"self":[{"href":"https:\/\/sn.ambaguinee.org\/index.php?rest_route=\/wp\/v2\/posts\/86551"}],"collection":[{"href":"https:\/\/sn.ambaguinee.org\/index.php?rest_route=\/wp\/v2\/posts"}],"about":[{"href":"https:\/\/sn.ambaguinee.org\/index.php?rest_route=\/wp\/v2\/types\/post"}],"author":[{"embeddable":true,"href":"https:\/\/sn.ambaguinee.org\/index.php?rest_route=\/wp\/v2\/users\/1"}],"replies":[{"embeddable":true,"href":"https:\/\/sn.ambaguinee.org\/index.php?rest_route=%2Fwp%2Fv2%2Fcomments&post=86551"}],"version-history":[{"count":0,"href":"https:\/\/sn.ambaguinee.org\/index.php?rest_route=\/wp\/v2\/posts\/86551\/revisions"}],"wp:attachment":[{"href":"https:\/\/sn.ambaguinee.org\/index.php?rest_route=%2Fwp%2Fv2%2Fmedia&parent=86551"}],"wp:term":[{"taxonomy":"category","embeddable":true,"href":"https:\/\/sn.ambaguinee.org\/index.php?rest_route=%2Fwp%2Fv2%2Fcategories&post=86551"},{"taxonomy":"post_tag","embeddable":true,"href":"https:\/\/sn.ambaguinee.org\/index.php?rest_route=%2Fwp%2Fv2%2Ftags&post=86551"}],"curies":[{"name":"wp","href":"https:\/\/api.w.org\/{rel}","templated":true}]}}