{"id":86611,"date":"2025-10-30T23:01:27","date_gmt":"2025-10-30T22:01:27","guid":{"rendered":"https:\/\/sn.ambaguinee.org\/?p=86611"},"modified":"2025-10-30T23:01:27","modified_gmt":"2025-10-30T22:01:27","slug":"former-pour-creer-la-cite-des-arts-mise-sur-lemploi-des-jeunes-a-travers-la-musique","status":"publish","type":"post","link":"https:\/\/sn.ambaguinee.org\/?p=86611","title":{"rendered":"Former pour cr\u00e9er : la Cit\u00e9 des arts mise sur l\u2019emploi des jeunes \u00e0 travers la musique"},"content":{"rendered":"<div>\n<div style=\"margin-bottom:20px;\"><img width=\"1280\" height=\"774\"src=\"https:\/\/i0.wp.com\/www.guinee7.com\/wp-content\/uploads\/2025\/10\/IMG-20251030-WA0024.jpg?w=1280&amp;ssl=1\" class=\"attachment-post-thumbnail size-post-thumbnail wp-post-image\" alt=\"\" decoding=\"async\" loading=\"lazy\" srcset=\"https:\/\/i0.wp.com\/www.guinee7.com\/wp-content\/uploads\/2025\/10\/IMG-20251030-WA0024.jpg?w=1280&amp;ssl=1 1280w, https:\/\/i0.wp.com\/www.guinee7.com\/wp-content\/uploads\/2025\/10\/IMG-20251030-WA0024.jpg?resize=300%2C181&amp;ssl=1 300w, https:\/\/i0.wp.com\/www.guinee7.com\/wp-content\/uploads\/2025\/10\/IMG-20251030-WA0024.jpg?resize=1024%2C619&amp;ssl=1 1024w, https:\/\/i0.wp.com\/www.guinee7.com\/wp-content\/uploads\/2025\/10\/IMG-20251030-WA0024.jpg?resize=768%2C464&amp;ssl=1 768w\" sizes=\"auto, (max-width: 1280px) 100vw, 1280px\"><\/div>\n<p><span style=\"font-size: 18px;\">La c\u00e9r\u00e9monie de remise des satisfecits de la formation en Musique assist\u00e9e par ordinateur (MAO), ax\u00e9e sur le mixage et le mastering, s\u2019est tenue ce jeudi 30 octobre 2025 \u00e0 la Cit\u00e9 des sciences de Ratoma, en pr\u00e9sence du ministre de la Culture et de l\u2019Artisanat, Moussa Mo\u00efse Sylla. <\/span><\/p>\n<p><span style=\"font-size: 18px;\">Cette formation, organis\u00e9e dans le cadre du programme \u00ab Les Rues du Sud \u00bb, a permis \u00e0 seize jeunes talents de renforcer leurs comp\u00e9tences dans les m\u00e9tiers du son. Les deux meilleurs participants b\u00e9n\u00e9ficieront d\u2019un stage \u00e0 Marseille en mars 2026. <\/span><\/p>\n<p><span style=\"font-size: 18px;\">Pour Moussa M\u2019baye, administrateur de la Cit\u00e9 des arts, cette initiative s\u2019inscrit pleinement dans la mission de l\u2019institution : \u00ab La Cit\u00e9 des arts, c\u2019est l\u2019\u00e9cole des industries culturelles et cr\u00e9atives. Elle a pour ambition de former les professionnels du secteur de la culture et des industries culturelles et cr\u00e9atives. \u00bb <\/span><\/p>\n<p><span style=\"font-size: 18px;\">\u00c9voquant la formation, il ajoute : \u00ab C\u2019est d\u2019aider \u00e0 la mont\u00e9e en comp\u00e9tence de tout ce qui est ing\u00e9nieurs du son, techniciens de studios, beatmakers, pour qu\u2019ils puissent finaliser leur processus de cr\u00e9ation. Vous savez, il y a la partie cr\u00e9ation de la musique, mais apr\u00e8s, il y a toute la partie mixage (\u2026) Ce qu\u2019on veut apporter \u00e0 ces jeunes, mais aussi dans le secteur de la culture, c\u2019est la cr\u00e9ation de richesses. Ce qu\u2019on voudrait, c\u2019est qu\u2019\u00e0 un moment donn\u00e9 on arr\u00eate de dire que tel qui \u00e9tait ing\u00e9nieur du son, beatmaker ou artiste, que chacun donne un peu pour qu\u2019il aille se faire soigner. Il faudrait que les jeunes Guin\u00e9ens, quel que soit le domaine dans lequel ils sont, qu\u2019ils aient un m\u00e9tier qui leur permette de pouvoir se construire et donner du travail. \u00bb <\/span><\/p>\n<p><span style=\"font-size: 18px;\">Parmi les b\u00e9n\u00e9ficiaires, Ansoumane Traor\u00e9 se r\u00e9jouit de cette opportunit\u00e9 : \u00ab Il y avait des lacunes dans certaines choses. J\u2019ai b\u00e9n\u00e9fici\u00e9 d\u2019une formation avec la Cit\u00e9 des arts et je la remercie vraiment. Cela va beaucoup m\u2019aider d\u2019un point de vue lucratif. \u00bb <\/span><\/p>\n<p><span style=\"font-size: 18px;\">De son c\u00f4t\u00e9, le ministre de la Culture et de l\u2019Artisanat, Moussa Mo\u00efse Sylla, a salu\u00e9 l\u2019initiative : \u00ab L\u2019\u00c9tat a compris tr\u00e8s t\u00f4t que c\u2019\u00e9tait une \u00e9norme opportunit\u00e9 en termes de cr\u00e9ation d\u2019emplois, mais aussi de cr\u00e9ation de richesses pour les jeunes. C\u2019est pourquoi le minist\u00e8re de la Culture a mis en place une direction essentiellement tourn\u00e9e vers le d\u00e9veloppement et la structuration des industries culturelles et cr\u00e9atives. \u00bb <\/span><\/p>\n<p><span style=\"font-size: 18px;\">Et de poursuivre : \u00ab Le minist\u00e8re de la Culture sera toujours \u00e0 vos c\u00f4t\u00e9s. En ayant \u00e9cout\u00e9 tout ce que j\u2019ai entendu, je voudrais vous rassurer que nous donnerons des instructions afin que le FODAC, la direction des industries culturelles et cr\u00e9atives travaillent avec Moussa M\u2019baye afin de mettre en place un vrai programme. Parce que nous, en tant que minist\u00e8re, nous n\u2019avons pas pour vocation d\u2019enseigner (\u2026). Mais nous pouvons structurer et donner le contenu qu\u2019il faut, parce que nous connaissons le besoin du march\u00e9. \u00bb <\/span><\/p>\n<p><span style=\"font-size: 18px;\">La c\u00e9r\u00e9monie a \u00e9galement enregistr\u00e9 la pr\u00e9sence de Mme Aminata Kouyat\u00e9, directrice nationale de l\u2019emploi et de l\u2019auto-emploi au minist\u00e8re de la Jeunesse, de Malick K\u00e9b\u00e9 du Fonds de d\u00e9veloppement des arts et de la culture (FODAC), et de Lucie Touya, directrice du Centre culturel franco-guin\u00e9en (CCFG). Tous ont salu\u00e9 cette initiative et r\u00e9affirm\u00e9 leur engagement \u00e0 accompagner la Cit\u00e9 des arts pour qu\u2019un plus grand nombre de jeunes Guin\u00e9ens puisse en b\u00e9n\u00e9ficier. <\/span><\/p>\n<p><strong><span style=\"font-size: 18px;\">Abdoul Lory Sylla pour guinee7.com<\/span><\/strong><!--\/data\/user\/0\/com.samsung.android.app.notes\/files\/clipdata\/clipdata_bodytext_251030_170826_574.sdocx--><\/p>\n<p>L\u2019article <a href=\"https:\/\/www.guinee7.com\/2025\/10\/30\/former-pour-creer-la-cite-des-arts-mise-sur-lemploi-des-jeunes-a-travers-la-musique\/\">Former pour cr\u00e9er : la Cit\u00e9 des arts mise sur l\u2019emploi des jeunes \u00e0 travers la musique<\/a> est apparu en premier sur <a href=\"https:\/\/www.guinee7.com\/\">Guinee7.com<\/a>.<\/p>\n<\/div>\n","protected":false},"excerpt":{"rendered":"<p>La c\u00e9r\u00e9monie de remise des satisfecits de la formation en Musique assist\u00e9e par ordinateur (MAO), ax\u00e9e sur le mixage et le mastering, s\u2019est tenue ce jeudi 30 octobre 2025 \u00e0 la Cit\u00e9 des sciences de Ratoma, en pr\u00e9sence du ministre de la Culture et de l\u2019Artisanat, Moussa Mo\u00efse Sylla. Cette formation, organis\u00e9e dans le cadre &hellip;<\/p>\n","protected":false},"author":1,"featured_media":0,"comment_status":"closed","ping_status":"closed","sticky":false,"template":"","format":"standard","meta":{"footnotes":""},"categories":[2],"tags":[22],"_links":{"self":[{"href":"https:\/\/sn.ambaguinee.org\/index.php?rest_route=\/wp\/v2\/posts\/86611"}],"collection":[{"href":"https:\/\/sn.ambaguinee.org\/index.php?rest_route=\/wp\/v2\/posts"}],"about":[{"href":"https:\/\/sn.ambaguinee.org\/index.php?rest_route=\/wp\/v2\/types\/post"}],"author":[{"embeddable":true,"href":"https:\/\/sn.ambaguinee.org\/index.php?rest_route=\/wp\/v2\/users\/1"}],"replies":[{"embeddable":true,"href":"https:\/\/sn.ambaguinee.org\/index.php?rest_route=%2Fwp%2Fv2%2Fcomments&post=86611"}],"version-history":[{"count":0,"href":"https:\/\/sn.ambaguinee.org\/index.php?rest_route=\/wp\/v2\/posts\/86611\/revisions"}],"wp:attachment":[{"href":"https:\/\/sn.ambaguinee.org\/index.php?rest_route=%2Fwp%2Fv2%2Fmedia&parent=86611"}],"wp:term":[{"taxonomy":"category","embeddable":true,"href":"https:\/\/sn.ambaguinee.org\/index.php?rest_route=%2Fwp%2Fv2%2Fcategories&post=86611"},{"taxonomy":"post_tag","embeddable":true,"href":"https:\/\/sn.ambaguinee.org\/index.php?rest_route=%2Fwp%2Fv2%2Ftags&post=86611"}],"curies":[{"name":"wp","href":"https:\/\/api.w.org\/{rel}","templated":true}]}}