{"id":86860,"date":"2025-11-04T00:44:45","date_gmt":"2025-11-03T23:44:45","guid":{"rendered":"https:\/\/sn.ambaguinee.org\/?p=86860"},"modified":"2025-11-04T00:44:45","modified_gmt":"2025-11-03T23:44:45","slug":"cour-supreme-makale-camara-et-faya-millimouno-officialisent-leurs-candidatures","status":"publish","type":"post","link":"https:\/\/sn.ambaguinee.org\/?p=86860","title":{"rendered":"Cour supr\u00eame : Makal\u00e9 Camara et Faya Millimouno officialisent leurs candidatures"},"content":{"rendered":"<div>\n<div style=\"margin-bottom:20px;\"><img width=\"1280\" height=\"719\"src=\"https:\/\/i0.wp.com\/www.guinee7.com\/wp-content\/uploads\/2025\/11\/IMG-20251103-WA0013.jpg?w=1280&amp;ssl=1\" class=\"attachment-post-thumbnail size-post-thumbnail wp-post-image\" alt=\"\" decoding=\"async\" loading=\"lazy\" srcset=\"https:\/\/i0.wp.com\/www.guinee7.com\/wp-content\/uploads\/2025\/11\/IMG-20251103-WA0013.jpg?w=1280&amp;ssl=1 1280w, https:\/\/i0.wp.com\/www.guinee7.com\/wp-content\/uploads\/2025\/11\/IMG-20251103-WA0013.jpg?resize=300%2C169&amp;ssl=1 300w, https:\/\/i0.wp.com\/www.guinee7.com\/wp-content\/uploads\/2025\/11\/IMG-20251103-WA0013.jpg?resize=1024%2C575&amp;ssl=1 1024w, https:\/\/i0.wp.com\/www.guinee7.com\/wp-content\/uploads\/2025\/11\/IMG-20251103-WA0013.jpg?resize=768%2C431&amp;ssl=1 768w\" sizes=\"auto, (max-width: 1280px) 100vw, 1280px\"><\/div>\n<p><span style=\"font-size: 18px;\">\u00c0 quelques heures de la date butoir, plusieurs acteurs politiques ont d\u00e9pos\u00e9 leurs dossiers de candidature pour l\u2019\u00e9lection pr\u00e9sidentielle de 2025. Ce lundi 3 novembre 2025, la pr\u00e9sidente du Front pour l\u2019Alliance nationale (FAN), Hadja Makal\u00e9 Camara, s\u2019est pr\u00e9sent\u00e9e \u00e0 la Cour supr\u00eame pour officialiser sa candidature.<\/span><\/p>\n<p><span style=\"font-size: 18px;\">\u00c0 sa sortie de l\u2019enceinte de la plus haute juridiction du pays, Makal\u00e9 Camara n\u2019a pas manqu\u00e9 de lancer quelques piques \u00e0 ses adversaires. Elle a \u00e9galement rappel\u00e9 qu\u2019il ne s\u2019agissait pas de sa premi\u00e8re tentative pour briguer la magistrature supr\u00eame.<\/span><\/p>\n<p><span style=\"font-size: 18px;\">\u201cLes gens sont focalis\u00e9s sur la m\u00e9diocrit\u00e9. Moi, je suis pour quelqu\u2019un qui avance dans la vie. Je ne suis pas \u00e0 ma premi\u00e8re exp\u00e9rience, c\u2019est ma deuxi\u00e8me. Je ne vois pas pourquoi on douterait de ma candidature. Je suis l\u00e0 pour que la Guin\u00e9e vote pour une femme, car ce serait la premi\u00e8re fois dans l\u2019histoire qu\u2019une femme soit mise dans le fauteuil pr\u00e9sidentiel. Je pense que la gouvernance f\u00e9minine est compl\u00e8tement diff\u00e9rente, parce que la femme a de l\u2019empathie pour son peuple\u201d, a-t-elle d\u00e9clar\u00e9. <\/span><\/p>\n<p><span style=\"font-size: 18px;\">Le Bloc lib\u00e9ral a aussi officiellement d\u00e9pos\u00e9 le dossier de candidature de son repr\u00e9sentant \u00e0 cette comp\u00e9tition \u00e9lectorale. Il s\u2019agit de Faya Millimouno, qui lui aussi n\u2019en est pas \u00e0 sa premi\u00e8re tentative. Il a choisi le dernier jour pour se rendre \u00e0 la Cour supr\u00eame. <\/span><\/p>\n<p><span style=\"font-size: 18px;\">\u201cJe suis l\u00e0 parce que je suis candidat, et je suis le meilleur candidat pour donner du bonheur \u00e0 ce peuple. Mes chances sont tr\u00e8s bonnes. Il suffit que les Guin\u00e9ens veuillent un changement v\u00e9ritable dans notre pays. Il y a un choix, c\u2019est le pr\u00e9sident Faya Millimouno\u201d, a d\u00e9clar\u00e9 Faya Millimouno apr\u00e8s avoir d\u00e9pos\u00e9 sa candidature. <\/span><\/p>\n<p><span style=\"font-size: 18px;\">Il convient toutefois de pr\u00e9ciser que le d\u00e9p\u00f4t d\u2019un dossier de candidature ne vaut pas validation. La Cour supr\u00eame examinera l\u2019ensemble des dossiers enregistr\u00e9s avant de publier la liste officielle des candidatures retenues pour la pr\u00e9sidentielle de 2025.<\/span><\/p>\n<p><strong><span style=\"font-size: 18px;\">Bhoye Barry pour guinee7.com<\/span><\/strong><!--\/data\/user\/0\/com.samsung.android.app.notes\/files\/clipdata\/clipdata_bodytext_251103_154959_218.sdocx--><\/p>\n<p>L\u2019article <a href=\"https:\/\/www.guinee7.com\/2025\/11\/03\/cour-supreme-makale-camara-et-faya-millimouno-officialisent-leurs-candidatures\/\">Cour supr\u00eame : Makal\u00e9 Camara et Faya Millimouno officialisent leurs candidatures<\/a> est apparu en premier sur <a href=\"https:\/\/www.guinee7.com\/\">Guinee7.com<\/a>.<\/p>\n<\/div>\n","protected":false},"excerpt":{"rendered":"<p>\u00c0 quelques heures de la date butoir, plusieurs acteurs politiques ont d\u00e9pos\u00e9 leurs dossiers de candidature pour l\u2019\u00e9lection pr\u00e9sidentielle de 2025. Ce lundi 3 novembre 2025, la pr\u00e9sidente du Front pour l\u2019Alliance nationale (FAN), Hadja Makal\u00e9 Camara, s\u2019est pr\u00e9sent\u00e9e \u00e0 la Cour supr\u00eame pour officialiser sa candidature. \u00c0 sa sortie de l\u2019enceinte de la plus &hellip;<\/p>\n","protected":false},"author":1,"featured_media":0,"comment_status":"closed","ping_status":"closed","sticky":false,"template":"","format":"standard","meta":{"footnotes":""},"categories":[2],"tags":[22],"_links":{"self":[{"href":"https:\/\/sn.ambaguinee.org\/index.php?rest_route=\/wp\/v2\/posts\/86860"}],"collection":[{"href":"https:\/\/sn.ambaguinee.org\/index.php?rest_route=\/wp\/v2\/posts"}],"about":[{"href":"https:\/\/sn.ambaguinee.org\/index.php?rest_route=\/wp\/v2\/types\/post"}],"author":[{"embeddable":true,"href":"https:\/\/sn.ambaguinee.org\/index.php?rest_route=\/wp\/v2\/users\/1"}],"replies":[{"embeddable":true,"href":"https:\/\/sn.ambaguinee.org\/index.php?rest_route=%2Fwp%2Fv2%2Fcomments&post=86860"}],"version-history":[{"count":0,"href":"https:\/\/sn.ambaguinee.org\/index.php?rest_route=\/wp\/v2\/posts\/86860\/revisions"}],"wp:attachment":[{"href":"https:\/\/sn.ambaguinee.org\/index.php?rest_route=%2Fwp%2Fv2%2Fmedia&parent=86860"}],"wp:term":[{"taxonomy":"category","embeddable":true,"href":"https:\/\/sn.ambaguinee.org\/index.php?rest_route=%2Fwp%2Fv2%2Fcategories&post=86860"},{"taxonomy":"post_tag","embeddable":true,"href":"https:\/\/sn.ambaguinee.org\/index.php?rest_route=%2Fwp%2Fv2%2Ftags&post=86860"}],"curies":[{"name":"wp","href":"https:\/\/api.w.org\/{rel}","templated":true}]}}