{"id":86861,"date":"2025-11-04T00:44:45","date_gmt":"2025-11-03T23:44:45","guid":{"rendered":"https:\/\/sn.ambaguinee.org\/?p=86861"},"modified":"2025-11-04T00:44:45","modified_gmt":"2025-11-03T23:44:45","slug":"cour-supreme-general-doumbouya-franchit-le-pas-de-la-candidature","status":"publish","type":"post","link":"https:\/\/sn.ambaguinee.org\/?p=86861","title":{"rendered":"Cour supr\u00eame : G\u00e9n\u00e9ral Doumbouya franchit le pas de la candidature"},"content":{"rendered":"<div>\n<div style=\"margin-bottom:20px;\"><img width=\"720\" height=\"540\"src=\"https:\/\/i0.wp.com\/www.guinee7.com\/wp-content\/uploads\/2025\/11\/IMG-20251103-WA0015.jpg?w=720&amp;ssl=1\" class=\"attachment-post-thumbnail size-post-thumbnail wp-post-image\" alt=\"\" decoding=\"async\" loading=\"lazy\" srcset=\"https:\/\/i0.wp.com\/www.guinee7.com\/wp-content\/uploads\/2025\/11\/IMG-20251103-WA0015.jpg?w=720&amp;ssl=1 720w, https:\/\/i0.wp.com\/www.guinee7.com\/wp-content\/uploads\/2025\/11\/IMG-20251103-WA0015.jpg?resize=300%2C225&amp;ssl=1 300w, https:\/\/i0.wp.com\/www.guinee7.com\/wp-content\/uploads\/2025\/11\/IMG-20251103-WA0015.jpg?resize=86%2C64&amp;ssl=1 86w\" sizes=\"auto, (max-width: 720px) 100vw, 720px\"><\/div>\n<p><span style=\"font-size: 18px;\">Le g\u00e9n\u00e9ral Mamadi Doumbouya est arriv\u00e9 \u00e0 la Cour supr\u00eame en d\u00e9but d\u2019apr\u00e8s-midi, aux environs de 16h00. V\u00eatu d\u2019un boubou blanc, l\u2019homme du 5 septembre 2021 a fait une entr\u00e9e remarqu\u00e9e, mettant ainsi fin au suspense entourant sa participation \u00e0 l\u2019\u00e9lection pr\u00e9sidentielle du 28 d\u00e9cembre 2025.<\/span><\/p>\n<p><span style=\"font-size: 18px;\">Tout porte \u00e0 croire que le chef de l\u2019\u00c9tat est venu d\u00e9poser son dossier de candidature, une d\u00e9marche qui officialiserait son entr\u00e9e dans la course \u00e0 la magistrature supr\u00eame.<\/span><\/p>\n<p><span style=\"font-size: 18px;\">Un peu plus t\u00f4t, le ministre directeur de cabinet de la Pr\u00e9sidence, Djiba Diakit\u00e9, s\u2019\u00e9tait \u00e9galement rendu \u00e0 la Cour supr\u00eame, sans doute dans le cadre des m\u00eames formalit\u00e9s.<\/span><\/p>\n<p><span style=\"font-size: 18px;\">Ce lundi 3 novembre 2025 marque en effet la date limite de d\u00e9p\u00f4t des dossiers pour la prochaine \u00e9lection pr\u00e9sidentielle.<\/span><\/p>\n<p><strong><span style=\"font-size: 18px;\">Focus guinee7.com<\/span><\/strong><!--\/data\/user\/0\/com.samsung.android.app.notes\/files\/clipdata\/clipdata_bodytext_251103_162124_771.sdocx--><\/p>\n<p>L\u2019article <a href=\"https:\/\/www.guinee7.com\/2025\/11\/03\/cour-supreme-general-doumbouya-franchit-le-pas-de-la-candidature\/\">Cour supr\u00eame : G\u00e9n\u00e9ral Doumbouya franchit le pas de la candidature<\/a> est apparu en premier sur <a href=\"https:\/\/www.guinee7.com\/\">Guinee7.com<\/a>.<\/p>\n<\/div>\n","protected":false},"excerpt":{"rendered":"<p>Le g\u00e9n\u00e9ral Mamadi Doumbouya est arriv\u00e9 \u00e0 la Cour supr\u00eame en d\u00e9but d\u2019apr\u00e8s-midi, aux environs de 16h00. V\u00eatu d\u2019un boubou blanc, l\u2019homme du 5 septembre 2021 a fait une entr\u00e9e remarqu\u00e9e, mettant ainsi fin au suspense entourant sa participation \u00e0 l\u2019\u00e9lection pr\u00e9sidentielle du 28 d\u00e9cembre 2025. Tout porte \u00e0 croire que le chef de l\u2019\u00c9tat &hellip;<\/p>\n","protected":false},"author":1,"featured_media":0,"comment_status":"closed","ping_status":"closed","sticky":false,"template":"","format":"standard","meta":{"footnotes":""},"categories":[2],"tags":[22],"_links":{"self":[{"href":"https:\/\/sn.ambaguinee.org\/index.php?rest_route=\/wp\/v2\/posts\/86861"}],"collection":[{"href":"https:\/\/sn.ambaguinee.org\/index.php?rest_route=\/wp\/v2\/posts"}],"about":[{"href":"https:\/\/sn.ambaguinee.org\/index.php?rest_route=\/wp\/v2\/types\/post"}],"author":[{"embeddable":true,"href":"https:\/\/sn.ambaguinee.org\/index.php?rest_route=\/wp\/v2\/users\/1"}],"replies":[{"embeddable":true,"href":"https:\/\/sn.ambaguinee.org\/index.php?rest_route=%2Fwp%2Fv2%2Fcomments&post=86861"}],"version-history":[{"count":0,"href":"https:\/\/sn.ambaguinee.org\/index.php?rest_route=\/wp\/v2\/posts\/86861\/revisions"}],"wp:attachment":[{"href":"https:\/\/sn.ambaguinee.org\/index.php?rest_route=%2Fwp%2Fv2%2Fmedia&parent=86861"}],"wp:term":[{"taxonomy":"category","embeddable":true,"href":"https:\/\/sn.ambaguinee.org\/index.php?rest_route=%2Fwp%2Fv2%2Fcategories&post=86861"},{"taxonomy":"post_tag","embeddable":true,"href":"https:\/\/sn.ambaguinee.org\/index.php?rest_route=%2Fwp%2Fv2%2Ftags&post=86861"}],"curies":[{"name":"wp","href":"https:\/\/api.w.org\/{rel}","templated":true}]}}