{"id":87168,"date":"2025-11-08T23:11:35","date_gmt":"2025-11-08T22:11:35","guid":{"rendered":"https:\/\/sn.ambaguinee.org\/?p=87168"},"modified":"2025-11-08T23:11:35","modified_gmt":"2025-11-08T22:11:35","slug":"cellou-dalein-diallo-la-candidature-de-mamadi-doumbouya-est-un-coup-detat","status":"publish","type":"post","link":"https:\/\/sn.ambaguinee.org\/?p=87168","title":{"rendered":"Cellou Dalein Diallo : \u00ab La candidature de Mamadi Doumbouya est un coup d\u2019\u00c9tat \u00bb"},"content":{"rendered":"<div>\n<div style=\"margin-bottom:20px;\"><img width=\"720\" height=\"586\"src=\"https:\/\/i0.wp.com\/www.guinee7.com\/wp-content\/uploads\/2020\/11\/cellou-dalein-diallo-2.jpg?w=720&amp;ssl=1\" class=\"attachment-post-thumbnail size-post-thumbnail wp-post-image\" alt=\"\" decoding=\"async\" loading=\"lazy\" srcset=\"https:\/\/i0.wp.com\/www.guinee7.com\/wp-content\/uploads\/2020\/11\/cellou-dalein-diallo-2.jpg?w=720&amp;ssl=1 720w, https:\/\/i0.wp.com\/www.guinee7.com\/wp-content\/uploads\/2020\/11\/cellou-dalein-diallo-2.jpg?resize=300%2C244&amp;ssl=1 300w, https:\/\/i0.wp.com\/www.guinee7.com\/wp-content\/uploads\/2020\/11\/cellou-dalein-diallo-2.jpg?resize=696%2C566&amp;ssl=1 696w, https:\/\/i0.wp.com\/www.guinee7.com\/wp-content\/uploads\/2020\/11\/cellou-dalein-diallo-2.jpg?resize=516%2C420&amp;ssl=1 516w\" sizes=\"auto, (max-width: 720px) 100vw, 720px\"><\/div>\n<p><span style=\"font-size: 18px;\">L\u2019ancien Premier ministre guin\u00e9en, Cellou Dalein Diallo, est sorti de son silence apr\u00e8s l\u2019annonce de la candidature du g\u00e9n\u00e9ral Mamadi Doumbouya \u00e0 la pr\u00e9sidentielle du 28 d\u00e9cembre 2025. Pour le leader de l\u2019UFDG, cette d\u00e9cision s\u2019apparente \u00e0 \u00ab un nouveau coup d\u2019\u00c9tat \u00bb.<\/span><\/p>\n<p><span style=\"font-size: 18px;\">\u201cLe G\u00e9n\u00e9ral Mamadi Doumbouya a d\u00e9pos\u00e9 sa candidature \u00e0 la Cour supr\u00eame, la plus haute institution judiciaire du pays, devant laquelle il avait jur\u00e9 de ne jamais le faire, et \u00e0 laquelle il avait demand\u00e9 qu\u2019en cas de parjure, il subisse la rigueur de la loi. C\u2019est \u00e0 un autre coup d\u2019\u00c9tat, assimilable \u00e0 une haute trahison, que nous avons assist\u00e9 ce 3 novembre, apr\u00e8s celui sanglant du 5 septembre 2021\u201d, a d\u00e9clar\u00e9 Cellou Dalein Diallo, ce samedi 8 novembre dans une vid\u00e9o partag\u00e9e sur les r\u00e9seaux sociaux. <\/span><\/p>\n<p><span style=\"font-size: 18px;\">Le pr\u00e9sident de l\u2019UFDG d\u00e9nonce une d\u00e9rive autoritaire du r\u00e9gime en place : \u201c La Guin\u00e9e est dirig\u00e9e de mains de fer par un groupe de pr\u00e9dateurs et un clan mafieux qui a instaur\u00e9, pour se maintenir au pouvoir, un climat de terreur marqu\u00e9 par une violation massive des droits de l\u2019homme et une restriction drastique des libert\u00e9s publiques. On a enregistr\u00e9 \u00e0 cet \u00e9gard des dizaines d\u2019assassinats cibl\u00e9s, des disparitions forc\u00e9es \u00e0 r\u00e9p\u00e9tition, plusieurs enl\u00e8vements nocturnes suivis de tortures, des emprisonnements arbitraires, des harc\u00e8lements judiciaires et des morts suspectes en d\u00e9tention de personnalit\u00e9s civiles et militaires\u201d.<\/span><\/p>\n<p><span style=\"font-size: 18px;\">Face \u00e0 cette situation, il lance un appel \u00e0 la mobilisation nationale : \u201cChacun de nous est concern\u00e9 par la r\u00e9sistance \u00e0 opposer \u00e0 cette junte sans foi ni loi, prisonni\u00e8re de ses propres mensonges, englu\u00e9e dans ses contradictions. Elle avait promis la refondation ; elle n\u2019offre que larmes et d\u00e9solations. Elle avait promis une transition d\u00e9mocratique ; elle se rend coupable de haute trahison et envisage de confisquer le pouvoir par l\u2019intimidation, la ruse et la violence\u201d.<\/span><\/p>\n<p><span style=\"font-size: 18px;\">Cellou Dalein appelle ainsi les Guin\u00e9ens \u00e0 l\u2019unit\u00e9 et \u00e0 la d\u00e9termination :<\/span><\/p>\n<p><span style=\"font-size: 18px;\">\u201cNous devons mieux nous organiser, nous rassembler au-del\u00e0 des partis politiques et des communaut\u00e9s ethniques, et identifier de nouvelles strat\u00e9gies plus adapt\u00e9es \u00e0 la lutte que nous devons mener pour le triomphe des valeurs que nous partageons, pour l\u2019\u00e9panouissement des g\u00e9n\u00e9rations actuelles et futures de notre pays. Dans ce combat, nous ne plierons pas. Nous ne reculerons pas. Nous ne c\u00e8derons pas d\u2019un iota. Nous nous dresserons tous comme un seul homme, avec courage et d\u00e9termination, pour mettre fin au cycle vicieux des promesses trahies et des serments bafou\u00e9s. Nous nous battrons par tous les moyens pour la libert\u00e9, la d\u00e9mocratie et la justice, pour le triomphe de la l\u00e9gitimit\u00e9 r\u00e9publicaine et la pr\u00e9servation des acquis d\u00e9mocratiques, obtenus de haute lutte et chers \u00e0 tous\u00a0\u00bb. <\/span><\/p>\n<p><span style=\"font-size: 18px;\">Et de conclure : \u00ab\u00a0\u00c0 ceux qui se croient invuln\u00e9rables et invincibles, parce qu\u2019ils se sont enrichis sur le dos du peuple et d\u00e9tiennent des armes, nous opposerons la force irr\u00e9sistible de la volont\u00e9 populaire\u201d, a-t-il martel\u00e9. <\/span><\/p>\n<p><strong><span style=\"font-size: 18px;\">Bhoye Barry pour guinee7.com<\/span><\/strong><!--\/data\/user\/0\/com.samsung.android.app.notes\/files\/clipdata\/clipdata_bodytext_251108_150847_753.sdocx--><\/p>\n<p>L\u2019article <a href=\"https:\/\/www.guinee7.com\/2025\/11\/08\/cellou-dalein-diallo-la-candidature-de-mamadi-doumbouya-est-un-coup-detat\/\">Cellou Dalein Diallo : \u00ab La candidature de Mamadi Doumbouya est un coup d\u2019\u00c9tat \u00bb<\/a> est apparu en premier sur <a href=\"https:\/\/www.guinee7.com\/\">Guinee7.com<\/a>.<\/p>\n<\/div>\n","protected":false},"excerpt":{"rendered":"<p>L\u2019ancien Premier ministre guin\u00e9en, Cellou Dalein Diallo, est sorti de son silence apr\u00e8s l\u2019annonce de la candidature du g\u00e9n\u00e9ral Mamadi Doumbouya \u00e0 la pr\u00e9sidentielle du 28 d\u00e9cembre 2025. Pour le leader de l\u2019UFDG, cette d\u00e9cision s\u2019apparente \u00e0 \u00ab un nouveau coup d\u2019\u00c9tat \u00bb. \u201cLe G\u00e9n\u00e9ral Mamadi Doumbouya a d\u00e9pos\u00e9 sa candidature \u00e0 la Cour supr\u00eame, &hellip;<\/p>\n","protected":false},"author":1,"featured_media":0,"comment_status":"closed","ping_status":"closed","sticky":false,"template":"","format":"standard","meta":{"footnotes":""},"categories":[2],"tags":[22],"_links":{"self":[{"href":"https:\/\/sn.ambaguinee.org\/index.php?rest_route=\/wp\/v2\/posts\/87168"}],"collection":[{"href":"https:\/\/sn.ambaguinee.org\/index.php?rest_route=\/wp\/v2\/posts"}],"about":[{"href":"https:\/\/sn.ambaguinee.org\/index.php?rest_route=\/wp\/v2\/types\/post"}],"author":[{"embeddable":true,"href":"https:\/\/sn.ambaguinee.org\/index.php?rest_route=\/wp\/v2\/users\/1"}],"replies":[{"embeddable":true,"href":"https:\/\/sn.ambaguinee.org\/index.php?rest_route=%2Fwp%2Fv2%2Fcomments&post=87168"}],"version-history":[{"count":0,"href":"https:\/\/sn.ambaguinee.org\/index.php?rest_route=\/wp\/v2\/posts\/87168\/revisions"}],"wp:attachment":[{"href":"https:\/\/sn.ambaguinee.org\/index.php?rest_route=%2Fwp%2Fv2%2Fmedia&parent=87168"}],"wp:term":[{"taxonomy":"category","embeddable":true,"href":"https:\/\/sn.ambaguinee.org\/index.php?rest_route=%2Fwp%2Fv2%2Fcategories&post=87168"},{"taxonomy":"post_tag","embeddable":true,"href":"https:\/\/sn.ambaguinee.org\/index.php?rest_route=%2Fwp%2Fv2%2Ftags&post=87168"}],"curies":[{"name":"wp","href":"https:\/\/api.w.org\/{rel}","templated":true}]}}