{"id":87170,"date":"2025-11-08T23:11:35","date_gmt":"2025-11-08T22:11:35","guid":{"rendered":"https:\/\/sn.ambaguinee.org\/?p=87170"},"modified":"2025-11-08T23:11:35","modified_gmt":"2025-11-08T22:11:35","slug":"presidentielle-2025-doumbouya-coche-une-etape-cle-avant-la-publication-de-la-liste-des-candidats","status":"publish","type":"post","link":"https:\/\/sn.ambaguinee.org\/?p=87170","title":{"rendered":"Pr\u00e9sidentielle 2025 : Doumbouya coche une \u00e9tape cl\u00e9 avant la publication de la liste des candidats"},"content":{"rendered":"<div>\n<div style=\"margin-bottom:20px;\"><img width=\"2560\" height=\"1920\"src=\"https:\/\/i0.wp.com\/www.guinee7.com\/wp-content\/uploads\/2025\/11\/IMG-20251108-WA0034.jpg?w=2560&amp;ssl=1\" class=\"attachment-post-thumbnail size-post-thumbnail wp-post-image\" alt=\"\" decoding=\"async\" loading=\"lazy\" srcset=\"https:\/\/i0.wp.com\/www.guinee7.com\/wp-content\/uploads\/2025\/11\/IMG-20251108-WA0034.jpg?w=2560&amp;ssl=1 2560w, https:\/\/i0.wp.com\/www.guinee7.com\/wp-content\/uploads\/2025\/11\/IMG-20251108-WA0034.jpg?resize=300%2C225&amp;ssl=1 300w, https:\/\/i0.wp.com\/www.guinee7.com\/wp-content\/uploads\/2025\/11\/IMG-20251108-WA0034.jpg?resize=1024%2C768&amp;ssl=1 1024w, https:\/\/i0.wp.com\/www.guinee7.com\/wp-content\/uploads\/2025\/11\/IMG-20251108-WA0034.jpg?resize=768%2C576&amp;ssl=1 768w, https:\/\/i0.wp.com\/www.guinee7.com\/wp-content\/uploads\/2025\/11\/IMG-20251108-WA0034.jpg?resize=1536%2C1152&amp;ssl=1 1536w, https:\/\/i0.wp.com\/www.guinee7.com\/wp-content\/uploads\/2025\/11\/IMG-20251108-WA0034.jpg?resize=2048%2C1536&amp;ssl=1 2048w, https:\/\/i0.wp.com\/www.guinee7.com\/wp-content\/uploads\/2025\/11\/IMG-20251108-WA0034.jpg?resize=86%2C64&amp;ssl=1 86w, https:\/\/i0.wp.com\/www.guinee7.com\/wp-content\/uploads\/2025\/11\/IMG-20251108-WA0034.jpg?w=2340&amp;ssl=1 2340w\" sizes=\"auto, (max-width: 2560px) 100vw, 2560px\"><\/div>\n<p><span style=\"font-size: 18px;\">Le g\u00e9n\u00e9ral Mamadi Doumbouya a pass\u00e9 sa visite m\u00e9dicale devant le coll\u00e8ge des m\u00e9decins asserment\u00e9s. L\u2019examen s\u2019est d\u00e9roul\u00e9 au quartier Camayenne, dans la commune de Dixinn, o\u00f9 si\u00e8ge ledit coll\u00e8ge.<\/span><\/p>\n<p><span style=\"font-size: 18px;\">Plac\u00e9e sous haute s\u00e9curit\u00e9, cette visite s\u2019est faite en pr\u00e9sence du ministre chef de cabinet de la Pr\u00e9sidence de la R\u00e9publique, Djiba Diakit\u00e9, qui accompagnait le chef de l\u2019\u00c9tat.<\/span><\/p>\n<p><span style=\"font-size: 18px;\">Cette \u00e9tape constitue une exigence l\u00e9gale pour tout candidat \u00e0 l\u2019\u00e9lection pr\u00e9sidentielle.<\/span><br \/><span style=\"font-size: 18px;\">La Cour supr\u00eame doit publier dans la soir\u00e9e la liste provisoire des candidats retenus pour le scrutin.<\/span><\/p>\n<p><strong><span style=\"font-size: 18px;\">Bhoye Barry pour guinee7.com<\/span><\/strong><!--\/data\/user\/0\/com.samsung.android.app.notes\/files\/clipdata\/clipdata_bodytext_251108_184026_119.sdocx--><\/p>\n<p>L\u2019article <a href=\"https:\/\/www.guinee7.com\/2025\/11\/08\/presidentielle-2025-doumbouya-coche-une-etape-cle-avant-la-publication-de-la-liste-des-candidats\/\">Pr\u00e9sidentielle 2025 : Doumbouya coche une \u00e9tape cl\u00e9 avant la publication de la liste des candidats<\/a> est apparu en premier sur <a href=\"https:\/\/www.guinee7.com\/\">Guinee7.com<\/a>.<\/p>\n<\/div>\n","protected":false},"excerpt":{"rendered":"<p>Le g\u00e9n\u00e9ral Mamadi Doumbouya a pass\u00e9 sa visite m\u00e9dicale devant le coll\u00e8ge des m\u00e9decins asserment\u00e9s. L\u2019examen s\u2019est d\u00e9roul\u00e9 au quartier Camayenne, dans la commune de Dixinn, o\u00f9 si\u00e8ge ledit coll\u00e8ge. Plac\u00e9e sous haute s\u00e9curit\u00e9, cette visite s\u2019est faite en pr\u00e9sence du ministre chef de cabinet de la Pr\u00e9sidence de la R\u00e9publique, Djiba Diakit\u00e9, qui accompagnait &hellip;<\/p>\n","protected":false},"author":1,"featured_media":0,"comment_status":"closed","ping_status":"closed","sticky":false,"template":"","format":"standard","meta":{"footnotes":""},"categories":[2],"tags":[22],"_links":{"self":[{"href":"https:\/\/sn.ambaguinee.org\/index.php?rest_route=\/wp\/v2\/posts\/87170"}],"collection":[{"href":"https:\/\/sn.ambaguinee.org\/index.php?rest_route=\/wp\/v2\/posts"}],"about":[{"href":"https:\/\/sn.ambaguinee.org\/index.php?rest_route=\/wp\/v2\/types\/post"}],"author":[{"embeddable":true,"href":"https:\/\/sn.ambaguinee.org\/index.php?rest_route=\/wp\/v2\/users\/1"}],"replies":[{"embeddable":true,"href":"https:\/\/sn.ambaguinee.org\/index.php?rest_route=%2Fwp%2Fv2%2Fcomments&post=87170"}],"version-history":[{"count":0,"href":"https:\/\/sn.ambaguinee.org\/index.php?rest_route=\/wp\/v2\/posts\/87170\/revisions"}],"wp:attachment":[{"href":"https:\/\/sn.ambaguinee.org\/index.php?rest_route=%2Fwp%2Fv2%2Fmedia&parent=87170"}],"wp:term":[{"taxonomy":"category","embeddable":true,"href":"https:\/\/sn.ambaguinee.org\/index.php?rest_route=%2Fwp%2Fv2%2Fcategories&post=87170"},{"taxonomy":"post_tag","embeddable":true,"href":"https:\/\/sn.ambaguinee.org\/index.php?rest_route=%2Fwp%2Fv2%2Ftags&post=87170"}],"curies":[{"name":"wp","href":"https:\/\/api.w.org\/{rel}","templated":true}]}}