{"id":87424,"date":"2025-11-12T23:21:01","date_gmt":"2025-11-12T22:21:01","guid":{"rendered":"https:\/\/sn.ambaguinee.org\/?p=87424"},"modified":"2025-11-12T23:21:01","modified_gmt":"2025-11-12T22:21:01","slug":"guinee-2025-du-minerai-a-lintelligence-la-transformation-dun-continent-en-marche","status":"publish","type":"post","link":"https:\/\/sn.ambaguinee.org\/?p=87424","title":{"rendered":"Guin\u00e9e 2025 : du minerai \u00e0 l\u2019intelligence, la transformation d\u2019un continent en marche"},"content":{"rendered":"<div>\n<div style=\"margin-bottom:20px;\"><img width=\"1080\" height=\"485\"src=\"https:\/\/i0.wp.com\/www.guinee7.com\/wp-content\/uploads\/2025\/11\/IMG-20251112-WA0036.jpg?w=1080&amp;ssl=1\" class=\"attachment-post-thumbnail size-post-thumbnail wp-post-image\" alt=\"\" decoding=\"async\" loading=\"lazy\" srcset=\"https:\/\/i0.wp.com\/www.guinee7.com\/wp-content\/uploads\/2025\/11\/IMG-20251112-WA0036.jpg?w=1080&amp;ssl=1 1080w, https:\/\/i0.wp.com\/www.guinee7.com\/wp-content\/uploads\/2025\/11\/IMG-20251112-WA0036.jpg?resize=300%2C135&amp;ssl=1 300w, https:\/\/i0.wp.com\/www.guinee7.com\/wp-content\/uploads\/2025\/11\/IMG-20251112-WA0036.jpg?resize=1024%2C460&amp;ssl=1 1024w, https:\/\/i0.wp.com\/www.guinee7.com\/wp-content\/uploads\/2025\/11\/IMG-20251112-WA0036.jpg?resize=768%2C345&amp;ssl=1 768w\" sizes=\"auto, (max-width: 1080px) 100vw, 1080px\"><\/div>\n<p><span style=\"font-size: 18px;\">La 7\u1d49 \u00e9dition du Transform Africa Summit (TAS) s\u2019est ouverte ce mardi 12 novembre 2025 \u00e0 Conakry, sous le th\u00e8me \u00ab L\u2019intelligence artificielle pour l\u2019Afrique : innover localement, impacter globalement \u00bb. Cette rencontre d\u2019envergure, qui se poursuivra jusqu\u2019au 14 novembre, marque une premi\u00e8re en Afrique francophone et r\u00e9unit des chefs d\u2019\u00c9tat, des ministres, des dirigeants d\u2019entreprises et des jeunes innovateurs venus de tout le continent. Le sommet sera rythm\u00e9 par des discussions, des panels de haut niveau et des \u00e9changes d\u2019exp\u00e9riences sur les d\u00e9fis et opportunit\u00e9s du num\u00e9rique en Afrique.<\/span><\/p>\n<p><span style=\"font-size: 18px;\">Dans son discours d\u2019ouverture, la ministre des Postes, des T\u00e9l\u00e9communications et de l\u2019\u00c9conomie num\u00e9rique, Rose Pola Pricemou, a d\u00e9clar\u00e9 : \u00ab Hier, la Guin\u00e9e lan\u00e7ait le plus grand projet minier d\u2019Afrique. Aujourd\u2019hui, elle accueille le plus grand sommet du continent sur le num\u00e9rique. Deux \u00e9v\u00e9nements, deux symboles, un seul message : notre pays entre dans une nouvelle \u00e8re. \u00bb<\/span><\/p>\n<p><span style=\"font-size: 18px;\">Elle a soulign\u00e9 que le TAS 2025 repr\u00e9sente \u00ab la cons\u00e9cration d\u2019une d\u00e9termination nationale et d\u2019une ambition africaine \u00bb, mettant en avant les progr\u00e8s r\u00e9alis\u00e9s par la Guin\u00e9e en mati\u00e8re d\u2019infrastructures num\u00e9riques : fibre optique, data centers, hubs r\u00e9gionaux et projet de technop\u00f4le national. \u00ab Nous devons construire une IA africaine, con\u00e7ue par nos ing\u00e9nieurs, nourrie par nos donn\u00e9es, prot\u00e9g\u00e9e par nos lois, et d\u00e9di\u00e9e au bien-\u00eatre de nos peuples. \u00bb<\/span><\/p>\n<p><span style=\"font-size: 18px;\">Le directeur g\u00e9n\u00e9ral de Smart Africa, Lacina Kon\u00e9, a salu\u00e9 les avanc\u00e9es de la coop\u00e9ration num\u00e9rique sur le continent : \u00ab Ce sommet Transform Africa 2025 intervient \u00e0 un moment d\u00e9terminant pour notre continent. L\u2019IA repr\u00e9sente bien plus qu\u2019une technologie, c\u2019est une opportunit\u00e9 de repenser le d\u00e9veloppement \u00e0 partir de nos r\u00e9alit\u00e9s et de nos talents. \u00bb<\/span><\/p>\n<p><span style=\"font-size: 18px;\">Il a rappel\u00e9 l\u2019\u00e9volution de Smart Africa : \u00ab en trois ans, Smart Africa s\u2019est transform\u00e9 d\u2019une plateforme de concertation en une institution op\u00e9rationnelle. Notre mission est claire : faire de la transformation num\u00e9rique l\u2019histoire la plus inclusive et la plus impactante de notre g\u00e9n\u00e9ration. \u00bb<\/span><\/p>\n<p><span style=\"font-size: 18px;\">Le pr\u00e9sident rwandais Paul Kagam\u00e9, pr\u00e9sident du conseil d\u2019administration de Smart Africa, a quant \u00e0 lui insist\u00e9 sur la n\u00e9cessit\u00e9 d\u2019investir massivement dans les infrastructures num\u00e9riques : \u00ab Il faut investir dans le haut d\u00e9bit comme \u00e9tant un pilier pour d\u00e9velopper plus de comp\u00e9tition. Nos succ\u00e8s ne doivent pas d\u00e9pendre uniquement de comment on va rapidement d\u00e9passer les autres, mais de quels sont les probl\u00e8mes que nous avons choisi de r\u00e9soudre et quelle voie nous avons choisie pour les r\u00e9soudre. \u00bb<\/span><\/p>\n<p><span style=\"font-size: 18px;\">Enfin, le Pr\u00e9sident de la R\u00e9publique de Guin\u00e9e, le g\u00e9n\u00e9ral Mamadi Doumbouya, a souhait\u00e9 la bienvenue \u00e0 ses homologues et aux participants : \u00ab Je souhaite la bienvenue \u00e0 Monsieur le Pr\u00e9sident Paul Kagam\u00e9, mon fr\u00e8re, ainsi qu\u2019\u00e0 tous les invit\u00e9s ici pr\u00e9sents sur la terre africaine de Guin\u00e9e. Cette Guin\u00e9e qui est notre paradis, terre de richesse et d\u2019innovation. \u00bb<\/span><\/p>\n<p><span style=\"font-size: 18px;\">Il a rappel\u00e9 que le th\u00e8me du sommet \u00ab est parfaitement align\u00e9 avec ma vision du programme de d\u00e9veloppement socio-\u00e9conomique durable et responsable pour les quinze prochaines ann\u00e9es, Simandou 2040 \u00bb, avant d\u2019inviter les participants \u00e0 \u00ab mettre \u00e0 profit ces deux jours d\u2019\u00e9changes constructifs pour trouver des solutions adapt\u00e9es \u00e0 nos besoins et \u00e0 ceux des g\u00e9n\u00e9rations futures \u00bb.<\/span><\/p>\n<p><strong><span style=\"font-size: 18px;\">Abdoul Lory Sylla pour guinee7.com<\/span><\/strong><!--\/data\/user\/0\/com.samsung.android.app.notes\/files\/clipdata\/clipdata_bodytext_251112_202738_425.sdocx--><\/p>\n<p>L\u2019article <a href=\"https:\/\/www.guinee7.com\/2025\/11\/12\/guinee-2025-du-minerai-a-lintelligence-la-transformation-dun-continent-en-marche\/\">Guin\u00e9e 2025 : du minerai \u00e0 l\u2019intelligence, la transformation d\u2019un continent en marche<\/a> est apparu en premier sur <a href=\"https:\/\/www.guinee7.com\/\">Guinee7.com<\/a>.<\/p>\n<\/div>\n","protected":false},"excerpt":{"rendered":"<p>La 7\u1d49 \u00e9dition du Transform Africa Summit (TAS) s\u2019est ouverte ce mardi 12 novembre 2025 \u00e0 Conakry, sous le th\u00e8me \u00ab L\u2019intelligence artificielle pour l\u2019Afrique : innover localement, impacter globalement \u00bb. Cette rencontre d\u2019envergure, qui se poursuivra jusqu\u2019au 14 novembre, marque une premi\u00e8re en Afrique francophone et r\u00e9unit des chefs d\u2019\u00c9tat, des ministres, des dirigeants &hellip;<\/p>\n","protected":false},"author":1,"featured_media":0,"comment_status":"closed","ping_status":"closed","sticky":false,"template":"","format":"standard","meta":{"footnotes":""},"categories":[2],"tags":[22],"_links":{"self":[{"href":"https:\/\/sn.ambaguinee.org\/index.php?rest_route=\/wp\/v2\/posts\/87424"}],"collection":[{"href":"https:\/\/sn.ambaguinee.org\/index.php?rest_route=\/wp\/v2\/posts"}],"about":[{"href":"https:\/\/sn.ambaguinee.org\/index.php?rest_route=\/wp\/v2\/types\/post"}],"author":[{"embeddable":true,"href":"https:\/\/sn.ambaguinee.org\/index.php?rest_route=\/wp\/v2\/users\/1"}],"replies":[{"embeddable":true,"href":"https:\/\/sn.ambaguinee.org\/index.php?rest_route=%2Fwp%2Fv2%2Fcomments&post=87424"}],"version-history":[{"count":0,"href":"https:\/\/sn.ambaguinee.org\/index.php?rest_route=\/wp\/v2\/posts\/87424\/revisions"}],"wp:attachment":[{"href":"https:\/\/sn.ambaguinee.org\/index.php?rest_route=%2Fwp%2Fv2%2Fmedia&parent=87424"}],"wp:term":[{"taxonomy":"category","embeddable":true,"href":"https:\/\/sn.ambaguinee.org\/index.php?rest_route=%2Fwp%2Fv2%2Fcategories&post=87424"},{"taxonomy":"post_tag","embeddable":true,"href":"https:\/\/sn.ambaguinee.org\/index.php?rest_route=%2Fwp%2Fv2%2Ftags&post=87424"}],"curies":[{"name":"wp","href":"https:\/\/api.w.org\/{rel}","templated":true}]}}