{"id":87661,"date":"2025-11-18T00:18:14","date_gmt":"2025-11-17T23:18:14","guid":{"rendered":"https:\/\/sn.ambaguinee.org\/?p=87661"},"modified":"2025-11-18T00:18:14","modified_gmt":"2025-11-17T23:18:14","slug":"congres-du-16-janvier-lagepi-ira-au-vote-sans-la-candidature-de-la-presidente-aminata-camara","status":"publish","type":"post","link":"https:\/\/sn.ambaguinee.org\/?p=87661","title":{"rendered":"Congr\u00e8s du 16 janvier : l\u2019AGEPI ira au vote sans la candidature de la pr\u00e9sidente Aminata Camara"},"content":{"rendered":"<div>\n<div style=\"margin-bottom:20px;\"><img width=\"900\" height=\"834\"src=\"https:\/\/i0.wp.com\/mediaguinee.com\/wp-content\/uploads\/2025\/11\/17c8234d-f2fe-46c0-9453-6e32bc028b82.jpeg?w=900&amp;ssl=1\" class=\"attachment-post-thumbnail size-post-thumbnail wp-post-image\" alt=\"\" decoding=\"async\" srcset=\"https:\/\/i0.wp.com\/mediaguinee.com\/wp-content\/uploads\/2025\/11\/17c8234d-f2fe-46c0-9453-6e32bc028b82.jpeg?w=900&amp;ssl=1 900w, https:\/\/i0.wp.com\/mediaguinee.com\/wp-content\/uploads\/2025\/11\/17c8234d-f2fe-46c0-9453-6e32bc028b82.jpeg?resize=300%2C278&amp;ssl=1 300w, https:\/\/i0.wp.com\/mediaguinee.com\/wp-content\/uploads\/2025\/11\/17c8234d-f2fe-46c0-9453-6e32bc028b82.jpeg?resize=768%2C712&amp;ssl=1 768w\" sizes=\"(max-width: 900px) 100vw, 900px\" data-attachment-id=\"301080\" data-permalink=\"https:\/\/mediaguinee.com\/2025\/11\/congres-du-16-janvier-lagepi-ira-au-vote-sans-la-candidature-de-la-presidente-aminata-camara\/17c8234d-f2fe-46c0-9453-6e32bc028b82\/\" data-orig-file=\"https:\/\/i0.wp.com\/mediaguinee.com\/wp-content\/uploads\/2025\/11\/17c8234d-f2fe-46c0-9453-6e32bc028b82.jpeg?fit=900%2C834&amp;ssl=1\" data-orig-size=\"900,834\" data-comments-opened=\"1\" data-image-meta='{\"aperture\":\"0\",\"credit\":\"\",\"camera\":\"\",\"caption\":\"\",\"created_timestamp\":\"1763381094\",\"copyright\":\"\",\"focal_length\":\"0\",\"iso\":\"0\",\"shutter_speed\":\"0\",\"title\":\"\",\"orientation\":\"1\"}' data-image-title=\"17c8234d-f2fe-46c0-9453-6e32bc028b82\" data-image-description=\"\" data-image-caption=\"\" data-medium-file=\"https:\/\/i0.wp.com\/mediaguinee.com\/wp-content\/uploads\/2025\/11\/17c8234d-f2fe-46c0-9453-6e32bc028b82.jpeg?fit=300%2C278&amp;ssl=1\" data-large-file=\"https:\/\/i0.wp.com\/mediaguinee.com\/wp-content\/uploads\/2025\/11\/17c8234d-f2fe-46c0-9453-6e32bc028b82.jpeg?fit=900%2C834&amp;ssl=1\"><\/div>\n<p>L\u2019Association Guin\u00e9enne des \u00c9diteurs de la Presse Ind\u00e9pendante (AGEPI) a annonc\u00e9, dans un communiqu\u00e9 rendu public, la tenue de son Congr\u00e8s \u00e9lectif national extraordinaire le vendredi 16 janvier 2026, \u00e0 Conakry.<\/p>\n<p>\u00ab L\u2019Association Guin\u00e9enne des \u00c9diteurs de la Presse Ind\u00e9pendante (AGEPI) a le plaisir d\u2019informer la Haute Autorit\u00e9 de la Communication (HAC) ainsi que l\u2019ensemble des institutions publiques et priv\u00e9es partenaires de la tenue de son Congr\u00e8s \u00e9lectif national extraordinaire le vendredi 16 janvier 2026, \u00e0 Conakry \u00bb, a d\u00e9clar\u00e9 la pr\u00e9sidente sortante, Aminata Camara.<\/p>\n<p>Elle a rappel\u00e9 que ce congr\u00e8s \u00e9tait convoqu\u00e9 conform\u00e9ment aux textes r\u00e9glementaires de l\u2019Association, et qu\u2019il aura pour objectif principal le renouvellement du Bureau Ex\u00e9cutif de l\u2019AGEPI.<\/p>\n<p>L\u2019Ordre du jour est ainsi fix\u00e9 : Renouvellement du Bureau Ex\u00e9cutif<\/p>\n<p>\u00ab Votre pr\u00e9sence et votre participation active sont indispensables pour la r\u00e9ussite de ce rendez-vous statutaire majeur pour l\u2019avenir de notre organisation et pour la consolidation de la presse ind\u00e9pendante en Guin\u00e9e \u00bb, pr\u00e9cise le communiqu\u00e9.<\/p>\n<p>La pr\u00e9sidente sortante a par ailleurs rassur\u00e9 qu\u2019elle ne souhaite pas se repr\u00e9senter pour un second mandat.<\/p>\n<p>Pour rappel, Aminata Camara avait \u00e9t\u00e9 \u00e9lue \u00e0 la t\u00eate de l\u2019AGEPI en novembre 2022.<\/p>\n<div class=\"wep-preview\"><iframe loading=\"lazy\" src=\"\/\/docs.google.com\/viewer?url=https%3A%2F%2Fmediaguinee.com%2Fwp-content%2Fuploads%2F2025%2F11%2FCOMMUNIQUE-OFFICIEL-DU-CONGRES-DE-LAGEPI.pdf&amp;embedded=true&amp;hl=fr\" title=\"Embedded Document\" width=\"100%\" height=\"400px\"><\/iframe><\/p>\n<div class=\"wep-download-document\"><a href=\"https:\/\/mediaguinee.com\/wp-content\/uploads\/2025\/11\/COMMUNIQUE-OFFICIEL-DU-CONGRES-DE-LAGEPI.pdf\" target=\"_blank\" rel=\"noopener\">Telecharger<\/a><\/div>\n<\/div>\n<p><strong>Elisa CAMARA<\/strong><\/p>\n<p>L\u2019article <a href=\"https:\/\/mediaguinee.com\/2025\/11\/congres-du-16-janvier-lagepi-ira-au-vote-sans-la-candidature-de-la-presidente-aminata-camara\/\">Congr\u00e8s du 16 janvier : l\u2019AGEPI ira au vote sans la candidature de la pr\u00e9sidente Aminata Camara<\/a> est apparu en premier sur <a href=\"https:\/\/mediaguinee.com\/\">Mediaguinee.com<\/a>.<\/p>\n<\/div>\n","protected":false},"excerpt":{"rendered":"<p>L\u2019Association Guin\u00e9enne des \u00c9diteurs de la Presse Ind\u00e9pendante (AGEPI) a annonc\u00e9, dans un communiqu\u00e9 rendu public, la tenue de son Congr\u00e8s \u00e9lectif national extraordinaire le vendredi 16 janvier 2026, \u00e0 Conakry. \u00ab L\u2019Association Guin\u00e9enne des \u00c9diteurs de la Presse Ind\u00e9pendante (AGEPI) a le plaisir d\u2019informer la Haute Autorit\u00e9 de la Communication (HAC) ainsi que l\u2019ensemble &hellip;<\/p>\n","protected":false},"author":1,"featured_media":0,"comment_status":"closed","ping_status":"closed","sticky":false,"template":"","format":"standard","meta":{"footnotes":""},"categories":[2],"tags":[23],"_links":{"self":[{"href":"https:\/\/sn.ambaguinee.org\/index.php?rest_route=\/wp\/v2\/posts\/87661"}],"collection":[{"href":"https:\/\/sn.ambaguinee.org\/index.php?rest_route=\/wp\/v2\/posts"}],"about":[{"href":"https:\/\/sn.ambaguinee.org\/index.php?rest_route=\/wp\/v2\/types\/post"}],"author":[{"embeddable":true,"href":"https:\/\/sn.ambaguinee.org\/index.php?rest_route=\/wp\/v2\/users\/1"}],"replies":[{"embeddable":true,"href":"https:\/\/sn.ambaguinee.org\/index.php?rest_route=%2Fwp%2Fv2%2Fcomments&post=87661"}],"version-history":[{"count":0,"href":"https:\/\/sn.ambaguinee.org\/index.php?rest_route=\/wp\/v2\/posts\/87661\/revisions"}],"wp:attachment":[{"href":"https:\/\/sn.ambaguinee.org\/index.php?rest_route=%2Fwp%2Fv2%2Fmedia&parent=87661"}],"wp:term":[{"taxonomy":"category","embeddable":true,"href":"https:\/\/sn.ambaguinee.org\/index.php?rest_route=%2Fwp%2Fv2%2Fcategories&post=87661"},{"taxonomy":"post_tag","embeddable":true,"href":"https:\/\/sn.ambaguinee.org\/index.php?rest_route=%2Fwp%2Fv2%2Ftags&post=87661"}],"curies":[{"name":"wp","href":"https:\/\/api.w.org\/{rel}","templated":true}]}}