{"id":87664,"date":"2025-11-18T00:18:14","date_gmt":"2025-11-17T23:18:14","guid":{"rendered":"https:\/\/sn.ambaguinee.org\/?p=87664"},"modified":"2025-11-18T00:18:14","modified_gmt":"2025-11-17T23:18:14","slug":"conakry-les-negociations-entre-le-gouvernement-et-lintersyndicale-de-leducation-officiellement-ouvertes","status":"publish","type":"post","link":"https:\/\/sn.ambaguinee.org\/?p=87664","title":{"rendered":"Conakry : les n\u00e9gociations entre le gouvernement et l\u2019intersyndicale de l\u2019\u00e9ducation officiellement ouvertes"},"content":{"rendered":"<div>\n<div style=\"margin-bottom:20px;\"><img width=\"828\" height=\"500\"src=\"https:\/\/i0.wp.com\/mediaguinee.com\/wp-content\/uploads\/2025\/11\/d57cc7c278667e330b4d080bc13fb16a.jpeg?w=828&amp;ssl=1\" class=\"attachment-post-thumbnail size-post-thumbnail wp-post-image\" alt=\"\" decoding=\"async\" srcset=\"https:\/\/i0.wp.com\/mediaguinee.com\/wp-content\/uploads\/2025\/11\/d57cc7c278667e330b4d080bc13fb16a.jpeg?w=828&amp;ssl=1 828w, https:\/\/i0.wp.com\/mediaguinee.com\/wp-content\/uploads\/2025\/11\/d57cc7c278667e330b4d080bc13fb16a.jpeg?resize=300%2C181&amp;ssl=1 300w, https:\/\/i0.wp.com\/mediaguinee.com\/wp-content\/uploads\/2025\/11\/d57cc7c278667e330b4d080bc13fb16a.jpeg?resize=768%2C464&amp;ssl=1 768w\" sizes=\"(max-width: 828px) 100vw, 828px\" data-attachment-id=\"301089\" data-permalink=\"https:\/\/mediaguinee.com\/2025\/11\/conakry-les-negociations-entre-le-gouvernement-et-lintersyndicale-de-leducation-officiellement-ouvertes\/d57cc7c278667e330b4d080bc13fb16a\/\" data-orig-file=\"https:\/\/i0.wp.com\/mediaguinee.com\/wp-content\/uploads\/2025\/11\/d57cc7c278667e330b4d080bc13fb16a.jpeg?fit=828%2C500&amp;ssl=1\" data-orig-size=\"828,500\" data-comments-opened=\"1\" data-image-meta='{\"aperture\":\"0\",\"credit\":\"\",\"camera\":\"\",\"caption\":\"\",\"created_timestamp\":\"0\",\"copyright\":\"\",\"focal_length\":\"0\",\"iso\":\"0\",\"shutter_speed\":\"0\",\"title\":\"\",\"orientation\":\"0\"}' data-image-title=\"d57cc7c278667e330b4d080bc13fb16a\" data-image-description=\"\" data-image-caption=\"\" data-medium-file=\"https:\/\/i0.wp.com\/mediaguinee.com\/wp-content\/uploads\/2025\/11\/d57cc7c278667e330b4d080bc13fb16a.jpeg?fit=300%2C181&amp;ssl=1\" data-large-file=\"https:\/\/i0.wp.com\/mediaguinee.com\/wp-content\/uploads\/2025\/11\/d57cc7c278667e330b4d080bc13fb16a.jpeg?fit=828%2C500&amp;ssl=1\"><\/div>\n<p>Le processus de concertation visant \u00e0 d\u00e9samorcer la menace de gr\u00e8ve dans le secteur \u00e9ducatif guin\u00e9en s\u2019est ouvert dans la soir\u00e9e du lundi 17 novembre 2025, au minist\u00e8re de la Fonction publique, \u00e0 Kaloum. Les organisations syndicales ont r\u00e9pondu favorablement \u00e0 l\u2019appel, \u00e0 moins de 24 heures du d\u00e9but annonc\u00e9 de la gr\u00e8ve, afin d\u2019entamer des discussions cruciales sur l\u2019avenir du syst\u00e8me \u00e9ducatif.<\/p>\n<p>L\u2019intersyndicale, compos\u00e9e de la F\u00e9d\u00e9ration syndicale des professionnels de l\u2019\u00e9ducation (FSPE), du Syndicat national de l\u2019\u00e9ducation (SNE) et du Syndicat libre des enseignants et chercheurs de Guin\u00e9e (SLECG), a longuement \u00e9chang\u00e9 avec la partie gouvernementale lors de cette premi\u00e8re journ\u00e9e d\u2019ouverture des d\u00e9bats.<\/p>\n<p>\u00c0 l\u2019issue des discussions, Aboubacar Diesto Camara, secr\u00e9taire g\u00e9n\u00e9ral adjoint charg\u00e9 de la communication de l\u2019intersyndicale, a soulign\u00e9 un climat jug\u00e9 encourageant.<\/p>\n<p>Selon lui, la journ\u00e9e a \u00e9t\u00e9 consacr\u00e9e au lancement officiel des discussions :<\/p>\n<p>\u00ab Comme vous le savez, suite \u00e0 l\u2019invitation du CNDS par l\u2019entremise du gouvernement guin\u00e9en, nous avons r\u00e9pondu favorablement \u00e0 l\u2019appel. Aujourd\u2019hui, nous avons consacr\u00e9 cette journ\u00e9e \u00e0 l\u2019ouverture des d\u00e9bats. Les points \u00e0 d\u00e9battre en profondeur sont d\u00e9j\u00e0 connus. Demain et apr\u00e8s-demain, nous entrerons dans le vif du sujet et les discussions vont avancer \u00bb, a-t-il d\u00e9clar\u00e9.<\/p>\n<p>Le repr\u00e9sentant syndical se montre prudemment optimiste quant au d\u00e9roulement des travaux :<\/p>\n<p>\u00ab Le climat qui a pr\u00e9valu du c\u00f4t\u00e9 gouvernemental a \u00e9t\u00e9 vraiment correct. Ils ont \u00e9t\u00e9 accessibles \u00e0 toutes nos pr\u00e9occupations. Cela nous donne une lueur d\u2019espoir que, d\u00e8s demain, nous serons vraiment satisfaits. \u00bb<\/p>\n<p>Il a \u00e9galement annonc\u00e9 que les travaux se poursuivront au sein d\u2019une commission technique d\u00e9di\u00e9e :<\/p>\n<p>\u00ab Demain, c\u2019est la commission : une commission technique d\u00e9j\u00e0 existante au niveau de la relecture sera mobilis\u00e9e. Nous viendrons pour harmoniser l\u2019ensemble des points au niveau des trois d\u00e9partements afin qu\u2019un document consensuel soit sign\u00e9. \u00bb<\/p>\n<p>Les discussions, qui se tiennent \u00e0 huis clos sous la pr\u00e9sidence du CNDS, regroupent cinq repr\u00e9sentants d\u00e9sign\u00e9s par chaque organisation syndicale.<\/p>\n<p>\u00c0 rappeler que parmi les principaux points inscrits dans la plateforme revendicative figurent notamment :<\/p>\n<ul>\n<li>la signature du statut particulier des enseignants ;<\/li>\n<li>la r\u00e9gularisation de la situation des enseignants bloqu\u00e9s depuis d\u00e9cembre 2023 ;<\/li>\n<li>la prise en compte des enseignants non retenus au concours en pratique de classe sans statut ;<\/li>\n<li>la situation des contractuels de Conakry ;<\/li>\n<li>les primes de pr\u00e9paration, de documentation, de transport et de logement.<\/li>\n<\/ul>\n<p>Ces onze points, selon l\u2019intersyndicale, sont \u00ab essentiels et vont dans l\u2019int\u00e9r\u00eat du syst\u00e8me \u00e9ducatif, notamment des enseignants \u00bb.<\/p>\n<p>L\u2019ouverture de ces discussions met ainsi en suspens la paralysie du secteur \u00e9ducatif, dont le d\u00e9but \u00e9tait annonc\u00e9 pour ce 18 novembre 2025.<\/p>\n<p><strong>Mayi Ciss\u00e9<\/strong><\/p>\n<p>L\u2019article <a href=\"https:\/\/mediaguinee.com\/2025\/11\/conakry-les-negociations-entre-le-gouvernement-et-lintersyndicale-de-leducation-officiellement-ouvertes\/\">Conakry : les n\u00e9gociations entre le gouvernement et l\u2019intersyndicale de l\u2019\u00e9ducation officiellement ouvertes<\/a> est apparu en premier sur <a href=\"https:\/\/mediaguinee.com\/\">Mediaguinee.com<\/a>.<\/p>\n<\/div>\n","protected":false},"excerpt":{"rendered":"<p>Le processus de concertation visant \u00e0 d\u00e9samorcer la menace de gr\u00e8ve dans le secteur \u00e9ducatif guin\u00e9en s\u2019est ouvert dans la soir\u00e9e du lundi 17 novembre 2025, au minist\u00e8re de la Fonction publique, \u00e0 Kaloum. Les organisations syndicales ont r\u00e9pondu favorablement \u00e0 l\u2019appel, \u00e0 moins de 24 heures du d\u00e9but annonc\u00e9 de la gr\u00e8ve, afin d\u2019entamer &hellip;<\/p>\n","protected":false},"author":1,"featured_media":0,"comment_status":"closed","ping_status":"closed","sticky":false,"template":"","format":"standard","meta":{"footnotes":""},"categories":[2],"tags":[23],"_links":{"self":[{"href":"https:\/\/sn.ambaguinee.org\/index.php?rest_route=\/wp\/v2\/posts\/87664"}],"collection":[{"href":"https:\/\/sn.ambaguinee.org\/index.php?rest_route=\/wp\/v2\/posts"}],"about":[{"href":"https:\/\/sn.ambaguinee.org\/index.php?rest_route=\/wp\/v2\/types\/post"}],"author":[{"embeddable":true,"href":"https:\/\/sn.ambaguinee.org\/index.php?rest_route=\/wp\/v2\/users\/1"}],"replies":[{"embeddable":true,"href":"https:\/\/sn.ambaguinee.org\/index.php?rest_route=%2Fwp%2Fv2%2Fcomments&post=87664"}],"version-history":[{"count":0,"href":"https:\/\/sn.ambaguinee.org\/index.php?rest_route=\/wp\/v2\/posts\/87664\/revisions"}],"wp:attachment":[{"href":"https:\/\/sn.ambaguinee.org\/index.php?rest_route=%2Fwp%2Fv2%2Fmedia&parent=87664"}],"wp:term":[{"taxonomy":"category","embeddable":true,"href":"https:\/\/sn.ambaguinee.org\/index.php?rest_route=%2Fwp%2Fv2%2Fcategories&post=87664"},{"taxonomy":"post_tag","embeddable":true,"href":"https:\/\/sn.ambaguinee.org\/index.php?rest_route=%2Fwp%2Fv2%2Ftags&post=87664"}],"curies":[{"name":"wp","href":"https:\/\/api.w.org\/{rel}","templated":true}]}}