{"id":87735,"date":"2025-11-19T00:22:43","date_gmt":"2025-11-18T23:22:43","guid":{"rendered":"https:\/\/sn.ambaguinee.org\/?p=87735"},"modified":"2025-11-19T00:22:43","modified_gmt":"2025-11-18T23:22:43","slug":"depuis-lavion-on-voit-le-palais-du-peuple-bien-electrifie-mais-les-factures-ne-sont-pas-payees-edg-devrait-venir-couper-le-courant-ici-ministre","status":"publish","type":"post","link":"https:\/\/sn.ambaguinee.org\/?p=87735","title":{"rendered":"\u2018\u2019Depuis l\u2019avion, on voit le Palais du Peuple bien \u00e9lectrifi\u00e9, mais les factures ne sont pas pay\u00e9es. EDG devrait venir couper le courant ici\u2019\u2019 (ministre)"},"content":{"rendered":"<div>\n<div style=\"margin-bottom:20px;\"><img width=\"2048\" height=\"1155\"src=\"https:\/\/i0.wp.com\/mediaguinee.com\/wp-content\/uploads\/2025\/11\/IMG_4624.jpeg?w=2048&amp;ssl=1\" class=\"attachment-post-thumbnail size-post-thumbnail wp-post-image\" alt=\"\" decoding=\"async\" srcset=\"https:\/\/i0.wp.com\/mediaguinee.com\/wp-content\/uploads\/2025\/11\/IMG_4624.jpeg?w=2048&amp;ssl=1 2048w, https:\/\/i0.wp.com\/mediaguinee.com\/wp-content\/uploads\/2025\/11\/IMG_4624.jpeg?resize=300%2C169&amp;ssl=1 300w, https:\/\/i0.wp.com\/mediaguinee.com\/wp-content\/uploads\/2025\/11\/IMG_4624.jpeg?resize=1024%2C578&amp;ssl=1 1024w, https:\/\/i0.wp.com\/mediaguinee.com\/wp-content\/uploads\/2025\/11\/IMG_4624.jpeg?resize=768%2C433&amp;ssl=1 768w, https:\/\/i0.wp.com\/mediaguinee.com\/wp-content\/uploads\/2025\/11\/IMG_4624.jpeg?resize=1536%2C866&amp;ssl=1 1536w\" sizes=\"(max-width: 2048px) 100vw, 2048px\" data-attachment-id=\"301310\" data-permalink=\"https:\/\/mediaguinee.com\/2025\/11\/depuis-lavion-on-voit-le-palais-du-peuple-bien-electrifie-mais-les-factures-ne-sont-pas-payees-edg-devrait-venir-couper-le-courant-ici-ministre\/img_4624-2\/\" data-orig-file=\"https:\/\/i0.wp.com\/mediaguinee.com\/wp-content\/uploads\/2025\/11\/IMG_4624.jpeg?fit=2048%2C1155&amp;ssl=1\" data-orig-size=\"2048,1155\" data-comments-opened=\"1\" data-image-meta='{\"aperture\":\"0\",\"credit\":\"\",\"camera\":\"\",\"caption\":\"\",\"created_timestamp\":\"0\",\"copyright\":\"\",\"focal_length\":\"0\",\"iso\":\"0\",\"shutter_speed\":\"0\",\"title\":\"\",\"orientation\":\"1\"}' data-image-title=\"Facinet SYLLA\" data-image-description=\"\" data-image-caption=\"\" data-medium-file=\"https:\/\/i0.wp.com\/mediaguinee.com\/wp-content\/uploads\/2025\/11\/IMG_4624.jpeg?fit=300%2C169&amp;ssl=1\" data-large-file=\"https:\/\/i0.wp.com\/mediaguinee.com\/wp-content\/uploads\/2025\/11\/IMG_4624.jpeg?fit=1024%2C578&amp;ssl=1\"><\/div>\n<p><span data-originalfontsize=\"20pt\" data-originalcomputedfontsize=\"26.666666\">\u00c0 l\u2019occasion de l\u2019examen et de la d\u00e9lib\u00e9ration sur le volet \u00ab d\u00e9penses \u00bb de la Loi de finances rectificative (LFR) pour l\u2019exercice 2025, adopt\u00e9e par les Conseillers nationaux du Conseil national de la Transition le 17 novembre 2025, le ministre du Budget, pr\u00e9sent \u00e0 la pl\u00e9ni\u00e8re, a accept\u00e9 de r\u00e9pondre \u00e0 plusieurs questions pos\u00e9es par les repr\u00e9sentants du peuple au sein de l\u2019institution. L\u2019un des points ayant suscit\u00e9 un vif int\u00e9r\u00eat concernait la Direction g\u00e9n\u00e9rale de l\u2019\u00c9lectricit\u00e9 de Guin\u00e9e (EDG), confront\u00e9e \u00e0 de nombreuses difficult\u00e9s li\u00e9es au recouvrement des factures et \u00e0 la pose des compteurs, complications aliment\u00e9es, selon lui, par \u00ab la complicit\u00e9 de certains agents \u00bb.<\/span><\/p>\n<p><span data-originalfontsize=\"20pt\" data-originalcomputedfontsize=\"26.666666\">\u00c9voquant le cas sp\u00e9cifique d\u2019\u00c9lectricit\u00e9 de Guin\u00e9e, le ministre Facinet Sylla a tenu \u00e0 rendre un hommage appuy\u00e9 \u00e0 l\u2019actuel directeur g\u00e9n\u00e9ral de l\u2019EDG, qu\u2019il a f\u00e9licit\u00e9 pour les progr\u00e8s r\u00e9alis\u00e9s dans le renflouement des caisses de cette importante direction transversale, pass\u00e9es de 1\/2 million de dollars \u00e0 pr\u00e8s de 6 millions de dollars depuis sa nomination. \u00ab Je voudrais ici rendre un hommage au ministre Gando Barry, l\u2019ancien ministre des Travaux publics qui a pris le pilotage de EDG, d\u2019au moins d\u2019un million de dollars il est pass\u00e9 aujourd\u2019hui \u00e0 presque 6 millions de dollars. Donc il participe \u00e0 diminuer la charge que l\u2019Etat supporte \u00e0 travers son budget par des subventions. Il fait face \u00e0 beaucoup de contraintes mais vous voyez en moins d\u2019une ann\u00e9e ce qu\u2019il a pu faire, \u00e7a m\u00e9rite encouragement. Et au lieu de taper tout le temps sur EDG le pr\u00e9sident Mamadi Doumbouya a bien fait de le choisir, parce que c\u2019est un monsieur qui a \u00e9volu\u00e9 toute sa carri\u00e8re dans le secteur du budget et de l\u2019\u00e9conomie\u2026 \u00bb, a-t-il d\u00e9clar\u00e9.<\/span><\/p>\n<p><span data-originalfontsize=\"20pt\" data-originalcomputedfontsize=\"26.666666\">Poursuivant son intervention, le ministre du Budget a d\u00e9plor\u00e9 \u00a0le non-payement des factures de courant. \u00ab Quand les citoyens refusent de s\u2019acquitter de leurs obligations en mati\u00e8re de payement des factures, quand nous sommes syst\u00e9matiquement oppos\u00e9s \u00e0 la pose des compteurs \u00e9videmment avec la complicit\u00e9 de certains agents, c\u2019est des comportements structurels qui mettent du temps pour changer \u00bb, a-t-il expliqu\u00e9.<\/span><\/p>\n<p><span data-originalfontsize=\"20pt\" data-originalcomputedfontsize=\"26.666666\">Selon Facinet Sylla, les difficult\u00e9s rencontr\u00e9es par les nouvelles autorit\u00e9s trouvent en partie leur origine dans les pratiques h\u00e9rit\u00e9es de l\u2019ancien r\u00e9gime. \u00ab On a h\u00e9rit\u00e9 de beaucoup de choses de l\u2019ancien r\u00e9gime. D\u00e8s que c\u2019est l\u2019\u00c9tat qui produit quelque chose, \u00e7a doit \u00eatre gratuit, quand ce n\u2019est pas gratuit, si vous ne trichez pas \u00e7a ce que vous vous \u00eates maudits, c\u2019est ce qu\u2019on dit entre nous dans les quartiers. Donc on doit changer cette mentalit\u00e9 et ce changement de mentalit\u00e9 \u00e7a commence depuis l\u2019\u00e9cole primaire jusqu\u2019\u00e0 l\u2019universit\u00e9, \u00e0 tous les niveaux \u00bb.<\/span><\/p>\n<p><span data-originalfontsize=\"20pt\" data-originalcomputedfontsize=\"26.666666\">Revenant sur les subventions accord\u00e9es \u00e0 l\u2019EDG, le ministre du Budget a apport\u00e9 des pr\u00e9cisions. \u00ab L\u2019entreprise a certes des probl\u00e8mes structurels de gestion mais les subventions qu\u2019elle re\u00e7oit, ce n\u2019est pas des subventions qui vont \u00e0 EDG, c\u2019est les subventions du manque qu\u2019elle a. Si le co\u00fbt de production est de 100 unit\u00e9s ou de 100 francs guin\u00e9ens et que EDG ne peut percevoir que les 87% ou les 93%, l\u2019Etat est oblig\u00e9 de payer, sinon c\u2019est de probl\u00e8mes sociaux qui viendront apr\u00e8s, mais \u00e7a c\u2019est un travail pour nous tous \u00bb, a-t-il martel\u00e9.<\/span><\/p>\n<p><span data-originalfontsize=\"20pt\" data-originalcomputedfontsize=\"26.666666\">Enfin, le ministre du Budget a r\u00e9v\u00e9l\u00e9 que le Conseil national de la Transition faisait lui aussi partie des institutions ne s\u2019acquittant pas de leurs factures aupr\u00e8s de l\u2019EDG. \u00abQuelqu\u2019un l\u2019a dit l\u2019autre jour dans l\u2019adoption du volet recettes, qu\u2019on a bien \u00e9lectrifi\u00e9 cet \u00e9difice et tous ses alentours et que m\u00eame de l\u2019avion on peut voir le Palais du Peuple, mais les factures ne sont pas pay\u00e9es. Peut-\u00eatre EDG dans son efficacit\u00e9 devrait venir couper le courant ici c\u2019est tout qui leur reste \u00e0 faire \u00bb, a-t-il conclu.<\/span><\/p>\n<p><b><span data-originalfontsize=\"20pt\" data-originalcomputedfontsize=\"26.666666\">Mamadou Yaya Barry\u00a0<\/span><\/b><\/p>\n<p>L\u2019article <a href=\"https:\/\/mediaguinee.com\/2025\/11\/depuis-lavion-on-voit-le-palais-du-peuple-bien-electrifie-mais-les-factures-ne-sont-pas-payees-edg-devrait-venir-couper-le-courant-ici-ministre\/\">\u2018\u2019Depuis l\u2019avion, on voit le Palais du Peuple bien \u00e9lectrifi\u00e9, mais les factures ne sont pas pay\u00e9es. EDG devrait venir couper le courant ici\u2019\u2019 (ministre)<\/a> est apparu en premier sur <a href=\"https:\/\/mediaguinee.com\/\">Mediaguinee.com<\/a>.<\/p>\n<\/div>\n","protected":false},"excerpt":{"rendered":"<p>\u00c0 l\u2019occasion de l\u2019examen et de la d\u00e9lib\u00e9ration sur le volet \u00ab d\u00e9penses \u00bb de la Loi de finances rectificative (LFR) pour l\u2019exercice 2025, adopt\u00e9e par les Conseillers nationaux du Conseil national de la Transition le 17 novembre 2025, le ministre du Budget, pr\u00e9sent \u00e0 la pl\u00e9ni\u00e8re, a accept\u00e9 de r\u00e9pondre \u00e0 plusieurs questions pos\u00e9es &hellip;<\/p>\n","protected":false},"author":1,"featured_media":0,"comment_status":"closed","ping_status":"closed","sticky":false,"template":"","format":"standard","meta":{"footnotes":""},"categories":[2],"tags":[23],"_links":{"self":[{"href":"https:\/\/sn.ambaguinee.org\/index.php?rest_route=\/wp\/v2\/posts\/87735"}],"collection":[{"href":"https:\/\/sn.ambaguinee.org\/index.php?rest_route=\/wp\/v2\/posts"}],"about":[{"href":"https:\/\/sn.ambaguinee.org\/index.php?rest_route=\/wp\/v2\/types\/post"}],"author":[{"embeddable":true,"href":"https:\/\/sn.ambaguinee.org\/index.php?rest_route=\/wp\/v2\/users\/1"}],"replies":[{"embeddable":true,"href":"https:\/\/sn.ambaguinee.org\/index.php?rest_route=%2Fwp%2Fv2%2Fcomments&post=87735"}],"version-history":[{"count":0,"href":"https:\/\/sn.ambaguinee.org\/index.php?rest_route=\/wp\/v2\/posts\/87735\/revisions"}],"wp:attachment":[{"href":"https:\/\/sn.ambaguinee.org\/index.php?rest_route=%2Fwp%2Fv2%2Fmedia&parent=87735"}],"wp:term":[{"taxonomy":"category","embeddable":true,"href":"https:\/\/sn.ambaguinee.org\/index.php?rest_route=%2Fwp%2Fv2%2Fcategories&post=87735"},{"taxonomy":"post_tag","embeddable":true,"href":"https:\/\/sn.ambaguinee.org\/index.php?rest_route=%2Fwp%2Fv2%2Ftags&post=87735"}],"curies":[{"name":"wp","href":"https:\/\/api.w.org\/{rel}","templated":true}]}}