{"id":87802,"date":"2025-11-19T23:04:29","date_gmt":"2025-11-19T22:04:29","guid":{"rendered":"https:\/\/sn.ambaguinee.org\/?p=87802"},"modified":"2025-11-19T23:04:29","modified_gmt":"2025-11-19T22:04:29","slug":"negociation-educative-si-la-fumee-blanche-ne-sort-pas-dici-a-mardi-soir-ce-sera-notre-derniere-rencontre","status":"publish","type":"post","link":"https:\/\/sn.ambaguinee.org\/?p=87802","title":{"rendered":"N\u00e9gociation \u00e9ducative : \u00ab si la fum\u00e9e blanche ne sort pas d\u2019ici \u00e0 mardi soir, ce sera notre derni\u00e8re rencontre \u00bb"},"content":{"rendered":"<div>\n<div style=\"margin-bottom:20px;\"><img width=\"2048\" height=\"1152\"src=\"https:\/\/i0.wp.com\/mediaguinee.com\/wp-content\/uploads\/2025\/11\/4fbdbdc4a01b72e15d5ef2534f498f68.jpeg?w=2048&amp;ssl=1\" class=\"attachment-post-thumbnail size-post-thumbnail wp-post-image\" alt=\"\" decoding=\"async\" srcset=\"https:\/\/i0.wp.com\/mediaguinee.com\/wp-content\/uploads\/2025\/11\/4fbdbdc4a01b72e15d5ef2534f498f68.jpeg?w=2048&amp;ssl=1 2048w, https:\/\/i0.wp.com\/mediaguinee.com\/wp-content\/uploads\/2025\/11\/4fbdbdc4a01b72e15d5ef2534f498f68.jpeg?resize=300%2C169&amp;ssl=1 300w, https:\/\/i0.wp.com\/mediaguinee.com\/wp-content\/uploads\/2025\/11\/4fbdbdc4a01b72e15d5ef2534f498f68.jpeg?resize=1024%2C576&amp;ssl=1 1024w, https:\/\/i0.wp.com\/mediaguinee.com\/wp-content\/uploads\/2025\/11\/4fbdbdc4a01b72e15d5ef2534f498f68.jpeg?resize=768%2C432&amp;ssl=1 768w, https:\/\/i0.wp.com\/mediaguinee.com\/wp-content\/uploads\/2025\/11\/4fbdbdc4a01b72e15d5ef2534f498f68.jpeg?resize=1536%2C864&amp;ssl=1 1536w\" sizes=\"(max-width: 2048px) 100vw, 2048px\" data-attachment-id=\"301378\" data-permalink=\"https:\/\/mediaguinee.com\/2025\/11\/negociation-educative-si-la-fumee-blanche-ne-sort-pas-dici-a-mardi-soir-ce-sera-notre-derniere-rencontre\/4fbdbdc4a01b72e15d5ef2534f498f68\/\" data-orig-file=\"https:\/\/i0.wp.com\/mediaguinee.com\/wp-content\/uploads\/2025\/11\/4fbdbdc4a01b72e15d5ef2534f498f68.jpeg?fit=2048%2C1152&amp;ssl=1\" data-orig-size=\"2048,1152\" data-comments-opened=\"1\" data-image-meta='{\"aperture\":\"0\",\"credit\":\"\",\"camera\":\"\",\"caption\":\"\",\"created_timestamp\":\"0\",\"copyright\":\"\",\"focal_length\":\"0\",\"iso\":\"0\",\"shutter_speed\":\"0\",\"title\":\"\",\"orientation\":\"0\"}' data-image-title=\"4fbdbdc4a01b72e15d5ef2534f498f68\" data-image-description=\"\" data-image-caption=\"\" data-medium-file=\"https:\/\/i0.wp.com\/mediaguinee.com\/wp-content\/uploads\/2025\/11\/4fbdbdc4a01b72e15d5ef2534f498f68.jpeg?fit=300%2C169&amp;ssl=1\" data-large-file=\"https:\/\/i0.wp.com\/mediaguinee.com\/wp-content\/uploads\/2025\/11\/4fbdbdc4a01b72e15d5ef2534f498f68.jpeg?fit=1024%2C576&amp;ssl=1\"><\/div>\n<p>La 3\u1d49 journ\u00e9e de n\u00e9gociations bipartites entre le gouvernement et l\u2019intersyndicale du secteur \u00e9ducatif s\u2019est tenue ce mercredi 19 novembre 2025, au minist\u00e8re de la Fonction publique \u00e0 Kaloum. Au centre des discussions : le statut particulier des enseignants, revendication majeure port\u00e9e par les syndicats depuis pr\u00e8s de deux d\u00e9cennies.<\/p>\n<p><img data-recalc-dims=\"1\" decoding=\"async\" data-attachment-id=\"301379\" data-permalink=\"https:\/\/mediaguinee.com\/2025\/11\/negociation-educative-si-la-fumee-blanche-ne-sort-pas-dici-a-mardi-soir-ce-sera-notre-derniere-rencontre\/11b227e44ab0a768e23f67340c3eb307\/\" data-orig-file=\"https:\/\/i0.wp.com\/mediaguinee.com\/wp-content\/uploads\/2025\/11\/11b227e44ab0a768e23f67340c3eb307.jpeg?fit=2048%2C1152&amp;ssl=1\" data-orig-size=\"2048,1152\" data-comments-opened=\"1\" data-image-meta='{\"aperture\":\"0\",\"credit\":\"\",\"camera\":\"\",\"caption\":\"\",\"created_timestamp\":\"0\",\"copyright\":\"\",\"focal_length\":\"0\",\"iso\":\"0\",\"shutter_speed\":\"0\",\"title\":\"\",\"orientation\":\"0\"}' data-image-title=\"11b227e44ab0a768e23f67340c3eb307\" data-image-description=\"\" data-image-caption=\"\" data-medium-file=\"https:\/\/i0.wp.com\/mediaguinee.com\/wp-content\/uploads\/2025\/11\/11b227e44ab0a768e23f67340c3eb307.jpeg?fit=300%2C169&amp;ssl=1\" data-large-file=\"https:\/\/i0.wp.com\/mediaguinee.com\/wp-content\/uploads\/2025\/11\/11b227e44ab0a768e23f67340c3eb307.jpeg?fit=1024%2C576&amp;ssl=1\" class=\"alignnone wp-image-301379 size-full\"src=\"https:\/\/i0.wp.com\/mediaguinee.com\/wp-content\/uploads\/2025\/11\/11b227e44ab0a768e23f67340c3eb307.jpeg?w=2048&amp;ssl=1\" alt=\"\" width=\"1170\" height=\"658\" srcset=\"https:\/\/i0.wp.com\/mediaguinee.com\/wp-content\/uploads\/2025\/11\/11b227e44ab0a768e23f67340c3eb307.jpeg?w=2048&amp;ssl=1 2048w, https:\/\/i0.wp.com\/mediaguinee.com\/wp-content\/uploads\/2025\/11\/11b227e44ab0a768e23f67340c3eb307.jpeg?resize=300%2C169&amp;ssl=1 300w, https:\/\/i0.wp.com\/mediaguinee.com\/wp-content\/uploads\/2025\/11\/11b227e44ab0a768e23f67340c3eb307.jpeg?resize=1024%2C576&amp;ssl=1 1024w, https:\/\/i0.wp.com\/mediaguinee.com\/wp-content\/uploads\/2025\/11\/11b227e44ab0a768e23f67340c3eb307.jpeg?resize=768%2C432&amp;ssl=1 768w, https:\/\/i0.wp.com\/mediaguinee.com\/wp-content\/uploads\/2025\/11\/11b227e44ab0a768e23f67340c3eb307.jpeg?resize=1536%2C864&amp;ssl=1 1536w\" sizes=\"(max-width: 1170px) 100vw, 1170px\"><\/p>\n<p>Selon Aboubacar Diesto Camara, porte-parole de l\u2019intersyndicale, la rencontre a \u00e9t\u00e9 \u00e9largie au Syndicat National de l\u2019Enseignement Technique, au SNAESUR et au Syndicat National Autonome de l\u2019Enseignement Sup\u00e9rieur et de la Recherche Scientifique.<\/p>\n<p>\u00ab Depuis 14 heures, l\u2019intersyndicale a tenu une s\u00e9ance exclusivement \u00e9largie \u00e0 l\u2019ensemble des syndicats concern\u00e9s. Nous \u00e9tions en salle pour aborder un point longtemps oubli\u00e9 : la suppression du samedi dans l\u2019enseignement sup\u00e9rieur. Ce point, qui constituait initialement un blocage, a finalement \u00e9t\u00e9 report\u00e9 \u00e0 une autre date apr\u00e8s discussion \u00bb, a expliqu\u00e9 M. Diesto Camara.<\/p>\n<p>Concernant le statut particulier, le gouvernement a sollicit\u00e9 un d\u00e9lai afin de consulter les techniciens des minist\u00e8res du Budget, des Finances et de la Fonction publique pour pr\u00e9parer des propositions solides. L\u2019intersyndicale a refus\u00e9 ce calendrier, estimant le d\u00e9lai trop long.<\/p>\n<p>\u00ab Notre cheval de bataille reste le statut particulier. Pour le gouvernement, ce point est comme une \u00e9p\u00e9e de Damocl\u00e8s. Nous avons rejet\u00e9 la date de vendredi, jug\u00e9e trop \u00e9loign\u00e9e, et retenu mardi afin de permettre aux ministres et techniciens concern\u00e9s de se retrouver et de nous pr\u00e9senter une proposition concr\u00e8te \u00bb, a-t-il pr\u00e9cis\u00e9.<\/p>\n<p>L\u2019intersyndicale a \u00e9galement adress\u00e9 un ultimatum aux autorit\u00e9s : \u00ab Nous demandons aux enseignantes et enseignants de Guin\u00e9e de rester mobilis\u00e9s. Nous avons attendu 19 ans, depuis 2006, pour ce statut. Mardi, nous viendrons avec des arguments forts et une d\u00e9cision finale. Si la fum\u00e9e blanche ne sort pas d\u2019ici mardi soir, ce sera notre derni\u00e8re rencontre. Nous avons demand\u00e9 \u00e0 la partie gouvernementale de r\u00e9unir tous les arguments pour que, d\u00e8s mardi, on puisse dire oui \u00e0 notre statut particulier. \u00bb<\/p>\n<p>D\u2019autres points ont aussi \u00e9t\u00e9 discut\u00e9s : le d\u00e9blocage des salaires des enseignants suspendus depuis 2023 et l\u2019int\u00e9gration des contractuels.<\/p>\n<p>Selon le porte-parole, \u00ab le principe du d\u00e9blocage des salaires pour tous ceux qui sont en poste est acquis, soit 1 660 points. Pour les cas de substitution ou de doublons, cela sera \u00e9tudi\u00e9 progressivement. \u00bb<\/p>\n<p>Sur la question des contractuels non retenus, il pr\u00e9cise : \u00ab Il s\u2019agit d\u2019un autre point fondamental. Des discussions ont eu lieu, mais pour l\u2019instant, nous n\u2019avons pas encore de compr\u00e9hension totale avec la partie gouvernementale. \u00bb<\/p>\n<p>L\u2019intersyndicale promet donc de revenir mardi prochain avec une position \u00ab claire et d\u00e9finitive \u00bb, dans l\u2019espoir que cette rencontre mette enfin un terme \u00e0 pr\u00e8s de vingt ans d\u2019attente autour du statut particulier des enseignants.<\/p>\n<p><strong>Mayi Ciss\u00e9<\/strong><\/p>\n<p>623 62 53 65<\/p>\n<p>L\u2019article <a href=\"https:\/\/mediaguinee.com\/2025\/11\/negociation-educative-si-la-fumee-blanche-ne-sort-pas-dici-a-mardi-soir-ce-sera-notre-derniere-rencontre\/\">N\u00e9gociation \u00e9ducative : \u00ab si la fum\u00e9e blanche ne sort pas d\u2019ici \u00e0 mardi soir, ce sera notre derni\u00e8re rencontre \u00bb<\/a> est apparu en premier sur <a href=\"https:\/\/mediaguinee.com\/\">Mediaguinee.com<\/a>.<\/p>\n<\/div>\n","protected":false},"excerpt":{"rendered":"<p>La 3\u1d49 journ\u00e9e de n\u00e9gociations bipartites entre le gouvernement et l\u2019intersyndicale du secteur \u00e9ducatif s\u2019est tenue ce mercredi 19 novembre 2025, au minist\u00e8re de la Fonction publique \u00e0 Kaloum. Au centre des discussions : le statut particulier des enseignants, revendication majeure port\u00e9e par les syndicats depuis pr\u00e8s de deux d\u00e9cennies. Selon Aboubacar Diesto Camara, porte-parole &hellip;<\/p>\n","protected":false},"author":1,"featured_media":0,"comment_status":"closed","ping_status":"closed","sticky":false,"template":"","format":"standard","meta":{"footnotes":""},"categories":[2],"tags":[23],"_links":{"self":[{"href":"https:\/\/sn.ambaguinee.org\/index.php?rest_route=\/wp\/v2\/posts\/87802"}],"collection":[{"href":"https:\/\/sn.ambaguinee.org\/index.php?rest_route=\/wp\/v2\/posts"}],"about":[{"href":"https:\/\/sn.ambaguinee.org\/index.php?rest_route=\/wp\/v2\/types\/post"}],"author":[{"embeddable":true,"href":"https:\/\/sn.ambaguinee.org\/index.php?rest_route=\/wp\/v2\/users\/1"}],"replies":[{"embeddable":true,"href":"https:\/\/sn.ambaguinee.org\/index.php?rest_route=%2Fwp%2Fv2%2Fcomments&post=87802"}],"version-history":[{"count":0,"href":"https:\/\/sn.ambaguinee.org\/index.php?rest_route=\/wp\/v2\/posts\/87802\/revisions"}],"wp:attachment":[{"href":"https:\/\/sn.ambaguinee.org\/index.php?rest_route=%2Fwp%2Fv2%2Fmedia&parent=87802"}],"wp:term":[{"taxonomy":"category","embeddable":true,"href":"https:\/\/sn.ambaguinee.org\/index.php?rest_route=%2Fwp%2Fv2%2Fcategories&post=87802"},{"taxonomy":"post_tag","embeddable":true,"href":"https:\/\/sn.ambaguinee.org\/index.php?rest_route=%2Fwp%2Fv2%2Ftags&post=87802"}],"curies":[{"name":"wp","href":"https:\/\/api.w.org\/{rel}","templated":true}]}}