{"id":87803,"date":"2025-11-19T23:04:29","date_gmt":"2025-11-19T22:04:29","guid":{"rendered":"https:\/\/sn.ambaguinee.org\/?p=87803"},"modified":"2025-11-19T23:04:29","modified_gmt":"2025-11-19T22:04:29","slug":"diplomatie-le-president-doumbouya-nomme-de-nouveaux-ambassadeurs-aupres-de-lue-de-la-libye-et-du-gabon","status":"publish","type":"post","link":"https:\/\/sn.ambaguinee.org\/?p=87803","title":{"rendered":"Diplomatie : le pr\u00e9sident Doumbouya nomme de nouveaux ambassadeurs aupr\u00e8s de l\u2019UE, de la Libye et du Gabon"},"content":{"rendered":"<div>\n<div style=\"margin-bottom:20px;\"><img width=\"1080\" height=\"722\"src=\"https:\/\/i0.wp.com\/mediaguinee.com\/wp-content\/uploads\/2023\/02\/Mamadi-Doumbouya-3-jpg.webp?w=1080&amp;ssl=1\" class=\"attachment-post-thumbnail size-post-thumbnail wp-post-image\" alt=\"\" decoding=\"async\" srcset=\"https:\/\/i0.wp.com\/mediaguinee.com\/wp-content\/uploads\/2023\/02\/Mamadi-Doumbouya-3-jpg.webp?w=1080&amp;ssl=1 1080w, https:\/\/i0.wp.com\/mediaguinee.com\/wp-content\/uploads\/2023\/02\/Mamadi-Doumbouya-3-jpg.webp?resize=300%2C201&amp;ssl=1 300w, https:\/\/i0.wp.com\/mediaguinee.com\/wp-content\/uploads\/2023\/02\/Mamadi-Doumbouya-3-jpg.webp?resize=768%2C513&amp;ssl=1 768w, https:\/\/i0.wp.com\/mediaguinee.com\/wp-content\/uploads\/2023\/02\/Mamadi-Doumbouya-3-jpg.webp?resize=1024%2C685&amp;ssl=1 1024w\" sizes=\"(max-width: 1080px) 100vw, 1080px\" data-attachment-id=\"217590\" data-permalink=\"https:\/\/mediaguinee.com\/2023\/02\/compte-rendu-du-conseil-ordinaire-des-ministres-du-jeudi-9-fevrier\/mamadi-doumbouya-3\/\" data-orig-file=\"https:\/\/i0.wp.com\/mediaguinee.com\/wp-content\/uploads\/2023\/02\/Mamadi-Doumbouya-3-jpg.webp?fit=1080%2C722&amp;ssl=1\" data-orig-size=\"1080,722\" data-comments-opened=\"1\" data-image-meta='{\"aperture\":\"0\",\"credit\":\"\",\"camera\":\"\",\"caption\":\"\",\"created_timestamp\":\"0\",\"copyright\":\"\",\"focal_length\":\"0\",\"iso\":\"0\",\"shutter_speed\":\"0\",\"title\":\"\",\"orientation\":\"0\"}' data-image-title=\"Mamadi Doumbouya 3\" data-image-description=\"\" data-image-caption=\"\" data-medium-file=\"https:\/\/i0.wp.com\/mediaguinee.com\/wp-content\/uploads\/2023\/02\/Mamadi-Doumbouya-3-jpg.webp?fit=300%2C201&amp;ssl=1\" data-large-file=\"https:\/\/i0.wp.com\/mediaguinee.com\/wp-content\/uploads\/2023\/02\/Mamadi-Doumbouya-3-jpg.webp?fit=1024%2C685&amp;ssl=1\"><\/div>\n<p>Dans un d\u00e9cret diffus\u00e9 dans la soir\u00e9e de ce mercredi 19 novembre 2025, pr\u00e9sident de la transition guin\u00e9enne, Mamadi Doumbouya, a proc\u00e9d\u00e9 \u00e0 la nomination de trois nouveaux ambassadeurs. Ce sont :<\/p>\n<p><strong>1- Ambassadeur extraordinaire et pl\u00e9nipotentiaire, Chef de la mission de la R\u00e9publique de Guin\u00e9e aupr\u00e8s de l\u2019Union europ\u00e9enne et aupr\u00e8s de la Communaut\u00e9 europ\u00e9enne de l\u2019\u00e9nergie atomique cumulativement \u00e0 ses fonctions d\u2019ambassadeur extraordinaire et pl\u00e9nipotentiaire pr\u00e8s le Royaume de Belgique :<\/strong> Mme A\u00efcha Nanette Cont\u00e9, ancienne ministre;<\/p>\n<p><strong>2- Ambassadeur extraordinaire et pl\u00e9nipotentiaire de la R\u00e9publique de Guin\u00e9e pr\u00e8s l\u2019\u00c9tat de Libye :<\/strong> Nassan Kaba, ancienne contr\u00f4leure g\u00e9n\u00e9rale de la police;<\/p>\n<p><strong>3- Ambassadeur extraordinaire et pl\u00e9nipotentiaire de la R\u00e9publique de Guin\u00e9e pr\u00e8s la R\u00e9publique du Gabon<\/strong> : M. Daouda Soumah, pr\u00e9c\u00e9demment charg\u00e9 d\u2019affaires.<\/p>\n<p>Mediaguinee<\/p>\n<p>L\u2019article <a href=\"https:\/\/mediaguinee.com\/2025\/11\/diplomatie-le-president-doumbouya-nomme-de-nouveaux-ambassadeurs-aupres-de-lue-de-la-libye-et-du-gabon\/\">Diplomatie : le pr\u00e9sident Doumbouya nomme de nouveaux ambassadeurs aupr\u00e8s de l\u2019UE, de la Libye et du Gabon<\/a> est apparu en premier sur <a href=\"https:\/\/mediaguinee.com\/\">Mediaguinee.com<\/a>.<\/p>\n<\/div>\n","protected":false},"excerpt":{"rendered":"<p>Dans un d\u00e9cret diffus\u00e9 dans la soir\u00e9e de ce mercredi 19 novembre 2025, pr\u00e9sident de la transition guin\u00e9enne, Mamadi Doumbouya, a proc\u00e9d\u00e9 \u00e0 la nomination de trois nouveaux ambassadeurs. Ce sont : 1- Ambassadeur extraordinaire et pl\u00e9nipotentiaire, Chef de la mission de la R\u00e9publique de Guin\u00e9e aupr\u00e8s de l\u2019Union europ\u00e9enne et aupr\u00e8s de la Communaut\u00e9 &hellip;<\/p>\n","protected":false},"author":1,"featured_media":0,"comment_status":"closed","ping_status":"closed","sticky":false,"template":"","format":"standard","meta":{"footnotes":""},"categories":[2],"tags":[23],"_links":{"self":[{"href":"https:\/\/sn.ambaguinee.org\/index.php?rest_route=\/wp\/v2\/posts\/87803"}],"collection":[{"href":"https:\/\/sn.ambaguinee.org\/index.php?rest_route=\/wp\/v2\/posts"}],"about":[{"href":"https:\/\/sn.ambaguinee.org\/index.php?rest_route=\/wp\/v2\/types\/post"}],"author":[{"embeddable":true,"href":"https:\/\/sn.ambaguinee.org\/index.php?rest_route=\/wp\/v2\/users\/1"}],"replies":[{"embeddable":true,"href":"https:\/\/sn.ambaguinee.org\/index.php?rest_route=%2Fwp%2Fv2%2Fcomments&post=87803"}],"version-history":[{"count":0,"href":"https:\/\/sn.ambaguinee.org\/index.php?rest_route=\/wp\/v2\/posts\/87803\/revisions"}],"wp:attachment":[{"href":"https:\/\/sn.ambaguinee.org\/index.php?rest_route=%2Fwp%2Fv2%2Fmedia&parent=87803"}],"wp:term":[{"taxonomy":"category","embeddable":true,"href":"https:\/\/sn.ambaguinee.org\/index.php?rest_route=%2Fwp%2Fv2%2Fcategories&post=87803"},{"taxonomy":"post_tag","embeddable":true,"href":"https:\/\/sn.ambaguinee.org\/index.php?rest_route=%2Fwp%2Fv2%2Ftags&post=87803"}],"curies":[{"name":"wp","href":"https:\/\/api.w.org\/{rel}","templated":true}]}}