{"id":87811,"date":"2025-11-19T23:04:34","date_gmt":"2025-11-19T22:04:34","guid":{"rendered":"https:\/\/sn.ambaguinee.org\/?p=87811"},"modified":"2025-11-19T23:04:34","modified_gmt":"2025-11-19T22:04:34","slug":"diplomatie-bruxelles-tripoli-et-libreville-ont-leurs-nouveaux-ambassadeurs","status":"publish","type":"post","link":"https:\/\/sn.ambaguinee.org\/?p=87811","title":{"rendered":"Diplomatie : Bruxelles, Tripoli et Libreville ont leurs nouveaux ambassadeurs"},"content":{"rendered":"<div>\n<div style=\"margin-bottom:20px;\"><img width=\"800\" height=\"519\"src=\"https:\/\/i0.wp.com\/www.guinee7.com\/wp-content\/uploads\/2022\/03\/colonel-mamadi-doumbouya.jpg?w=800&amp;ssl=1\" class=\"attachment-post-thumbnail size-post-thumbnail wp-post-image\" alt=\"\" decoding=\"async\" srcset=\"https:\/\/i0.wp.com\/www.guinee7.com\/wp-content\/uploads\/2022\/03\/colonel-mamadi-doumbouya.jpg?w=800&amp;ssl=1 800w, https:\/\/i0.wp.com\/www.guinee7.com\/wp-content\/uploads\/2022\/03\/colonel-mamadi-doumbouya.jpg?resize=300%2C195&amp;ssl=1 300w, https:\/\/i0.wp.com\/www.guinee7.com\/wp-content\/uploads\/2022\/03\/colonel-mamadi-doumbouya.jpg?resize=768%2C498&amp;ssl=1 768w, https:\/\/i0.wp.com\/www.guinee7.com\/wp-content\/uploads\/2022\/03\/colonel-mamadi-doumbouya.jpg?resize=696%2C452&amp;ssl=1 696w, https:\/\/i0.wp.com\/www.guinee7.com\/wp-content\/uploads\/2022\/03\/colonel-mamadi-doumbouya.jpg?resize=647%2C420&amp;ssl=1 647w\" sizes=\"(max-width: 800px) 100vw, 800px\"><\/div>\n<p><span style=\"font-size: 18px;\">Le pr\u00e9sident de la Transition, le G\u00e9n\u00e9ral Mamadi Doumbouya, a proc\u00e9d\u00e9 \u00e0 la nomination de plusieurs ambassadeurs de la R\u00e9publique de Guin\u00e9e. Le d\u00e9cret annon\u00e7ant ces nouvelles d\u00e9signations a \u00e9t\u00e9 lu \u00e0 la t\u00e9l\u00e9vision nationale ce mercredi 19 novembre 2025. Il s\u2019agit de :<\/span><\/p>\n<p><span style=\"font-size: 18px;\">1. Madame A\u00efcha Nanette Cont\u00e9, ancienne ministre, est nomm\u00e9e Ambassadeur extraordinaire et pl\u00e9nipotentiaire, Cheffe de la Mission de la R\u00e9publique de Guin\u00e9e aupr\u00e8s de l\u2019Union europ\u00e9enne et de la Communaut\u00e9 europ\u00e9enne de l\u2019\u00c9nergie atomique, cumulativement avec ses fonctions d\u2019Ambassadeur extraordinaire et pl\u00e9nipotentiaire aupr\u00e8s du Royaume de Belgique.<\/span><\/p>\n<p><span style=\"font-size: 18px;\">2. Madame Masa Kaba, ancienne contr\u00f4leure g\u00e9n\u00e9rale de police, est nomm\u00e9e Ambassadeur extraordinaire et pl\u00e9nipotentiaire de la R\u00e9publique de Guin\u00e9e aupr\u00e8s de l\u2019\u00c9tat de Libye.<\/span><\/p>\n<p><span style=\"font-size: 18px;\">3. Monsieur Daouda Soumah, pr\u00e9c\u00e9demment charg\u00e9 d\u2019affaires, est nomm\u00e9 Ambassadeur extraordinaire et pl\u00e9nipotentiaire de la R\u00e9publique de Guin\u00e9e aupr\u00e8s de la R\u00e9publique gabonaise.<\/span><\/p>\n<p><strong><span style=\"font-size: 18px;\">Bhoye Barry pour guinee7.com\u00a0<\/span><\/strong><!--\/data\/user\/0\/com.samsung.android.app.notes\/files\/clipdata\/clipdata_bodytext_251119_220117_290.sdocx--><\/p>\n<p>L\u2019article <a href=\"https:\/\/www.guinee7.com\/2025\/11\/19\/diplomatie-bruxelles-tripoli-et-libreville-ont-leurs-nouveaux-ambassadeurs\/\">Diplomatie : Bruxelles, Tripoli et Libreville ont leurs nouveaux ambassadeurs<\/a> est apparu en premier sur <a href=\"https:\/\/www.guinee7.com\/\">Guinee7.com<\/a>.<\/p>\n<\/div>\n","protected":false},"excerpt":{"rendered":"<p>Le pr\u00e9sident de la Transition, le G\u00e9n\u00e9ral Mamadi Doumbouya, a proc\u00e9d\u00e9 \u00e0 la nomination de plusieurs ambassadeurs de la R\u00e9publique de Guin\u00e9e. Le d\u00e9cret annon\u00e7ant ces nouvelles d\u00e9signations a \u00e9t\u00e9 lu \u00e0 la t\u00e9l\u00e9vision nationale ce mercredi 19 novembre 2025. Il s\u2019agit de : 1. Madame A\u00efcha Nanette Cont\u00e9, ancienne ministre, est nomm\u00e9e Ambassadeur extraordinaire &hellip;<\/p>\n","protected":false},"author":1,"featured_media":0,"comment_status":"closed","ping_status":"closed","sticky":false,"template":"","format":"standard","meta":{"footnotes":""},"categories":[2],"tags":[22],"_links":{"self":[{"href":"https:\/\/sn.ambaguinee.org\/index.php?rest_route=\/wp\/v2\/posts\/87811"}],"collection":[{"href":"https:\/\/sn.ambaguinee.org\/index.php?rest_route=\/wp\/v2\/posts"}],"about":[{"href":"https:\/\/sn.ambaguinee.org\/index.php?rest_route=\/wp\/v2\/types\/post"}],"author":[{"embeddable":true,"href":"https:\/\/sn.ambaguinee.org\/index.php?rest_route=\/wp\/v2\/users\/1"}],"replies":[{"embeddable":true,"href":"https:\/\/sn.ambaguinee.org\/index.php?rest_route=%2Fwp%2Fv2%2Fcomments&post=87811"}],"version-history":[{"count":0,"href":"https:\/\/sn.ambaguinee.org\/index.php?rest_route=\/wp\/v2\/posts\/87811\/revisions"}],"wp:attachment":[{"href":"https:\/\/sn.ambaguinee.org\/index.php?rest_route=%2Fwp%2Fv2%2Fmedia&parent=87811"}],"wp:term":[{"taxonomy":"category","embeddable":true,"href":"https:\/\/sn.ambaguinee.org\/index.php?rest_route=%2Fwp%2Fv2%2Fcategories&post=87811"},{"taxonomy":"post_tag","embeddable":true,"href":"https:\/\/sn.ambaguinee.org\/index.php?rest_route=%2Fwp%2Fv2%2Ftags&post=87811"}],"curies":[{"name":"wp","href":"https:\/\/api.w.org\/{rel}","templated":true}]}}