{"id":87884,"date":"2025-11-20T23:23:50","date_gmt":"2025-11-20T22:23:50","guid":{"rendered":"https:\/\/sn.ambaguinee.org\/?p=87884"},"modified":"2025-11-20T23:23:50","modified_gmt":"2025-11-20T22:23:50","slug":"conakry-cest-parti-pour-la-20%e1%b5%89-edition-de-la-quinzaine-artistique","status":"publish","type":"post","link":"https:\/\/sn.ambaguinee.org\/?p=87884","title":{"rendered":"Conakry : c\u2019est parti pour la 20\u1d49 \u00e9dition de la quinzaine artistique\u00a0"},"content":{"rendered":"<div>\n<div style=\"margin-bottom:20px;\"><img width=\"1080\" height=\"810\"src=\"https:\/\/i0.wp.com\/mediaguinee.com\/wp-content\/uploads\/2025\/11\/IMG-20251120-WA0051.jpg?w=1080&amp;ssl=1\" class=\"attachment-post-thumbnail size-post-thumbnail wp-post-image\" alt=\"\" decoding=\"async\" srcset=\"https:\/\/i0.wp.com\/mediaguinee.com\/wp-content\/uploads\/2025\/11\/IMG-20251120-WA0051.jpg?w=1080&amp;ssl=1 1080w, https:\/\/i0.wp.com\/mediaguinee.com\/wp-content\/uploads\/2025\/11\/IMG-20251120-WA0051.jpg?resize=300%2C225&amp;ssl=1 300w, https:\/\/i0.wp.com\/mediaguinee.com\/wp-content\/uploads\/2025\/11\/IMG-20251120-WA0051.jpg?resize=1024%2C768&amp;ssl=1 1024w, https:\/\/i0.wp.com\/mediaguinee.com\/wp-content\/uploads\/2025\/11\/IMG-20251120-WA0051.jpg?resize=768%2C576&amp;ssl=1 768w, https:\/\/i0.wp.com\/mediaguinee.com\/wp-content\/uploads\/2025\/11\/IMG-20251120-WA0051.jpg?resize=86%2C64&amp;ssl=1 86w\" sizes=\"(max-width: 1080px) 100vw, 1080px\" data-attachment-id=\"301508\" data-permalink=\"https:\/\/mediaguinee.com\/2025\/11\/conakry-cest-parti-pour-la-20%e1%b5%89-edition-de-la-quinzaine-artistique\/img-20251120-wa0051\/\" data-orig-file=\"https:\/\/i0.wp.com\/mediaguinee.com\/wp-content\/uploads\/2025\/11\/IMG-20251120-WA0051.jpg?fit=1080%2C810&amp;ssl=1\" data-orig-size=\"1080,810\" data-comments-opened=\"1\" data-image-meta='{\"aperture\":\"0\",\"credit\":\"\",\"camera\":\"\",\"caption\":\"\",\"created_timestamp\":\"0\",\"copyright\":\"\",\"focal_length\":\"0\",\"iso\":\"0\",\"shutter_speed\":\"0\",\"title\":\"\",\"orientation\":\"0\"}' data-image-title=\"IMG-20251120-WA0051\" data-image-description=\"\" data-image-caption=\"\" data-medium-file=\"https:\/\/i0.wp.com\/mediaguinee.com\/wp-content\/uploads\/2025\/11\/IMG-20251120-WA0051.jpg?fit=300%2C225&amp;ssl=1\" data-large-file=\"https:\/\/i0.wp.com\/mediaguinee.com\/wp-content\/uploads\/2025\/11\/IMG-20251120-WA0051.jpg?fit=1024%2C768&amp;ssl=1\"><\/div>\n<div dir=\"auto\" data-smartmail=\"gmail_signature\">La 20\u00e8 \u00e9dition de la quinzaine artistique du gouvernorat de Conakry a \u00e9t\u00e9 officiellement ce jeudi 20 novembre 2025, \u00e0 la Maison de la Culture de Matam, dans la commune de Matam.<\/div>\n<div dir=\"auto\" data-smartmail=\"gmail_signature\"><img data-recalc-dims=\"1\" decoding=\"async\" data-attachment-id=\"301507\" data-permalink=\"https:\/\/mediaguinee.com\/2025\/11\/conakry-cest-parti-pour-la-20%e1%b5%89-edition-de-la-quinzaine-artistique\/img-20251120-wa0036\/\" data-orig-file=\"https:\/\/i0.wp.com\/mediaguinee.com\/wp-content\/uploads\/2025\/11\/IMG-20251120-WA0036.jpg?fit=1080%2C810&amp;ssl=1\" data-orig-size=\"1080,810\" data-comments-opened=\"1\" data-image-meta='{\"aperture\":\"0\",\"credit\":\"\",\"camera\":\"\",\"caption\":\"\",\"created_timestamp\":\"0\",\"copyright\":\"\",\"focal_length\":\"0\",\"iso\":\"0\",\"shutter_speed\":\"0\",\"title\":\"\",\"orientation\":\"0\"}' data-image-title=\"IMG-20251120-WA0036\" data-image-description=\"\" data-image-caption=\"\" data-medium-file=\"https:\/\/i0.wp.com\/mediaguinee.com\/wp-content\/uploads\/2025\/11\/IMG-20251120-WA0036.jpg?fit=300%2C225&amp;ssl=1\" data-large-file=\"https:\/\/i0.wp.com\/mediaguinee.com\/wp-content\/uploads\/2025\/11\/IMG-20251120-WA0036.jpg?fit=1024%2C768&amp;ssl=1\" class=\"alignnone wp-image-301507 size-full\"src=\"https:\/\/i0.wp.com\/mediaguinee.com\/wp-content\/uploads\/2025\/11\/IMG-20251120-WA0036.jpg?w=1080&amp;ssl=1\" alt=\"\" width=\"1080\" height=\"810\" srcset=\"https:\/\/i0.wp.com\/mediaguinee.com\/wp-content\/uploads\/2025\/11\/IMG-20251120-WA0036.jpg?w=1080&amp;ssl=1 1080w, https:\/\/i0.wp.com\/mediaguinee.com\/wp-content\/uploads\/2025\/11\/IMG-20251120-WA0036.jpg?resize=300%2C225&amp;ssl=1 300w, https:\/\/i0.wp.com\/mediaguinee.com\/wp-content\/uploads\/2025\/11\/IMG-20251120-WA0036.jpg?resize=1024%2C768&amp;ssl=1 1024w, https:\/\/i0.wp.com\/mediaguinee.com\/wp-content\/uploads\/2025\/11\/IMG-20251120-WA0036.jpg?resize=768%2C576&amp;ssl=1 768w, https:\/\/i0.wp.com\/mediaguinee.com\/wp-content\/uploads\/2025\/11\/IMG-20251120-WA0036.jpg?resize=86%2C64&amp;ssl=1 86w\" sizes=\"(max-width: 1080px) 100vw, 1080px\"><\/div>\n<p>L\u2019\u00e9v\u00e9nement s\u2019est tenu en pr\u00e9sence d\u2019\u00e9minentes autorit\u00e9s locales, des directeurs communaux de la Culture de la ville de Conakry ainsi que de nombreuses troupes artistiques venues des 13 communes de Conakry.<\/p>\n<p><img data-recalc-dims=\"1\" decoding=\"async\" data-attachment-id=\"301509\" data-permalink=\"https:\/\/mediaguinee.com\/2025\/11\/conakry-cest-parti-pour-la-20%e1%b5%89-edition-de-la-quinzaine-artistique\/img-20251120-wa0040\/\" data-orig-file=\"https:\/\/i0.wp.com\/mediaguinee.com\/wp-content\/uploads\/2025\/11\/IMG-20251120-WA0040.jpg?fit=1080%2C810&amp;ssl=1\" data-orig-size=\"1080,810\" data-comments-opened=\"1\" data-image-meta='{\"aperture\":\"0\",\"credit\":\"\",\"camera\":\"\",\"caption\":\"\",\"created_timestamp\":\"0\",\"copyright\":\"\",\"focal_length\":\"0\",\"iso\":\"0\",\"shutter_speed\":\"0\",\"title\":\"\",\"orientation\":\"0\"}' data-image-title=\"IMG-20251120-WA0040\" data-image-description=\"\" data-image-caption=\"\" data-medium-file=\"https:\/\/i0.wp.com\/mediaguinee.com\/wp-content\/uploads\/2025\/11\/IMG-20251120-WA0040.jpg?fit=300%2C225&amp;ssl=1\" data-large-file=\"https:\/\/i0.wp.com\/mediaguinee.com\/wp-content\/uploads\/2025\/11\/IMG-20251120-WA0040.jpg?fit=1024%2C768&amp;ssl=1\" class=\"alignnone wp-image-301509 size-full\"src=\"https:\/\/i0.wp.com\/mediaguinee.com\/wp-content\/uploads\/2025\/11\/IMG-20251120-WA0040.jpg?w=1080&amp;ssl=1\" alt=\"\" width=\"1080\" height=\"810\" srcset=\"https:\/\/i0.wp.com\/mediaguinee.com\/wp-content\/uploads\/2025\/11\/IMG-20251120-WA0040.jpg?w=1080&amp;ssl=1 1080w, https:\/\/i0.wp.com\/mediaguinee.com\/wp-content\/uploads\/2025\/11\/IMG-20251120-WA0040.jpg?resize=300%2C225&amp;ssl=1 300w, https:\/\/i0.wp.com\/mediaguinee.com\/wp-content\/uploads\/2025\/11\/IMG-20251120-WA0040.jpg?resize=1024%2C768&amp;ssl=1 1024w, https:\/\/i0.wp.com\/mediaguinee.com\/wp-content\/uploads\/2025\/11\/IMG-20251120-WA0040.jpg?resize=768%2C576&amp;ssl=1 768w, https:\/\/i0.wp.com\/mediaguinee.com\/wp-content\/uploads\/2025\/11\/IMG-20251120-WA0040.jpg?resize=86%2C64&amp;ssl=1 86w\" sizes=\"(max-width: 1080px) 100vw, 1080px\"><\/p>\n<div dir=\"auto\" data-smartmail=\"gmail_signature\">Initi\u00e9e en pr\u00e9lude au Festival national des arts et de la culture (FENAC), pr\u00e9vu du 5 au 7 d\u00e9cembre \u00e0 Koundara, cette 20\u00e8 \u00e9dition se tient du 20 au 22 novembre 2025.<\/div>\n<div dir=\"auto\" data-smartmail=\"gmail_signature\"><img data-recalc-dims=\"1\" decoding=\"async\" data-attachment-id=\"301510\" data-permalink=\"https:\/\/mediaguinee.com\/2025\/11\/conakry-cest-parti-pour-la-20%e1%b5%89-edition-de-la-quinzaine-artistique\/img-20251120-wa0048\/\" data-orig-file=\"https:\/\/i0.wp.com\/mediaguinee.com\/wp-content\/uploads\/2025\/11\/IMG-20251120-WA0048.jpg?fit=1080%2C810&amp;ssl=1\" data-orig-size=\"1080,810\" data-comments-opened=\"1\" data-image-meta='{\"aperture\":\"0\",\"credit\":\"\",\"camera\":\"\",\"caption\":\"\",\"created_timestamp\":\"0\",\"copyright\":\"\",\"focal_length\":\"0\",\"iso\":\"0\",\"shutter_speed\":\"0\",\"title\":\"\",\"orientation\":\"0\"}' data-image-title=\"IMG-20251120-WA0048\" data-image-description=\"\" data-image-caption=\"\" data-medium-file=\"https:\/\/i0.wp.com\/mediaguinee.com\/wp-content\/uploads\/2025\/11\/IMG-20251120-WA0048.jpg?fit=300%2C225&amp;ssl=1\" data-large-file=\"https:\/\/i0.wp.com\/mediaguinee.com\/wp-content\/uploads\/2025\/11\/IMG-20251120-WA0048.jpg?fit=1024%2C768&amp;ssl=1\" class=\"alignnone wp-image-301510 size-full\"src=\"https:\/\/i0.wp.com\/mediaguinee.com\/wp-content\/uploads\/2025\/11\/IMG-20251120-WA0048.jpg?w=1080&amp;ssl=1\" alt=\"\" width=\"1080\" height=\"810\" srcset=\"https:\/\/i0.wp.com\/mediaguinee.com\/wp-content\/uploads\/2025\/11\/IMG-20251120-WA0048.jpg?w=1080&amp;ssl=1 1080w, https:\/\/i0.wp.com\/mediaguinee.com\/wp-content\/uploads\/2025\/11\/IMG-20251120-WA0048.jpg?resize=300%2C225&amp;ssl=1 300w, https:\/\/i0.wp.com\/mediaguinee.com\/wp-content\/uploads\/2025\/11\/IMG-20251120-WA0048.jpg?resize=1024%2C768&amp;ssl=1 1024w, https:\/\/i0.wp.com\/mediaguinee.com\/wp-content\/uploads\/2025\/11\/IMG-20251120-WA0048.jpg?resize=768%2C576&amp;ssl=1 768w, https:\/\/i0.wp.com\/mediaguinee.com\/wp-content\/uploads\/2025\/11\/IMG-20251120-WA0048.jpg?resize=86%2C64&amp;ssl=1 86w\" sizes=\"(max-width: 1080px) 100vw, 1080px\"><\/div>\n<div dir=\"auto\" data-smartmail=\"gmail_signature\">Durant ces trois jours, les troupes communales s\u2019affronteront dans plusieurs disciplines, dont la danse patrimoniale, le th\u00e9\u00e2tre, la musique urbaine, les percussions et le conte. Pour cette premi\u00e8re journ\u00e9e, les prestations des communes de Kassa, Dixinn, Kaloum, Matam, Tombolia et Matoto ont marqu\u00e9 l\u2019ouverture de la comp\u00e9tition.<\/div>\n<p>Dans son intervention de circonstance, l\u2019inspecteur r\u00e9gional de la Culture, Ibrahima Tour\u00e9, a rappel\u00e9 que la Quinzaine artistique constitue.<\/p>\n<p>\u00ab Le plus grand espace de rencontre, d\u2019\u00e9change, de cr\u00e9ation et d\u2019\u00e9mulation entre les artistes et communaut\u00e9s de Guin\u00e9e \u00bb. Il a mis en avant son r\u00f4le dans la promotion des \u0153uvres, la d\u00e9tection de talents et la cr\u00e9ation d\u2019emplois culturels, tout en remerciant le ministre Moussa Mo\u00efse Sylla pour son soutien constant.<\/p>\n<p>Quant au repr\u00e9sentant du minist\u00e8re de la Culture et de l\u2019Artisanat, il a pr\u00e9sent\u00e9 les crit\u00e8res de notation de la discipline du jour\u00a0 la danse patrimoniale bas\u00e9e sur huit (8) rubriques \u00e0 savoir : respect du th\u00e8me, chor\u00e9graphie, costumes, ex\u00e9cution technique, authenticit\u00e9 culturelle, nombre de danseurs, rythme et musique, ainsi que gestion du temps. Il a invit\u00e9 les troupes \u00e0 donner le meilleur d\u2019elles-m\u00eames, dans l\u2019esprit de comp\u00e9tition saine.<\/p>\n<p>Heureux de la tenue de cette c\u00e9r\u00e9monie dans leur juridiction, le vice-maire de Matam, Mohamed Camara, a salu\u00e9 la mobilisation des artistes et des responsables culturels, soulignant que cette Quinzaine permet de c\u00e9l\u00e9brer l\u2019identit\u00e9 culturelle guin\u00e9enne, la cr\u00e9ativit\u00e9 des jeunes et la richesse des traditions. Il a rappel\u00e9 que la culture reste un pilier de coh\u00e9sion nationale et un outil de paix, particuli\u00e8rement dans le contexte actuel de refondation. Il a \u00e9galement f\u00e9licit\u00e9 la Direction communale de la Culture pour la transformation de la Maison des Jeunes en Maison de la Culture, symbole de l\u2019engagement de Matam en faveur de la promotion artistique.<\/p>\n<p><img data-recalc-dims=\"1\" decoding=\"async\" data-attachment-id=\"301511\" data-permalink=\"https:\/\/mediaguinee.com\/2025\/11\/conakry-cest-parti-pour-la-20%e1%b5%89-edition-de-la-quinzaine-artistique\/img-20251120-wa0035\/\" data-orig-file=\"https:\/\/i0.wp.com\/mediaguinee.com\/wp-content\/uploads\/2025\/11\/IMG-20251120-WA0035.jpg?fit=1080%2C608&amp;ssl=1\" data-orig-size=\"1080,608\" data-comments-opened=\"1\" data-image-meta='{\"aperture\":\"0\",\"credit\":\"\",\"camera\":\"\",\"caption\":\"\",\"created_timestamp\":\"0\",\"copyright\":\"\",\"focal_length\":\"0\",\"iso\":\"0\",\"shutter_speed\":\"0\",\"title\":\"\",\"orientation\":\"0\"}' data-image-title=\"IMG-20251120-WA0035\" data-image-description=\"\" data-image-caption=\"\" data-medium-file=\"https:\/\/i0.wp.com\/mediaguinee.com\/wp-content\/uploads\/2025\/11\/IMG-20251120-WA0035.jpg?fit=300%2C169&amp;ssl=1\" data-large-file=\"https:\/\/i0.wp.com\/mediaguinee.com\/wp-content\/uploads\/2025\/11\/IMG-20251120-WA0035.jpg?fit=1024%2C576&amp;ssl=1\" class=\"alignnone wp-image-301511 size-full\"src=\"https:\/\/i0.wp.com\/mediaguinee.com\/wp-content\/uploads\/2025\/11\/IMG-20251120-WA0035.jpg?w=1080&amp;ssl=1\" alt=\"\" width=\"1080\" height=\"608\" srcset=\"https:\/\/i0.wp.com\/mediaguinee.com\/wp-content\/uploads\/2025\/11\/IMG-20251120-WA0035.jpg?w=1080&amp;ssl=1 1080w, https:\/\/i0.wp.com\/mediaguinee.com\/wp-content\/uploads\/2025\/11\/IMG-20251120-WA0035.jpg?resize=300%2C169&amp;ssl=1 300w, https:\/\/i0.wp.com\/mediaguinee.com\/wp-content\/uploads\/2025\/11\/IMG-20251120-WA0035.jpg?resize=1024%2C576&amp;ssl=1 1024w, https:\/\/i0.wp.com\/mediaguinee.com\/wp-content\/uploads\/2025\/11\/IMG-20251120-WA0035.jpg?resize=768%2C432&amp;ssl=1 768w\" sizes=\"(max-width: 1080px) 100vw, 1080px\"><\/p>\n<p>Plus loin, il a rendu un vibrant hommage au Chef de l\u2019Etat, Mamadi Doumbouya \u00ab\u00a0pour avoir fait de la culture, une priorit\u00e9 nationale\u2026\u00a0\u00bb<\/p>\n<p>Youl<\/p>\n<div dir=\"auto\" data-smartmail=\"gmail_signature\"><\/div>\n<p>L\u2019article <a href=\"https:\/\/mediaguinee.com\/2025\/11\/conakry-cest-parti-pour-la-20%E1%B5%89-edition-de-la-quinzaine-artistique\/\">Conakry : c\u2019est parti pour la 20\u1d49 \u00e9dition de la quinzaine artistique\u00a0<\/a> est apparu en premier sur <a href=\"https:\/\/mediaguinee.com\/\">Mediaguinee.com<\/a>.<\/p>\n<\/div>\n","protected":false},"excerpt":{"rendered":"<p>La 20\u00e8 \u00e9dition de la quinzaine artistique du gouvernorat de Conakry a \u00e9t\u00e9 officiellement ce jeudi 20 novembre 2025, \u00e0 la Maison de la Culture de Matam, dans la commune de Matam. L\u2019\u00e9v\u00e9nement s\u2019est tenu en pr\u00e9sence d\u2019\u00e9minentes autorit\u00e9s locales, des directeurs communaux de la Culture de la ville de Conakry ainsi que de nombreuses &hellip;<\/p>\n","protected":false},"author":1,"featured_media":0,"comment_status":"closed","ping_status":"closed","sticky":false,"template":"","format":"standard","meta":{"footnotes":""},"categories":[2],"tags":[23],"_links":{"self":[{"href":"https:\/\/sn.ambaguinee.org\/index.php?rest_route=\/wp\/v2\/posts\/87884"}],"collection":[{"href":"https:\/\/sn.ambaguinee.org\/index.php?rest_route=\/wp\/v2\/posts"}],"about":[{"href":"https:\/\/sn.ambaguinee.org\/index.php?rest_route=\/wp\/v2\/types\/post"}],"author":[{"embeddable":true,"href":"https:\/\/sn.ambaguinee.org\/index.php?rest_route=\/wp\/v2\/users\/1"}],"replies":[{"embeddable":true,"href":"https:\/\/sn.ambaguinee.org\/index.php?rest_route=%2Fwp%2Fv2%2Fcomments&post=87884"}],"version-history":[{"count":0,"href":"https:\/\/sn.ambaguinee.org\/index.php?rest_route=\/wp\/v2\/posts\/87884\/revisions"}],"wp:attachment":[{"href":"https:\/\/sn.ambaguinee.org\/index.php?rest_route=%2Fwp%2Fv2%2Fmedia&parent=87884"}],"wp:term":[{"taxonomy":"category","embeddable":true,"href":"https:\/\/sn.ambaguinee.org\/index.php?rest_route=%2Fwp%2Fv2%2Fcategories&post=87884"},{"taxonomy":"post_tag","embeddable":true,"href":"https:\/\/sn.ambaguinee.org\/index.php?rest_route=%2Fwp%2Fv2%2Ftags&post=87884"}],"curies":[{"name":"wp","href":"https:\/\/api.w.org\/{rel}","templated":true}]}}