{"id":87890,"date":"2025-11-20T23:23:52","date_gmt":"2025-11-20T22:23:52","guid":{"rendered":"https:\/\/sn.ambaguinee.org\/?p=87890"},"modified":"2025-11-20T23:23:52","modified_gmt":"2025-11-20T22:23:52","slug":"presidentielle-2025-le-matd-garantit-un-scrutin-transparent-et-credible-le-28-decembre","status":"publish","type":"post","link":"https:\/\/sn.ambaguinee.org\/?p=87890","title":{"rendered":"Pr\u00e9sidentielle 2025 : le MATD garantit un scrutin \u201ctransparent et cr\u00e9dible\u201d le 28 d\u00e9cembre"},"content":{"rendered":"<div>\n<div style=\"margin-bottom:20px;\"><img width=\"1080\" height=\"591\"src=\"https:\/\/i0.wp.com\/www.guinee7.com\/wp-content\/uploads\/2025\/11\/IMG-20251120-WA0026.jpg?w=1080&amp;ssl=1\" class=\"attachment-post-thumbnail size-post-thumbnail wp-post-image\" alt=\"\" decoding=\"async\" loading=\"lazy\" srcset=\"https:\/\/i0.wp.com\/www.guinee7.com\/wp-content\/uploads\/2025\/11\/IMG-20251120-WA0026.jpg?w=1080&amp;ssl=1 1080w, https:\/\/i0.wp.com\/www.guinee7.com\/wp-content\/uploads\/2025\/11\/IMG-20251120-WA0026.jpg?resize=300%2C164&amp;ssl=1 300w, https:\/\/i0.wp.com\/www.guinee7.com\/wp-content\/uploads\/2025\/11\/IMG-20251120-WA0026.jpg?resize=1024%2C560&amp;ssl=1 1024w, https:\/\/i0.wp.com\/www.guinee7.com\/wp-content\/uploads\/2025\/11\/IMG-20251120-WA0026.jpg?resize=768%2C420&amp;ssl=1 768w\" sizes=\"auto, (max-width: 1080px) 100vw, 1080px\"><\/div>\n<p><span style=\"font-size: 18px;\">L\u2019\u00e9valuation finale des membres du gouvernement a d\u00e9but\u00e9 ce jeudi 20 novembre \u00e0 la Primature, sous la direction du Premier ministre Bah Oury. Le ministre de l\u2019Administration du territoire et de la D\u00e9centralisation, Ibrahim Kalil Konat\u00e9, \u00e9tait repr\u00e9sent\u00e9 par Mohamed Sikh\u00e9 Camara, secr\u00e9taire g\u00e9n\u00e9ral dudit minist\u00e8re.<\/span><\/p>\n<p><span style=\"font-size: 18px;\">Une \u00e9quipe a \u00e9t\u00e9 mise en place pour \u00e9valuer la performance des minist\u00e8res concernant les activit\u00e9s r\u00e9alis\u00e9es au cours de l\u2019ann\u00e9e 2025.<\/span><\/p>\n<p><span style=\"font-size: 18px;\">S\u2019agissant du minist\u00e8re de l\u2019Administration du territoire et de la D\u00e9centralisation (MATD), son secr\u00e9taire g\u00e9n\u00e9ral a d\u00e9clar\u00e9 : \u201c Il ressort de notre entretien, de notre \u00e9valuation avec le Premier ministre, que nous avons effectu\u00e9 des activit\u00e9s qui ont impact\u00e9 positivement la vie de la nation. Comme vous le savez, le pr\u00e9sident de la R\u00e9publique avait d\u00e9clar\u00e9 que l\u2019ann\u00e9e 2025 serait une ann\u00e9e \u00e9lectorale. Et \u00e0 ce titre, nous avons pu, avec beaucoup de difficult\u00e9s, mais avec un engagement r\u00e9publicain, organiser le r\u00e9f\u00e9rendum du 21 septembre dernier\u201d. <\/span><br \/><span style=\"font-size: 18px;\">Il pr\u00e9cise par ailleurs que plusieurs actions ont pr\u00e9c\u00e9d\u00e9 l\u2019organisation de ce r\u00e9f\u00e9rendum.<\/span><\/p>\n<p><span style=\"font-size: 18px;\">Concernant la prochaine \u00e9lection pr\u00e9sidentielle, Mohamed Sikh\u00e9 Camara rassure qu\u2019elle se tiendra \u00e0 la date pr\u00e9vue. \u00ab\u00a0Tout est mis en \u0153uvre aujourd\u2019hui, en tout cas pour que le 28 d\u00e9cembre puisse se r\u00e9aliser, et l\u2019\u00e9lection dont le d\u00e9cret a \u00e9t\u00e9 pris par le pr\u00e9sident de la R\u00e9publique soit tenue \u00e0 cette date. Toutes les conditions sont remplies. Nous pouvons aujourd\u2019hui dire au peuple de Guin\u00e9e que le 28 d\u00e9cembre sera respect\u00e9 et que l\u2019\u00e9lection se tiendra bel et bien \u00e0 cette date. C\u2019est cela m\u00eame qui est pr\u00e9vu dans la mesure o\u00f9 nous avons, aujourd\u2019hui, la charte des partis politiques, nous avons aujourd\u2019hui les candidats qui sont identifi\u00e9s, un fichier \u00e9lectoral bien ma\u00eetris\u00e9, l\u2019\u00e9lection ne pourra qu\u2019\u00eatre transparente, cr\u00e9dible et accept\u00e9e de tous\u201d, a-t-il rassur\u00e9. <\/span><\/p>\n<p><strong><span style=\"font-size: 18px;\">Bhoye Barry pour guinee7.com<\/span><\/strong><!--\/data\/user\/0\/com.samsung.android.app.notes\/files\/clipdata\/clipdata_bodytext_251120_170418_808.sdocx--><\/p>\n<p>L\u2019article <a href=\"https:\/\/www.guinee7.com\/2025\/11\/20\/presidentielle-2025-le-matd-garantit-un-scrutin-transparent-et-credible-le-28-decembre\/\">Pr\u00e9sidentielle 2025 : le MATD garantit un scrutin \u201ctransparent et cr\u00e9dible\u201d le 28 d\u00e9cembre<\/a> est apparu en premier sur <a href=\"https:\/\/www.guinee7.com\/\">Guinee7.com<\/a>.<\/p>\n<\/div>\n","protected":false},"excerpt":{"rendered":"<p>L\u2019\u00e9valuation finale des membres du gouvernement a d\u00e9but\u00e9 ce jeudi 20 novembre \u00e0 la Primature, sous la direction du Premier ministre Bah Oury. Le ministre de l\u2019Administration du territoire et de la D\u00e9centralisation, Ibrahim Kalil Konat\u00e9, \u00e9tait repr\u00e9sent\u00e9 par Mohamed Sikh\u00e9 Camara, secr\u00e9taire g\u00e9n\u00e9ral dudit minist\u00e8re. Une \u00e9quipe a \u00e9t\u00e9 mise en place pour \u00e9valuer &hellip;<\/p>\n","protected":false},"author":1,"featured_media":0,"comment_status":"closed","ping_status":"closed","sticky":false,"template":"","format":"standard","meta":{"footnotes":""},"categories":[2],"tags":[22],"_links":{"self":[{"href":"https:\/\/sn.ambaguinee.org\/index.php?rest_route=\/wp\/v2\/posts\/87890"}],"collection":[{"href":"https:\/\/sn.ambaguinee.org\/index.php?rest_route=\/wp\/v2\/posts"}],"about":[{"href":"https:\/\/sn.ambaguinee.org\/index.php?rest_route=\/wp\/v2\/types\/post"}],"author":[{"embeddable":true,"href":"https:\/\/sn.ambaguinee.org\/index.php?rest_route=\/wp\/v2\/users\/1"}],"replies":[{"embeddable":true,"href":"https:\/\/sn.ambaguinee.org\/index.php?rest_route=%2Fwp%2Fv2%2Fcomments&post=87890"}],"version-history":[{"count":0,"href":"https:\/\/sn.ambaguinee.org\/index.php?rest_route=\/wp\/v2\/posts\/87890\/revisions"}],"wp:attachment":[{"href":"https:\/\/sn.ambaguinee.org\/index.php?rest_route=%2Fwp%2Fv2%2Fmedia&parent=87890"}],"wp:term":[{"taxonomy":"category","embeddable":true,"href":"https:\/\/sn.ambaguinee.org\/index.php?rest_route=%2Fwp%2Fv2%2Fcategories&post=87890"},{"taxonomy":"post_tag","embeddable":true,"href":"https:\/\/sn.ambaguinee.org\/index.php?rest_route=%2Fwp%2Fv2%2Ftags&post=87890"}],"curies":[{"name":"wp","href":"https:\/\/api.w.org\/{rel}","templated":true}]}}