{"id":88051,"date":"2025-11-23T23:04:39","date_gmt":"2025-11-23T22:04:39","guid":{"rendered":"https:\/\/sn.ambaguinee.org\/?p=88051"},"modified":"2025-11-23T23:04:39","modified_gmt":"2025-11-23T22:04:39","slug":"descente-fatale-a-sere-mamou-un-camion-perd-ses-freins-et-provoque-un-drame","status":"publish","type":"post","link":"https:\/\/sn.ambaguinee.org\/?p=88051","title":{"rendered":"Descente fatale \u00e0 S\u00e9r\u00e8 (Mamou) : un camion perd ses freins et provoque un drame"},"content":{"rendered":"<div>\n<div style=\"margin-bottom:20px;\"><img width=\"1000\" height=\"563\"src=\"https:\/\/i0.wp.com\/www.guinee7.com\/wp-content\/uploads\/2025\/11\/IMG-20251123-WA0050.jpg?w=1000&amp;ssl=1\" class=\"attachment-post-thumbnail size-post-thumbnail wp-post-image\" alt=\"\" decoding=\"async\" loading=\"lazy\" srcset=\"https:\/\/i0.wp.com\/www.guinee7.com\/wp-content\/uploads\/2025\/11\/IMG-20251123-WA0050.jpg?w=1000&amp;ssl=1 1000w, https:\/\/i0.wp.com\/www.guinee7.com\/wp-content\/uploads\/2025\/11\/IMG-20251123-WA0050.jpg?resize=300%2C169&amp;ssl=1 300w, https:\/\/i0.wp.com\/www.guinee7.com\/wp-content\/uploads\/2025\/11\/IMG-20251123-WA0050.jpg?resize=768%2C432&amp;ssl=1 768w\" sizes=\"auto, (max-width: 1000px) 100vw, 1000px\"><\/div>\n<p><span style=\"font-size: 18px;\">Un terrible accident de la circulation s\u2019est produit ce dimanche 23 novembre 2025 \u00e0 Lopp\u00e8 K\u00e9n\u00e8, sur la route de contournement \u00e0 S\u00e9r\u00e8, un quartier p\u00e9riph\u00e9rique de la commune urbaine de Mamou.<\/span><\/p>\n<p><span style=\"font-size: 18px;\">Le drame implique une voiture et deux poids lourds. Une d\u00e9faillance du syst\u00e8me de freinage de l\u2019un des camions serait \u00e0 l\u2019origine de l\u2019accident. Le bilan provisoire fait \u00e9tat de deux morts sur place et de plusieurs bless\u00e9s. Les corps et les bless\u00e9s ont \u00e9t\u00e9 transport\u00e9s \u00e0 l\u2019h\u00f4pital r\u00e9gional de Mamou par les services de s\u00e9curit\u00e9.<\/span><\/p>\n<p><span style=\"font-size: 18px;\">Cette trag\u00e9die routi\u00e8re met en cause trois engins :<\/span><\/p>\n<p><span style=\"font-size: 18px;\">un camion-citerne transportant du gasoil,<\/span><\/p>\n<p><span style=\"font-size: 18px;\">une voiture Corolla Verso en provenance de la sous-pr\u00e9fecture de Por\u00e9daka pour Conakry,<\/span><\/p>\n<p><span style=\"font-size: 18px;\">et un camion-remorque charg\u00e9 de ferraille et de bouteilles de gaz en partance pour Siguiri.<\/span><\/p>\n<p><span style=\"font-size: 18px;\">Le camion-citerne a pris feu apr\u00e8s avoir percut\u00e9 les deux v\u00e9hicules au niveau d\u2019une descente suivie d\u2019un virage.<\/span><\/p>\n<p><strong><span style=\"font-size: 18px;\">T\u00e9moignage d\u2019un rescap\u00e9<\/span><\/strong><\/p>\n<p><span style=\"font-size: 18px;\">Sassy Ba\u00eflo Barry, l\u2019un des rescap\u00e9s, raconte :<\/span><br \/><span style=\"font-size: 18px;\">\u00ab Nous descendions la c\u00f4te lorsque le camion-citerne est venu percuter l\u2019arri\u00e8re de mon camion. Le feu s\u2019est aussit\u00f4t d\u00e9clench\u00e9. J\u2019ai r\u00e9ussi \u00e0 ma\u00eetriser le v\u00e9hicule un peu plus loin, mais les flammes avaient d\u00e9j\u00e0 atteint la remorque. Pour \u00e9viter une explosion, nous avons s\u00e9par\u00e9 la cabine de la remorque. Heureusement, il n\u2019y a pas eu de morts dans mon v\u00e9hicule, car nous \u00e9tions tous dans la cabine.<\/span><br \/><span style=\"font-size: 18px;\">Le camion-citerne avait d\u2019abord percut\u00e9 une voiture Corolla Verso transportant des passagers, causant un mort et plusieurs bless\u00e9s. Dans le camion-citerne aussi, un militaire est mort, enti\u00e8rement calcin\u00e9. Les corps et les bless\u00e9s ont \u00e9t\u00e9 transport\u00e9s \u00e0 l\u2019h\u00f4pital r\u00e9gional de Mamou. C\u2019est le syst\u00e8me de freinage du citerne qui a l\u00e2ch\u00e9 \u00bb, explique le chauffeur du camion-remorque.<\/span><\/p>\n<p><span style=\"font-size: 18px;\">La Protection civile, la Gendarmerie routi\u00e8re, la SONAP ainsi que le syndicat des transporteurs se sont rapidement mobilis\u00e9s pour circonscrire les flammes et s\u00e9curiser la zone.<\/span><\/p>\n<p><strong><span style=\"font-size: 18px;\">Mamadou Alpha Ke\u00efta pour Guinee7.com\u00a0<\/span><\/strong><!--\/data\/user\/0\/com.samsung.android.app.notes\/files\/clipdata\/clipdata_bodytext_251123_171259_649.sdocx--><\/p>\n<p>L\u2019article <a href=\"https:\/\/www.guinee7.com\/2025\/11\/23\/descente-fatale-a-sere-mamou-un-camion-perd-ses-freins-et-provoque-un-drame\/\">Descente fatale \u00e0 S\u00e9r\u00e8 (Mamou) : un camion perd ses freins et provoque un drame<\/a> est apparu en premier sur <a href=\"https:\/\/www.guinee7.com\/\">Guinee7.com<\/a>.<\/p>\n<\/div>\n","protected":false},"excerpt":{"rendered":"<p>Un terrible accident de la circulation s\u2019est produit ce dimanche 23 novembre 2025 \u00e0 Lopp\u00e8 K\u00e9n\u00e8, sur la route de contournement \u00e0 S\u00e9r\u00e8, un quartier p\u00e9riph\u00e9rique de la commune urbaine de Mamou. Le drame implique une voiture et deux poids lourds. Une d\u00e9faillance du syst\u00e8me de freinage de l\u2019un des camions serait \u00e0 l\u2019origine de &hellip;<\/p>\n","protected":false},"author":1,"featured_media":0,"comment_status":"closed","ping_status":"closed","sticky":false,"template":"","format":"standard","meta":{"footnotes":""},"categories":[2],"tags":[22],"_links":{"self":[{"href":"https:\/\/sn.ambaguinee.org\/index.php?rest_route=\/wp\/v2\/posts\/88051"}],"collection":[{"href":"https:\/\/sn.ambaguinee.org\/index.php?rest_route=\/wp\/v2\/posts"}],"about":[{"href":"https:\/\/sn.ambaguinee.org\/index.php?rest_route=\/wp\/v2\/types\/post"}],"author":[{"embeddable":true,"href":"https:\/\/sn.ambaguinee.org\/index.php?rest_route=\/wp\/v2\/users\/1"}],"replies":[{"embeddable":true,"href":"https:\/\/sn.ambaguinee.org\/index.php?rest_route=%2Fwp%2Fv2%2Fcomments&post=88051"}],"version-history":[{"count":0,"href":"https:\/\/sn.ambaguinee.org\/index.php?rest_route=\/wp\/v2\/posts\/88051\/revisions"}],"wp:attachment":[{"href":"https:\/\/sn.ambaguinee.org\/index.php?rest_route=%2Fwp%2Fv2%2Fmedia&parent=88051"}],"wp:term":[{"taxonomy":"category","embeddable":true,"href":"https:\/\/sn.ambaguinee.org\/index.php?rest_route=%2Fwp%2Fv2%2Fcategories&post=88051"},{"taxonomy":"post_tag","embeddable":true,"href":"https:\/\/sn.ambaguinee.org\/index.php?rest_route=%2Fwp%2Fv2%2Ftags&post=88051"}],"curies":[{"name":"wp","href":"https:\/\/api.w.org\/{rel}","templated":true}]}}