{"id":88105,"date":"2025-11-24T23:30:52","date_gmt":"2025-11-24T22:30:52","guid":{"rendered":"https:\/\/sn.ambaguinee.org\/?p=88105"},"modified":"2025-11-24T23:30:52","modified_gmt":"2025-11-24T22:30:52","slug":"ibrahima-kone-rallume-la-polemique-sur-fim-et-espace-fm-ces-radios-etaient-illegales-en-republique-de-guinee","status":"publish","type":"post","link":"https:\/\/sn.ambaguinee.org\/?p=88105","title":{"rendered":"Ibrahima Kon\u00e9 rallume la pol\u00e9mique sur FIM et Espace FM : \u201cCes radios \u00e9taient ill\u00e9gales en R\u00e9publique de Guin\u00e9e\u201d"},"content":{"rendered":"<div>\n<div style=\"margin-bottom:20px;\"><img width=\"1080\" height=\"664\"src=\"https:\/\/i0.wp.com\/www.guinee7.com\/wp-content\/uploads\/2025\/11\/IMG-20251124-WA0005.jpg?w=1080&amp;ssl=1\" class=\"attachment-post-thumbnail size-post-thumbnail wp-post-image\" alt=\"\" decoding=\"async\" loading=\"lazy\" srcset=\"https:\/\/i0.wp.com\/www.guinee7.com\/wp-content\/uploads\/2025\/11\/IMG-20251124-WA0005.jpg?w=1080&amp;ssl=1 1080w, https:\/\/i0.wp.com\/www.guinee7.com\/wp-content\/uploads\/2025\/11\/IMG-20251124-WA0005.jpg?resize=300%2C184&amp;ssl=1 300w, https:\/\/i0.wp.com\/www.guinee7.com\/wp-content\/uploads\/2025\/11\/IMG-20251124-WA0005.jpg?resize=1024%2C630&amp;ssl=1 1024w, https:\/\/i0.wp.com\/www.guinee7.com\/wp-content\/uploads\/2025\/11\/IMG-20251124-WA0005.jpg?resize=768%2C472&amp;ssl=1 768w\" sizes=\"auto, (max-width: 1080px) 100vw, 1080px\"><\/div>\n<p><span style=\"font-size: 18px;\">Ibrahima Kon\u00e9, directeur g\u00e9n\u00e9ral du quotidien national Horoya, s\u2019est exprim\u00e9 sur la fermeture de certains m\u00e9dias priv\u00e9s en Guin\u00e9e. Selon lui, les radios FIM FM et Espace FM fonctionnaient \u00ab ill\u00e9galement \u00bb dans le pays. Il s\u2019exprimait ce dimanche 23 novembre 2025 \u00e0 l\u2019occasion de l\u2019Assembl\u00e9e g\u00e9n\u00e9rale de Fouti-Laffidi, o\u00f9 il \u00e9tait invit\u00e9.<\/span><\/p>\n<p><span style=\"font-size: 18px;\">D\u2019entr\u00e9e, Ibrahima Kon\u00e9 dit avoir \u00e9t\u00e9 lui-m\u00eame affect\u00e9 par la fermeture de ces m\u00e9dias : \u201cJe suis l\u2019un des journalistes, je suis l\u2019un des hauts cadres du minist\u00e8re de l\u2019information et de la communication qui s\u2019est senti quelque part priv\u00e9 de quelque chose. Les t\u00e9moins sont tous les sameds matini, je faisais l\u2019exercice d\u2019aller d\u00e9battre avec les jeunes journalistes dans ces m\u00e9dias\u201d,\u00a0 a-t-il d\u00e9clar\u00e9. <\/span><\/p>\n<p><span style=\"font-size: 18px;\">Il d\u00e9fend ensuite une mesure que beaucoup qualifient d\u2019atteinte grave \u00e0 la libert\u00e9 de la presse : \u201cIl faut comprendre dans une soci\u00e9t\u00e9, il y\u2019a des normes, il ya des r\u00e8gles\u201d. <\/span><\/p>\n<p><span style=\"font-size: 18px;\">Pour appuyer ses propos, il prend l\u2019exemple d\u2019un commer\u00e7ant : \u201cQuand on cr\u00e9e un business dans un pays ou quand on veut cr\u00e9er, il y\u2019a ce qu\u2019on appelle les r\u00e8gles \u00e0 respecter. Le commer\u00e7ant sait que quand il veut aller \u00e0 l\u2019import-export, il lui faut des documents. (\u2026), il y a les imp\u00f4ts et les taxes qu\u2019il faut payer. Si vous ne le faites pas, un jour les imp\u00f4ts peuvent venir vous fermer. Et c\u2019est la m\u00eame chose qui est arriv\u00e9e avec ces radios\u201d. <\/span><\/p>\n<p><span style=\"font-size: 18px;\">Ibrahima Kon\u00e9 pr\u00e9cise que le minist\u00e8re de l\u2019Information et de la Communication d\u00e9livre un cahier des charges qui d\u00e9finit clairement les obligations des m\u00e9dias : \u201cDans ce cahier de charge, il y a des termes qui sont d\u00e9finis, les TDR sont clairs : qu\u2019est-ce que les radios doivent payer, la licence, les agr\u00e9ments, tous ceux que vous devez payer est prescrit dedans. Quand vous ne payez pas, \u00e9coutez, on dit que l\u2019\u00c9tat a ferm\u00e9 mais si l\u2019Etat est ton ami il peut fermer les yeux sur les choses mais si l\u2019\u00c9tat n\u2019est pas votre ami, il va regarder les failles que vous avez. Je le dis ici haut et fort, ces radios \u00e9taient ill\u00e9gales en R\u00e9publique de Guin\u00e9e. Que ce soit Espace, que ce soit FIM, ils ne respectaient pas les cahiers de charge\u201d.<\/span><\/p>\n<p><strong><span style=\"font-size: 18px;\">Bhoye Barry pour guinee7.com<\/span><\/strong><!--\/data\/user\/0\/com.samsung.android.app.notes\/files\/clipdata\/clipdata_bodytext_251124_154300_868.sdocx--><\/p>\n<p>L\u2019article <a href=\"https:\/\/www.guinee7.com\/2025\/11\/24\/ibrahima-kone-rallume-la-polemique-sur-fim-et-espace-fm-ces-radios-etaient-illegales-en-republique-de-guinee\/\">Ibrahima Kon\u00e9 rallume la pol\u00e9mique sur FIM et Espace FM : \u201cCes radios \u00e9taient ill\u00e9gales en R\u00e9publique de Guin\u00e9e\u201d<\/a> est apparu en premier sur <a href=\"https:\/\/www.guinee7.com\/\">Guinee7.com<\/a>.<\/p>\n<\/div>\n","protected":false},"excerpt":{"rendered":"<p>Ibrahima Kon\u00e9, directeur g\u00e9n\u00e9ral du quotidien national Horoya, s\u2019est exprim\u00e9 sur la fermeture de certains m\u00e9dias priv\u00e9s en Guin\u00e9e. Selon lui, les radios FIM FM et Espace FM fonctionnaient \u00ab ill\u00e9galement \u00bb dans le pays. Il s\u2019exprimait ce dimanche 23 novembre 2025 \u00e0 l\u2019occasion de l\u2019Assembl\u00e9e g\u00e9n\u00e9rale de Fouti-Laffidi, o\u00f9 il \u00e9tait invit\u00e9. D\u2019entr\u00e9e, Ibrahima &hellip;<\/p>\n","protected":false},"author":1,"featured_media":0,"comment_status":"closed","ping_status":"closed","sticky":false,"template":"","format":"standard","meta":{"footnotes":""},"categories":[2],"tags":[22],"_links":{"self":[{"href":"https:\/\/sn.ambaguinee.org\/index.php?rest_route=\/wp\/v2\/posts\/88105"}],"collection":[{"href":"https:\/\/sn.ambaguinee.org\/index.php?rest_route=\/wp\/v2\/posts"}],"about":[{"href":"https:\/\/sn.ambaguinee.org\/index.php?rest_route=\/wp\/v2\/types\/post"}],"author":[{"embeddable":true,"href":"https:\/\/sn.ambaguinee.org\/index.php?rest_route=\/wp\/v2\/users\/1"}],"replies":[{"embeddable":true,"href":"https:\/\/sn.ambaguinee.org\/index.php?rest_route=%2Fwp%2Fv2%2Fcomments&post=88105"}],"version-history":[{"count":0,"href":"https:\/\/sn.ambaguinee.org\/index.php?rest_route=\/wp\/v2\/posts\/88105\/revisions"}],"wp:attachment":[{"href":"https:\/\/sn.ambaguinee.org\/index.php?rest_route=%2Fwp%2Fv2%2Fmedia&parent=88105"}],"wp:term":[{"taxonomy":"category","embeddable":true,"href":"https:\/\/sn.ambaguinee.org\/index.php?rest_route=%2Fwp%2Fv2%2Fcategories&post=88105"},{"taxonomy":"post_tag","embeddable":true,"href":"https:\/\/sn.ambaguinee.org\/index.php?rest_route=%2Fwp%2Fv2%2Ftags&post=88105"}],"curies":[{"name":"wp","href":"https:\/\/api.w.org\/{rel}","templated":true}]}}