{"id":88167,"date":"2025-11-26T01:42:40","date_gmt":"2025-11-26T00:42:40","guid":{"rendered":"https:\/\/sn.ambaguinee.org\/?p=88167"},"modified":"2025-11-26T01:42:40","modified_gmt":"2025-11-26T00:42:40","slug":"mamou-le-bilan-salourdit-apres-le-choc-meurtrier-de-loppe-kene","status":"publish","type":"post","link":"https:\/\/sn.ambaguinee.org\/?p=88167","title":{"rendered":"Mamou : le bilan s\u2019alourdit apr\u00e8s le choc meurtrier de Lopp\u00e8-K\u00e9n\u00e9"},"content":{"rendered":"<div>\n<div style=\"margin-bottom:20px;\"><img width=\"1000\" height=\"450\"src=\"https:\/\/i0.wp.com\/www.guinee7.com\/wp-content\/uploads\/2025\/11\/IMG-20251125-WA0040.jpg?w=1000&amp;ssl=1\" class=\"attachment-post-thumbnail size-post-thumbnail wp-post-image\" alt=\"\" decoding=\"async\" loading=\"lazy\" srcset=\"https:\/\/i0.wp.com\/www.guinee7.com\/wp-content\/uploads\/2025\/11\/IMG-20251125-WA0040.jpg?w=1000&amp;ssl=1 1000w, https:\/\/i0.wp.com\/www.guinee7.com\/wp-content\/uploads\/2025\/11\/IMG-20251125-WA0040.jpg?resize=300%2C135&amp;ssl=1 300w, https:\/\/i0.wp.com\/www.guinee7.com\/wp-content\/uploads\/2025\/11\/IMG-20251125-WA0040.jpg?resize=768%2C346&amp;ssl=1 768w\" sizes=\"auto, (max-width: 1000px) 100vw, 1000px\"><\/div>\n<p><span style=\"font-size: 18px;\">\u00c0 Mamou, le bilan de l\u2019accident de la circulation survenu le 23 novembre dernier \u00e0 Lopp\u00e8-K\u00e9n\u00e9, dans le quartier S\u00e9r\u00e8, s\u2019est alourdi. La gendarmerie a rendu public ce mardi le rapport final de l\u2019incident : on compte d\u00e9sormais trois morts, dix bless\u00e9s et d\u2019importants d\u00e9g\u00e2ts mat\u00e9riels. Selon les enqu\u00eateurs, un d\u00e9passement d\u00e9fectueux serait \u00e0 l\u2019origine du drame.<\/span><\/p>\n<p><span style=\"font-size: 18px;\">Cet accident impliquait un camion-citerne transportant du gasoil, une Toyota Corolla Verso transportant des passagers, ainsi qu\u2019un camion-remorque charg\u00e9 de ferraille et de bouteilles de gaz. Il s\u2019est produit dimanche dernier, aux environs de 10 heures, sur la route de contournement de Lopp\u00e8-K\u00e9n\u00e9.<\/span><\/p>\n<p><span style=\"font-size: 18px;\">Le commandant adjoint de la Compagnie de s\u00e9curit\u00e9 routi\u00e8re de Mamou a apport\u00e9 des pr\u00e9cisions sur les cons\u00e9quences de l\u2019accident :<\/span><\/p>\n<p><span style=\"font-size: 18px;\">&gt; \u00ab Apr\u00e8s le travail effectu\u00e9 sur le terrain et les informations recueillies aupr\u00e8s des autorit\u00e9s de l\u2019h\u00f4pital r\u00e9gional de Mamou, nous d\u00e9plorons trois morts, dont une personne calcin\u00e9e.<\/span><br \/><span style=\"font-size: 18px;\">Les victimes sont : Mamadou Bailo Diallo, 51 ans, d\u00e9c\u00e9d\u00e9 sur les lieux ; Moussa Ke\u00efta, apprenti chauffeur de 19 ans, d\u00e9c\u00e9d\u00e9 \u00e0 l\u2019h\u00f4pital ; et l\u2019Adjudant Mohamed Lamine Kant\u00e9, militaire au Bataillon Sp\u00e9cial des Blind\u00e9s de Conakry, 33 ans, d\u00e9c\u00e9d\u00e9 calcin\u00e9 sur place. \u00bb<\/span><\/p>\n<p><span style=\"font-size: 18px;\">Dix bless\u00e9s ont \u00e9galement \u00e9t\u00e9 enregistr\u00e9s, avec des niveaux de gravit\u00e9 variables :<\/span><\/p>\n<p><span style=\"font-size: 18px;\">Djibril Diallo (33 ans)<\/span><\/p>\n<p><span style=\"font-size: 18px;\">Amadou Oury Diallo (25 ans)<\/span><\/p>\n<p><span style=\"font-size: 18px;\">Djenabou Bah (3 ans)<\/span><\/p>\n<p><span style=\"font-size: 18px;\">Houseinatou Diallo (30 ans)<\/span><\/p>\n<p><span style=\"font-size: 18px;\">Amadou Lamarana Diallo (chauffeur du camion-citerne, 40 ans)<\/span><\/p>\n<p><span style=\"font-size: 18px;\">Fatoumata Maladh\u00f4 Diallo (22 ans)<\/span><\/p>\n<p><span style=\"font-size: 18px;\">Adama Diallo (32 ans)<\/span><\/p>\n<p><span style=\"font-size: 18px;\">Samba Diallo (25 ans)<\/span><\/p>\n<p><span style=\"font-size: 18px;\">Fatoumata Path\u00e9 Diallo (33 ans)<\/span><\/p>\n<p><span style=\"font-size: 18px;\">Mamadou Lamarana Diallo<\/span><\/p>\n<p><span style=\"font-size: 18px;\">La majorit\u00e9 des bless\u00e9s se trouvaient dans la Toyota Corolla Verso immatricul\u00e9e BD 0562. Certains ont \u00e9t\u00e9 \u00e9vacu\u00e9s vers Conakry en raison de la gravit\u00e9 de leur \u00e9tat.<\/span><\/p>\n<p><span style=\"font-size: 18px;\">Le capitaine Faliko Delamou a par ailleurs clarifi\u00e9 les circonstances du drame :<\/span><br \/><span style=\"font-size: 18px;\">\u00ab Contrairement \u00e0 certaines affirmations, les enqu\u00eates rigoureuses d\u00e9montrent que la cause principale de cet accident mortel est li\u00e9e \u00e0 un d\u00e9passement d\u00e9fectueux. \u00bb<\/span><\/p>\n<p><strong><span style=\"font-size: 18px;\">Mamadou Alpha Ke\u00efta pour guinee7.com\u00a0<\/span><\/strong><!--\/data\/user\/0\/com.samsung.android.app.notes\/files\/clipdata\/clipdata_bodytext_251125_201719_432.sdocx--><\/p>\n<p>L\u2019article <a href=\"https:\/\/www.guinee7.com\/2025\/11\/25\/mamou-le-bilan-salourdit-apres-le-choc-meurtrier-de-loppe-kene\/\">Mamou : le bilan s\u2019alourdit apr\u00e8s le choc meurtrier de Lopp\u00e8-K\u00e9n\u00e9<\/a> est apparu en premier sur <a href=\"https:\/\/www.guinee7.com\/\">Guinee7.com<\/a>.<\/p>\n<\/div>\n","protected":false},"excerpt":{"rendered":"<p>\u00c0 Mamou, le bilan de l\u2019accident de la circulation survenu le 23 novembre dernier \u00e0 Lopp\u00e8-K\u00e9n\u00e9, dans le quartier S\u00e9r\u00e8, s\u2019est alourdi. La gendarmerie a rendu public ce mardi le rapport final de l\u2019incident : on compte d\u00e9sormais trois morts, dix bless\u00e9s et d\u2019importants d\u00e9g\u00e2ts mat\u00e9riels. Selon les enqu\u00eateurs, un d\u00e9passement d\u00e9fectueux serait \u00e0 l\u2019origine &hellip;<\/p>\n","protected":false},"author":1,"featured_media":0,"comment_status":"closed","ping_status":"closed","sticky":false,"template":"","format":"standard","meta":{"footnotes":""},"categories":[2],"tags":[22],"_links":{"self":[{"href":"https:\/\/sn.ambaguinee.org\/index.php?rest_route=\/wp\/v2\/posts\/88167"}],"collection":[{"href":"https:\/\/sn.ambaguinee.org\/index.php?rest_route=\/wp\/v2\/posts"}],"about":[{"href":"https:\/\/sn.ambaguinee.org\/index.php?rest_route=\/wp\/v2\/types\/post"}],"author":[{"embeddable":true,"href":"https:\/\/sn.ambaguinee.org\/index.php?rest_route=\/wp\/v2\/users\/1"}],"replies":[{"embeddable":true,"href":"https:\/\/sn.ambaguinee.org\/index.php?rest_route=%2Fwp%2Fv2%2Fcomments&post=88167"}],"version-history":[{"count":0,"href":"https:\/\/sn.ambaguinee.org\/index.php?rest_route=\/wp\/v2\/posts\/88167\/revisions"}],"wp:attachment":[{"href":"https:\/\/sn.ambaguinee.org\/index.php?rest_route=%2Fwp%2Fv2%2Fmedia&parent=88167"}],"wp:term":[{"taxonomy":"category","embeddable":true,"href":"https:\/\/sn.ambaguinee.org\/index.php?rest_route=%2Fwp%2Fv2%2Fcategories&post=88167"},{"taxonomy":"post_tag","embeddable":true,"href":"https:\/\/sn.ambaguinee.org\/index.php?rest_route=%2Fwp%2Fv2%2Ftags&post=88167"}],"curies":[{"name":"wp","href":"https:\/\/api.w.org\/{rel}","templated":true}]}}