{"id":88230,"date":"2025-11-27T01:57:56","date_gmt":"2025-11-27T00:57:56","guid":{"rendered":"https:\/\/sn.ambaguinee.org\/?p=88230"},"modified":"2025-11-27T01:57:56","modified_gmt":"2025-11-27T00:57:56","slug":"stades-de-conakry-bah-oury-promet-une-livraison-avant-la-fin-de-lannee","status":"publish","type":"post","link":"https:\/\/sn.ambaguinee.org\/?p=88230","title":{"rendered":"Stades de Conakry : Bah Oury promet une livraison avant la fin de l\u2019ann\u00e9e"},"content":{"rendered":"<div>\n<div style=\"margin-bottom:20px;\"><img width=\"960\" height=\"494\"src=\"https:\/\/i0.wp.com\/www.guinee7.com\/wp-content\/uploads\/2025\/11\/IMG-20251126-WA0012.jpg?w=960&amp;ssl=1\" class=\"attachment-post-thumbnail size-post-thumbnail wp-post-image\" alt=\"\" decoding=\"async\" loading=\"lazy\" srcset=\"https:\/\/i0.wp.com\/www.guinee7.com\/wp-content\/uploads\/2025\/11\/IMG-20251126-WA0012.jpg?w=960&amp;ssl=1 960w, https:\/\/i0.wp.com\/www.guinee7.com\/wp-content\/uploads\/2025\/11\/IMG-20251126-WA0012.jpg?resize=300%2C154&amp;ssl=1 300w, https:\/\/i0.wp.com\/www.guinee7.com\/wp-content\/uploads\/2025\/11\/IMG-20251126-WA0012.jpg?resize=768%2C395&amp;ssl=1 768w\" sizes=\"auto, (max-width: 960px) 100vw, 960px\"><\/div>\n<p><span style=\"font-size: 19px;\">Le retard accus\u00e9 dans la livraison des deux principaux stades de Conakry, \u00e0 savoir le stade du 28-Septembre et celui du G\u00e9n\u00e9ral Lansana Cont\u00e9 de Nongo, a \u00e9t\u00e9 au centre des \u00e9changes cette semaine lors de l\u2019\u00e9valuation des ministres. Le Premier ministre, Amadou Oury Bah, a annonc\u00e9 la tenue d\u2019une rencontre strat\u00e9gique visant \u00e0 acc\u00e9l\u00e9rer les travaux et rendre ces infrastructures disponibles avant la fin de l\u2019ann\u00e9e. <\/span><\/p>\n<p><span style=\"font-size: 19px;\">\u00ab\u00a0 Par rapport au chantier des stades de Nongo et de 28 septembre, les travaux continuent. Je dois rencontrer dans les 48 heures le ministre de l\u2019Economie et des Finances, suite \u00e0 un courrier que j\u2019ai re\u00e7u du minist\u00e8re des Sports, pour relancer le processus de finalisation du chantier, pour que d\u2019ici la fin de l\u2019ann\u00e9e, les choses soient suffisamment au top et que ces infrastructures, en cas de n\u00e9cessit\u00e9, puissent servir les causes nationales, que ce soit les manifestations sportives ou d\u2019autres types de manifestations qui n\u00e9cessitent des espaces pour accueillir des milliers et des milliers de personnes \u00bb, a assur\u00e9 Bah Oury.<\/span><\/p>\n<p><span style=\"font-size: 19px;\">Pour sa part, le secr\u00e9taire g\u00e9n\u00e9ral du minist\u00e8re des Sports, Mohamed Bili Kaba, s\u2019est voulu rassurant \u00e0 sa sortie de l\u2019\u00e9valuation, \u00e9voquant une disponibilit\u00e9 tr\u00e8s prochaine des deux stades. \u00ab Le bilan est plut\u00f4t positif. Aujourd\u2019hui, les infrastructures sportives en voie de finalisation sont presque pr\u00eates \u00e0 \u00eatre livr\u00e9es, notamment le stade de Nongo, dont le taux d\u2019ex\u00e9cution est avanc\u00e9. Quant au stade du 28-Septembre, nous venons de recevoir une \u00e9valuation de la CAF, qui est elle aussi positive \u00bb, a-t-il affirm\u00e9.<\/span><\/p>\n<p><span style=\"font-size: 19px;\">Alors que les travaux se poursuivent au stade GLC de Nongo, le stade du 28-Septembre, plus avanc\u00e9 dans son ex\u00e9cution, devra n\u00e9anmoins r\u00e9pondre \u00e0 certaines recommandations. Parmi celles-ci : la mise en place du tunnel de sortie des \u00e9quipes, le remplacement des carreaux dans les vestiaires, ainsi que plusieurs autres exigences formul\u00e9es par l\u2019expert de la CAF lors d\u2019une inspection men\u00e9e la semaine derni\u00e8re \u00e0 la demande de la Guin\u00e9e pour l\u2019obtention de la validation finale de l\u2019infrastructure.<\/span><\/p>\n<p><strong><span style=\"font-size: 19px;\">Thierno Abdoul Barry pour guinee7.com<\/span><\/strong><!--\/data\/user\/0\/com.samsung.android.app.notes\/files\/clipdata\/clipdata_bodytext_251126_145257_451.sdocx--><\/p>\n<p>L\u2019article <a href=\"https:\/\/www.guinee7.com\/2025\/11\/26\/stades-de-conakry-bah-oury-promet-une-livraison-avant-la-fin-de-lannee\/\">Stades de Conakry : Bah Oury promet une livraison avant la fin de l\u2019ann\u00e9e<\/a> est apparu en premier sur <a href=\"https:\/\/www.guinee7.com\/\">Guinee7.com<\/a>.<\/p>\n<\/div>\n","protected":false},"excerpt":{"rendered":"<p>Le retard accus\u00e9 dans la livraison des deux principaux stades de Conakry, \u00e0 savoir le stade du 28-Septembre et celui du G\u00e9n\u00e9ral Lansana Cont\u00e9 de Nongo, a \u00e9t\u00e9 au centre des \u00e9changes cette semaine lors de l\u2019\u00e9valuation des ministres. Le Premier ministre, Amadou Oury Bah, a annonc\u00e9 la tenue d\u2019une rencontre strat\u00e9gique visant \u00e0 acc\u00e9l\u00e9rer &hellip;<\/p>\n","protected":false},"author":1,"featured_media":0,"comment_status":"closed","ping_status":"closed","sticky":false,"template":"","format":"standard","meta":{"footnotes":""},"categories":[2],"tags":[22],"_links":{"self":[{"href":"https:\/\/sn.ambaguinee.org\/index.php?rest_route=\/wp\/v2\/posts\/88230"}],"collection":[{"href":"https:\/\/sn.ambaguinee.org\/index.php?rest_route=\/wp\/v2\/posts"}],"about":[{"href":"https:\/\/sn.ambaguinee.org\/index.php?rest_route=\/wp\/v2\/types\/post"}],"author":[{"embeddable":true,"href":"https:\/\/sn.ambaguinee.org\/index.php?rest_route=\/wp\/v2\/users\/1"}],"replies":[{"embeddable":true,"href":"https:\/\/sn.ambaguinee.org\/index.php?rest_route=%2Fwp%2Fv2%2Fcomments&post=88230"}],"version-history":[{"count":0,"href":"https:\/\/sn.ambaguinee.org\/index.php?rest_route=\/wp\/v2\/posts\/88230\/revisions"}],"wp:attachment":[{"href":"https:\/\/sn.ambaguinee.org\/index.php?rest_route=%2Fwp%2Fv2%2Fmedia&parent=88230"}],"wp:term":[{"taxonomy":"category","embeddable":true,"href":"https:\/\/sn.ambaguinee.org\/index.php?rest_route=%2Fwp%2Fv2%2Fcategories&post=88230"},{"taxonomy":"post_tag","embeddable":true,"href":"https:\/\/sn.ambaguinee.org\/index.php?rest_route=%2Fwp%2Fv2%2Ftags&post=88230"}],"curies":[{"name":"wp","href":"https:\/\/api.w.org\/{rel}","templated":true}]}}