{"id":88231,"date":"2025-11-27T01:57:56","date_gmt":"2025-11-27T00:57:56","guid":{"rendered":"https:\/\/sn.ambaguinee.org\/?p=88231"},"modified":"2025-11-27T01:57:56","modified_gmt":"2025-11-27T00:57:56","slug":"elie-kamano-accuse-ousmane-gaoual-temporise-le-gouvernement-prone-la-prudence","status":"publish","type":"post","link":"https:\/\/sn.ambaguinee.org\/?p=88231","title":{"rendered":"\u00c9lie Kamano accuse, Ousmane Gaoual temporise : le gouvernement pr\u00f4ne la prudence"},"content":{"rendered":"<div>\n<div style=\"margin-bottom:20px;\"><img width=\"1600\" height=\"1066\"src=\"https:\/\/i0.wp.com\/www.guinee7.com\/wp-content\/uploads\/2025\/11\/IMG-20251126-WA0016.jpg?w=1600&amp;ssl=1\" class=\"attachment-post-thumbnail size-post-thumbnail wp-post-image\" alt=\"\" decoding=\"async\" loading=\"lazy\" srcset=\"https:\/\/i0.wp.com\/www.guinee7.com\/wp-content\/uploads\/2025\/11\/IMG-20251126-WA0016.jpg?w=1600&amp;ssl=1 1600w, https:\/\/i0.wp.com\/www.guinee7.com\/wp-content\/uploads\/2025\/11\/IMG-20251126-WA0016.jpg?resize=300%2C200&amp;ssl=1 300w, https:\/\/i0.wp.com\/www.guinee7.com\/wp-content\/uploads\/2025\/11\/IMG-20251126-WA0016.jpg?resize=1024%2C682&amp;ssl=1 1024w, https:\/\/i0.wp.com\/www.guinee7.com\/wp-content\/uploads\/2025\/11\/IMG-20251126-WA0016.jpg?resize=768%2C512&amp;ssl=1 768w, https:\/\/i0.wp.com\/www.guinee7.com\/wp-content\/uploads\/2025\/11\/IMG-20251126-WA0016.jpg?resize=1536%2C1023&amp;ssl=1 1536w\" sizes=\"auto, (max-width: 1600px) 100vw, 1600px\"><\/div>\n<p><span style=\"font-size: 19px;\">L\u2019affaire de l\u2019enl\u00e8vement des enfants de l\u2019artiste \u00c9lie Kamano continue de susciter de vives r\u00e9actions. Apr\u00e8s l\u2019annonce publique faite par l\u2019artiste, qui affirme que ses enfants ont \u00e9t\u00e9 enlev\u00e9s et accuse plusieurs autorit\u00e9s d\u2019en \u00eatre les commanditaires, le gouvernement a r\u00e9agi. Face \u00e0 la presse ce mercredi 26 novembre, le porte-parole du gouvernement, Ousmane Gaoual Diallo, s\u2019est exprim\u00e9 sur la situation, promettant des actions tout en appelant \u00e0 la prudence dans les accusations.<\/span><\/p>\n<p><span style=\"font-size: 19px;\">Il a d\u00e9clar\u00e9 : \u00ab les dispositions vont \u00eatre prises pour que les enqu\u00eates s\u00e9rieuses puissent se d\u00e9rouler. Malheureusement, l\u2019\u00c9tat ne peut qu\u2019enclencher \u00e7a. \u00bb<\/span><\/p>\n<p><span style=\"font-size: 19px;\">Poursuivant, il a rappel\u00e9 la n\u00e9cessit\u00e9 d\u2019\u00e9viter les accusations sans fondement : \u00ab mais lorsque les accusations touchent des personnes, il faut vraiment avoir de la distance par rapport \u00e0 \u00e7a. Puisqu\u2019entre la trag\u00e9die que les gens vivent et la tentation de faire de \u00e7a une communication un peu sensationnelle, il faut que les acteurs puissent \u00eatre mesur\u00e9s. Nous n\u2019allons pas d\u00e9velopper des pol\u00e9miques parce qu\u2019il a indiqu\u00e9 que c\u2019est tel. Il peut dire que c\u2019est Ousmane Gaoual, c\u2019est Mamadou\u2026 Si vous n\u2019avez pas des preuves pour \u00e9tayer ce que vous dites, \u00e7a reste une accusation simplement sensationnelle pour qu\u2019on parle de soi. Mais on peut parler de vous aussi tout en \u00e9tant correct, juste dans la d\u00e9nonciation de la trag\u00e9die. \u00bb<\/span><\/p>\n<p><span style=\"font-size: 19px;\">Le porte-parole pr\u00e9cise que la douleur ne doit pas entra\u00eener des accusations extr\u00eames : \u00ab vous pouvez dire j\u2019ai perdu mes enfants par un enl\u00e8vement, c\u2019est dramatique. Je pense que c\u2019est important que la famille reste dans ce contexte-l\u00e0. Lorsque vous indexez le chef de l\u2019\u00c9tat, c\u2019est quand-m\u00eame un peu trop pour justifier votre col\u00e8re ou votre souffrance. \u00bb<\/span><\/p>\n<p><strong><span style=\"font-size: 19px;\">Abdoul Lory Sylla pour guinee7.com<\/span><\/strong><!--\/data\/user\/0\/com.samsung.android.app.notes\/files\/clipdata\/clipdata_bodytext_251126_155346_562.sdocx--><\/p>\n<p>L\u2019article <a href=\"https:\/\/www.guinee7.com\/2025\/11\/26\/elie-kamano-accuse-ousmane-gaoual-temporise-le-gouvernement-prone-la-prudence\/\">\u00c9lie Kamano accuse, Ousmane Gaoual temporise : le gouvernement pr\u00f4ne la prudence<\/a> est apparu en premier sur <a href=\"https:\/\/www.guinee7.com\/\">Guinee7.com<\/a>.<\/p>\n<\/div>\n","protected":false},"excerpt":{"rendered":"<p>L\u2019affaire de l\u2019enl\u00e8vement des enfants de l\u2019artiste \u00c9lie Kamano continue de susciter de vives r\u00e9actions. Apr\u00e8s l\u2019annonce publique faite par l\u2019artiste, qui affirme que ses enfants ont \u00e9t\u00e9 enlev\u00e9s et accuse plusieurs autorit\u00e9s d\u2019en \u00eatre les commanditaires, le gouvernement a r\u00e9agi. Face \u00e0 la presse ce mercredi 26 novembre, le porte-parole du gouvernement, Ousmane Gaoual &hellip;<\/p>\n","protected":false},"author":1,"featured_media":0,"comment_status":"closed","ping_status":"closed","sticky":false,"template":"","format":"standard","meta":{"footnotes":""},"categories":[2],"tags":[22],"_links":{"self":[{"href":"https:\/\/sn.ambaguinee.org\/index.php?rest_route=\/wp\/v2\/posts\/88231"}],"collection":[{"href":"https:\/\/sn.ambaguinee.org\/index.php?rest_route=\/wp\/v2\/posts"}],"about":[{"href":"https:\/\/sn.ambaguinee.org\/index.php?rest_route=\/wp\/v2\/types\/post"}],"author":[{"embeddable":true,"href":"https:\/\/sn.ambaguinee.org\/index.php?rest_route=\/wp\/v2\/users\/1"}],"replies":[{"embeddable":true,"href":"https:\/\/sn.ambaguinee.org\/index.php?rest_route=%2Fwp%2Fv2%2Fcomments&post=88231"}],"version-history":[{"count":0,"href":"https:\/\/sn.ambaguinee.org\/index.php?rest_route=\/wp\/v2\/posts\/88231\/revisions"}],"wp:attachment":[{"href":"https:\/\/sn.ambaguinee.org\/index.php?rest_route=%2Fwp%2Fv2%2Fmedia&parent=88231"}],"wp:term":[{"taxonomy":"category","embeddable":true,"href":"https:\/\/sn.ambaguinee.org\/index.php?rest_route=%2Fwp%2Fv2%2Fcategories&post=88231"},{"taxonomy":"post_tag","embeddable":true,"href":"https:\/\/sn.ambaguinee.org\/index.php?rest_route=%2Fwp%2Fv2%2Ftags&post=88231"}],"curies":[{"name":"wp","href":"https:\/\/api.w.org\/{rel}","templated":true}]}}