{"id":88294,"date":"2025-11-28T02:43:27","date_gmt":"2025-11-28T01:43:27","guid":{"rendered":"https:\/\/sn.ambaguinee.org\/?p=88294"},"modified":"2025-11-28T02:43:27","modified_gmt":"2025-11-28T01:43:27","slug":"permis-moto-ce-qui-va-reellement-changer-pour-les-motards-guineens","status":"publish","type":"post","link":"https:\/\/sn.ambaguinee.org\/?p=88294","title":{"rendered":"Permis moto : ce qui va r\u00e9ellement changer pour les motards guin\u00e9ens"},"content":{"rendered":"<div>\n<div style=\"margin-bottom:20px;\"><img width=\"1600\" height=\"1108\"src=\"https:\/\/i0.wp.com\/www.guinee7.com\/wp-content\/uploads\/2025\/11\/IMG-20251126-WA0019.jpg?w=1600&amp;ssl=1\" class=\"attachment-post-thumbnail size-post-thumbnail wp-post-image\" alt=\"\" decoding=\"async\" loading=\"lazy\" srcset=\"https:\/\/i0.wp.com\/www.guinee7.com\/wp-content\/uploads\/2025\/11\/IMG-20251126-WA0019.jpg?w=1600&amp;ssl=1 1600w, https:\/\/i0.wp.com\/www.guinee7.com\/wp-content\/uploads\/2025\/11\/IMG-20251126-WA0019.jpg?resize=300%2C208&amp;ssl=1 300w, https:\/\/i0.wp.com\/www.guinee7.com\/wp-content\/uploads\/2025\/11\/IMG-20251126-WA0019.jpg?resize=1024%2C709&amp;ssl=1 1024w, https:\/\/i0.wp.com\/www.guinee7.com\/wp-content\/uploads\/2025\/11\/IMG-20251126-WA0019.jpg?resize=768%2C532&amp;ssl=1 768w, https:\/\/i0.wp.com\/www.guinee7.com\/wp-content\/uploads\/2025\/11\/IMG-20251126-WA0019.jpg?resize=1536%2C1064&amp;ssl=1 1536w\" sizes=\"auto, (max-width: 1600px) 100vw, 1600px\"><\/div>\n<p><span style=\"font-size: 18px;\">L\u2019inqui\u00e9tude gagne depuis quelques jours les motards guin\u00e9ens, apr\u00e8s l\u2019annonce de l\u2019entr\u00e9e en vigueur prochaine du permis moto. Pour clarifier la situation, Ousmane Gaoual Diallo, ministre des Transports et porte-parole du gouvernement, s\u2019est exprim\u00e9 ce mercredi lors d\u2019une conf\u00e9rence de presse.<\/span><\/p>\n<p><span style=\"font-size: 18px;\">Selon le ministre, il ne s\u2019agit pas d\u2019un contr\u00f4le imm\u00e9diat et syst\u00e9matique sur les routes.<\/span><\/p>\n<p><span style=\"font-size: 18px;\">\u00ab Il y a la question des permis motos. Qu\u2019est-ce qui va se passer ? Nous allons ouvrir le centre de formation des permis motos. Ce n\u2019est pas le moment d\u2019exiger \u00e0 l\u2019un d\u2019entre vous : \u201cMontrez-nous votre permis\u201d. Parce que quand on va dire aux citoyens qu\u2019ils ont l\u2019obligation de prendre un permis motos, ce n\u2019est pas du jour au lendemain. Il faut d\u2019abord qu\u2019ils apprennent le code, qu\u2019ils apprennent les r\u00e8gles pour obtenir le permis. Cela va se d\u00e9rouler entre 5, 6, 7 mois. On va offrir des formations. Donc chaque propri\u00e9taire de moto peut s\u2019inscrire dans ces centres de formation. C\u2019est ce qui va d\u00e9marrer rapidement \u00bb, a-t-il expliqu\u00e9.<\/span><\/p>\n<p><span style=\"font-size: 18px;\">Le ministre pr\u00e9cise \u00e9galement que la d\u00e9livrance des permis n\u2019interviendra qu\u2019apr\u00e8s la formation et les examens : \u00ab apr\u00e8s, il y aura une p\u00e9riode o\u00f9 les gens vont passer des examens pour avoir leurs permis, et puis plus tard, il y aura une exigence pour le poss\u00e9der. On ne peut pas dire que demain, s\u2019il y aura un contr\u00f4le sur la route, ceux qui n\u2019ont pas de permis seront arr\u00eat\u00e9s. Ce n\u2019est pas du tout ce qui est enclench\u00e9. C\u2019est la formation pour obtenir le document. Il est important que ceux qui conduisent connaissent le code de la route\u2026 \u00bb<\/span><\/p>\n<p><span style=\"font-size: 18px;\">Pour rassurer les motards, Ousmane Gaoual Diallo insiste : \u00ab il n\u2019y a pas pour l\u2019instant d\u2019op\u00e9ration de sanction ou de punition pour ceux qui ne poss\u00e8dent pas le permis. D\u2019abord, le permis n\u2019est m\u00eame pas disponible physiquement. C\u2019est la formation qui va commencer rapidement. \u00bb<\/span><\/p>\n<p><strong><span style=\"font-size: 18px;\">Abdoul Lory Sylla pour guinee7.com<\/span><\/strong><!--\/data\/user\/0\/com.samsung.android.app.notes\/files\/clipdata\/clipdata_bodytext_251127_124039_667.sdocx--><\/p>\n<p>L\u2019article <a href=\"https:\/\/www.guinee7.com\/2025\/11\/27\/permis-moto-ce-qui-va-reellement-changer-pour-les-motards-guineens\/\">Permis moto : ce qui va r\u00e9ellement changer pour les motards guin\u00e9ens<\/a> est apparu en premier sur <a href=\"https:\/\/www.guinee7.com\/\">Guinee7.com<\/a>.<\/p>\n<\/div>\n","protected":false},"excerpt":{"rendered":"<p>L\u2019inqui\u00e9tude gagne depuis quelques jours les motards guin\u00e9ens, apr\u00e8s l\u2019annonce de l\u2019entr\u00e9e en vigueur prochaine du permis moto. Pour clarifier la situation, Ousmane Gaoual Diallo, ministre des Transports et porte-parole du gouvernement, s\u2019est exprim\u00e9 ce mercredi lors d\u2019une conf\u00e9rence de presse. Selon le ministre, il ne s\u2019agit pas d\u2019un contr\u00f4le imm\u00e9diat et syst\u00e9matique sur les &hellip;<\/p>\n","protected":false},"author":1,"featured_media":0,"comment_status":"closed","ping_status":"closed","sticky":false,"template":"","format":"standard","meta":{"footnotes":""},"categories":[2],"tags":[22],"_links":{"self":[{"href":"https:\/\/sn.ambaguinee.org\/index.php?rest_route=\/wp\/v2\/posts\/88294"}],"collection":[{"href":"https:\/\/sn.ambaguinee.org\/index.php?rest_route=\/wp\/v2\/posts"}],"about":[{"href":"https:\/\/sn.ambaguinee.org\/index.php?rest_route=\/wp\/v2\/types\/post"}],"author":[{"embeddable":true,"href":"https:\/\/sn.ambaguinee.org\/index.php?rest_route=\/wp\/v2\/users\/1"}],"replies":[{"embeddable":true,"href":"https:\/\/sn.ambaguinee.org\/index.php?rest_route=%2Fwp%2Fv2%2Fcomments&post=88294"}],"version-history":[{"count":0,"href":"https:\/\/sn.ambaguinee.org\/index.php?rest_route=\/wp\/v2\/posts\/88294\/revisions"}],"wp:attachment":[{"href":"https:\/\/sn.ambaguinee.org\/index.php?rest_route=%2Fwp%2Fv2%2Fmedia&parent=88294"}],"wp:term":[{"taxonomy":"category","embeddable":true,"href":"https:\/\/sn.ambaguinee.org\/index.php?rest_route=%2Fwp%2Fv2%2Fcategories&post=88294"},{"taxonomy":"post_tag","embeddable":true,"href":"https:\/\/sn.ambaguinee.org\/index.php?rest_route=%2Fwp%2Fv2%2Ftags&post=88294"}],"curies":[{"name":"wp","href":"https:\/\/api.w.org\/{rel}","templated":true}]}}