{"id":88298,"date":"2025-11-28T02:43:28","date_gmt":"2025-11-28T01:43:28","guid":{"rendered":"https:\/\/sn.ambaguinee.org\/?p=88298"},"modified":"2025-11-28T02:43:28","modified_gmt":"2025-11-28T01:43:28","slug":"deguerpis-de-conakry-premieres-reparations-apres-des-decennies-de-fractures","status":"publish","type":"post","link":"https:\/\/sn.ambaguinee.org\/?p=88298","title":{"rendered":"D\u00e9guerpis de Conakry : premi\u00e8res r\u00e9parations apr\u00e8s des d\u00e9cennies de fractures"},"content":{"rendered":"<div>\n<div style=\"margin-bottom:20px;\"><img width=\"1440\" height=\"960\"src=\"https:\/\/i0.wp.com\/www.guinee7.com\/wp-content\/uploads\/2025\/11\/IMG-20251127-WA0039.jpg?w=1440&amp;ssl=1\" class=\"attachment-post-thumbnail size-post-thumbnail wp-post-image\" alt=\"\" decoding=\"async\" srcset=\"https:\/\/i0.wp.com\/www.guinee7.com\/wp-content\/uploads\/2025\/11\/IMG-20251127-WA0039.jpg?w=1440&amp;ssl=1 1440w, https:\/\/i0.wp.com\/www.guinee7.com\/wp-content\/uploads\/2025\/11\/IMG-20251127-WA0039.jpg?resize=300%2C200&amp;ssl=1 300w, https:\/\/i0.wp.com\/www.guinee7.com\/wp-content\/uploads\/2025\/11\/IMG-20251127-WA0039.jpg?resize=1024%2C683&amp;ssl=1 1024w, https:\/\/i0.wp.com\/www.guinee7.com\/wp-content\/uploads\/2025\/11\/IMG-20251127-WA0039.jpg?resize=768%2C512&amp;ssl=1 768w\" sizes=\"(max-width: 1440px) 100vw, 1440px\"><\/div>\n<p><span style=\"font-size: 18px;\">Quatorze mois apr\u00e8s la pr\u00e9sentation d\u2019un terrain destin\u00e9 au recasement des d\u00e9guerpis de Kaporo-Rails, Kip\u00e9 2 et Dimesse, expuls\u00e9s lors des op\u00e9rations de 1993, 1998, 2005 et 2018, le gouvernement guin\u00e9en vient de mat\u00e9rialiser une promesse longtemps attendue. Ce jeudi 27 novembre, les autorit\u00e9s ont proc\u00e9d\u00e9 \u00e0 la remise symbolique des premiers titres fonciers individuels \u00e0 certains b\u00e9n\u00e9ficiaires.<\/span><br \/><span style=\"font-size: 18px;\">Cette premi\u00e8re cohorte comprend 600 titres fonciers, attribu\u00e9s aux anciens habitants du secteur 4, situ\u00e9 derri\u00e8re la RTG Koloma. La c\u00e9r\u00e9monie, organis\u00e9e \u00e0 Conakry, a r\u00e9uni de nombreux d\u00e9guerpis, plusieurs membres du gouvernement et a \u00e9t\u00e9 pr\u00e9sid\u00e9e par le Premier ministre, Amadou Oury Bah.<\/span><\/p>\n<p><span style=\"font-size: 18px;\">Le site d\u2019am\u00e9nagement r\u00e9serv\u00e9 au recasement couvre 258 hectares \u00e0 Wonkifong, dans la pr\u00e9fecture de Coyah.<\/span><br \/><span style=\"font-size: 18px;\">Au nom du collectif, Mamadou Samba Sow a salu\u00e9 l\u2019avanc\u00e9e tout en rappelant l\u2019ampleur du dossier : \u00ab C\u2019est une \u00e9tape importante qui est franchie. Mais beaucoup reste encore \u00e0 faire dans ce dossier. Plus de 2000 autres familles attendent la r\u00e9gularisation de leurs dossiers par le minist\u00e8re de l\u2019Urbanisme et de l\u2019Habitat. \u00bb<\/span><\/p>\n<p><span style=\"font-size: 18px;\">Il a \u00e9galement indiqu\u00e9 que le ministre Mory Cond\u00e9 avait donn\u00e9 des instructions fermes pour acc\u00e9l\u00e9rer le processus : \u00ab Monsieur le ministre Mory Cond\u00e9 a instruit les services comp\u00e9tents de reprendre les appels d\u00e8s demain vendredi dans le but de terminer l\u2019\u00e9tablissement des titres fonciers restants au plus tard le 2 janvier 2026. \u00bb<\/span><br \/><span style=\"font-size: 18px;\">Concernant les prochaines phases, il pr\u00e9cise : \u00ab Les prochaines \u00e9tapes sont les suivantes : la poursuite de l\u2019am\u00e9nagement allou\u00e9 aux victimes ; la compensation financi\u00e8re de l\u2019ensemble des personnes affect\u00e9es. \u00bb<\/span><\/p>\n<p><span style=\"font-size: 18px;\">Le collectif a \u00e9galement exprim\u00e9 sa gratitude au pr\u00e9sident de la R\u00e9publique : \u00ab Entre le pr\u00e9sident Doumbouya et les victimes que nous sommes, il y a d\u00e9sormais un pacte. Un pacte non \u00e9crit qui est le symbole de notre reconnaissance \u00e0 un homme qui a d\u00e9cid\u00e9 de r\u00e9concilier les populations de Kaporo-Rails avec l\u2019\u00c9tat. \u00bb<\/span><\/p>\n<p><span style=\"font-size: 18px;\">De son c\u00f4t\u00e9, le ministre de l\u2019Habitat et de l\u2019Urbanisme, Mory Cond\u00e9, a insist\u00e9 sur la volont\u00e9 politique qui guide ce processus : \u00ab Cet homme est un homme de parole. Cet homme tient \u00e0 la justice. D\u00e8s les premi\u00e8res heures, il a annonc\u00e9 que la justice sera la boussole de sa gouvernance. Les trois axes de gouvernance qu\u2019il a pr\u00e9sent\u00e9s au peuple de Guin\u00e9e, c\u2019est l\u2019axe social que nous sommes en train de r\u00e9aliser \u00e0 travers ces moments de remise de titres fonciers individuels aux membres du collectif. \u00bb<\/span><\/p>\n<p><span style=\"font-size: 18px;\">Il a r\u00e9affirm\u00e9 l\u2019engagement de l\u2019\u00c9tat : \u00ab L\u2019activit\u00e9 ne s\u2019arr\u00eatera pas l\u00e0. L\u2019ensemble des 2600 familles victimes seront r\u00e9tablies int\u00e9gralement dans leurs droits. C\u2019est cela l\u2019engagement pris par le chef de l\u2019\u00c9tat et cet engagement, nous avons l\u2019obligation de le mat\u00e9rialiser. \u00bb<\/span><\/p>\n<p><span style=\"font-size: 18px;\">Pr\u00e9sidant la c\u00e9r\u00e9monie, le Premier ministre Amadou Oury Bah a soulign\u00e9 la port\u00e9e nationale de ce moment : \u00ab Aujourd\u2019hui, c\u2019est un grand jour pour l\u2019\u00c9tat guin\u00e9en de montrer que l\u2019\u00c9tat du renouveau, l\u2019\u00c9tat de la refondation est fortement engag\u00e9, conform\u00e9ment aux Assises nationales qui ont eu lieu courant l\u2019ann\u00e9e 2022, \u00e0 aller jusqu\u2019au bout dans la dynamique de r\u00e9conciliation nationale. \u00bb<\/span><\/p>\n<p><span style=\"font-size: 18px;\">Il a \u00e9galement rendu hommage aux victimes : \u00ab \u00c7a fera date, parce que je sais qu\u2019il y en a beaucoup parmi vous qui ont subi pendant des ann\u00e9es et des ann\u00e9es. Je pense \u00e0 ceux qui ont eu leurs familles compl\u00e8tement disloqu\u00e9es, des g\u00e9n\u00e9rations de jeunes gens qui se sont retrouv\u00e9s sans foyers, qui ont \u00e9t\u00e9 oblig\u00e9s de survivre. \u00bb<\/span><\/p>\n<p><span style=\"font-size: 18px;\">Enfin, il a rappel\u00e9 la dimension symbolique de la d\u00e9marche : \u00ab on ne peut pas r\u00e9parer totalement les d\u00e9g\u00e2ts que vous avez subis. Ceux qui sont vivants aujourd\u2019hui et ceux qui ne le sont pas. En guise de compensation modeste, ce n\u2019est qu\u2019un geste symbolique pour dire qu\u2019il faut tourner le regard vers le futur. \u00bb<\/span><\/p>\n<p><strong><span style=\"font-size: 18px;\">Abdoul Lory Sylla pour guinee7.com<\/span><\/strong><!--\/data\/user\/0\/com.samsung.android.app.notes\/files\/clipdata\/clipdata_bodytext_251127_221305_281.sdocx--><\/p>\n<p>L\u2019article <a href=\"https:\/\/www.guinee7.com\/2025\/11\/27\/deguerpis-de-conakry-premieres-reparations-apres-des-decennies-de-fractures\/\">D\u00e9guerpis de Conakry : premi\u00e8res r\u00e9parations apr\u00e8s des d\u00e9cennies de fractures<\/a> est apparu en premier sur <a href=\"https:\/\/www.guinee7.com\/\">Guinee7.com<\/a>.<\/p>\n<\/div>\n","protected":false},"excerpt":{"rendered":"<p>Quatorze mois apr\u00e8s la pr\u00e9sentation d\u2019un terrain destin\u00e9 au recasement des d\u00e9guerpis de Kaporo-Rails, Kip\u00e9 2 et Dimesse, expuls\u00e9s lors des op\u00e9rations de 1993, 1998, 2005 et 2018, le gouvernement guin\u00e9en vient de mat\u00e9rialiser une promesse longtemps attendue. Ce jeudi 27 novembre, les autorit\u00e9s ont proc\u00e9d\u00e9 \u00e0 la remise symbolique des premiers titres fonciers individuels &hellip;<\/p>\n","protected":false},"author":1,"featured_media":0,"comment_status":"closed","ping_status":"closed","sticky":false,"template":"","format":"standard","meta":{"footnotes":""},"categories":[2],"tags":[22],"_links":{"self":[{"href":"https:\/\/sn.ambaguinee.org\/index.php?rest_route=\/wp\/v2\/posts\/88298"}],"collection":[{"href":"https:\/\/sn.ambaguinee.org\/index.php?rest_route=\/wp\/v2\/posts"}],"about":[{"href":"https:\/\/sn.ambaguinee.org\/index.php?rest_route=\/wp\/v2\/types\/post"}],"author":[{"embeddable":true,"href":"https:\/\/sn.ambaguinee.org\/index.php?rest_route=\/wp\/v2\/users\/1"}],"replies":[{"embeddable":true,"href":"https:\/\/sn.ambaguinee.org\/index.php?rest_route=%2Fwp%2Fv2%2Fcomments&post=88298"}],"version-history":[{"count":0,"href":"https:\/\/sn.ambaguinee.org\/index.php?rest_route=\/wp\/v2\/posts\/88298\/revisions"}],"wp:attachment":[{"href":"https:\/\/sn.ambaguinee.org\/index.php?rest_route=%2Fwp%2Fv2%2Fmedia&parent=88298"}],"wp:term":[{"taxonomy":"category","embeddable":true,"href":"https:\/\/sn.ambaguinee.org\/index.php?rest_route=%2Fwp%2Fv2%2Fcategories&post=88298"},{"taxonomy":"post_tag","embeddable":true,"href":"https:\/\/sn.ambaguinee.org\/index.php?rest_route=%2Fwp%2Fv2%2Ftags&post=88298"}],"curies":[{"name":"wp","href":"https:\/\/api.w.org\/{rel}","templated":true}]}}