{"id":88341,"date":"2025-11-29T01:27:15","date_gmt":"2025-11-29T00:27:15","guid":{"rendered":"https:\/\/sn.ambaguinee.org\/?p=88341"},"modified":"2025-11-29T01:27:15","modified_gmt":"2025-11-29T00:27:15","slug":"guinee-plusieurs-colonels-promus-au-grade-de-general-de-brigade","status":"publish","type":"post","link":"https:\/\/sn.ambaguinee.org\/?p=88341","title":{"rendered":"Guin\u00e9e : plusieurs colonels promus au grade de g\u00e9n\u00e9ral de brigade"},"content":{"rendered":"<div>\n<div style=\"margin-bottom:20px;\"><img width=\"800\" height=\"837\"src=\"https:\/\/i0.wp.com\/www.guinee7.com\/wp-content\/uploads\/2024\/03\/Mamadi-Doumbouya.jpg?w=800&amp;ssl=1\" class=\"attachment-post-thumbnail size-post-thumbnail wp-post-image\" alt=\"\" decoding=\"async\" srcset=\"https:\/\/i0.wp.com\/www.guinee7.com\/wp-content\/uploads\/2024\/03\/Mamadi-Doumbouya.jpg?w=800&amp;ssl=1 800w, https:\/\/i0.wp.com\/www.guinee7.com\/wp-content\/uploads\/2024\/03\/Mamadi-Doumbouya.jpg?resize=287%2C300&amp;ssl=1 287w, https:\/\/i0.wp.com\/www.guinee7.com\/wp-content\/uploads\/2024\/03\/Mamadi-Doumbouya.jpg?resize=768%2C804&amp;ssl=1 768w\" sizes=\"(max-width: 800px) 100vw, 800px\"><\/div>\n<p><span style=\"font-size: 18px;\">Par d\u00e9cret pr\u00e9sidentiel, le chef de l\u2019\u00c9tat, Mamadi Doumbouya, a \u00e9lev\u00e9 deux officiers de l\u2019arm\u00e9e guin\u00e9enne au grade de g\u00e9n\u00e9ral de brigade. Le d\u00e9cret, lu ce vendredi 28 novembre 2025 \u00e0 la t\u00e9l\u00e9vision nationale, entre en vigueur \u00e0 partir du 1\u1d49\u02b3 janvier 2026. Les officiers concern\u00e9s sont :<\/span><\/p>\n<p><span style=\"font-size: 18px;\">Colonel Aguibou Mouctar Tall, matricule 17865 G<\/span><\/p>\n<p><span style=\"font-size: 18px;\">Colonel Sory Dabo, matricule 20311 G<\/span><\/p>\n<p><span style=\"font-size: 18px;\">Le Colonel Aguibou Mouctar Tall est l\u2019actuel commandant r\u00e9gional de la gendarmerie de Conakry.<\/span><\/p>\n<p><span style=\"font-size: 18px;\">Dans un autre d\u00e9cret, le pr\u00e9sident de la Transition a \u00e9galement \u00e9lev\u00e9 le Colonel Cheick Gadiri Cond\u00e9, matricule 202028 E, \u00e0 la dignit\u00e9 et \u00e0 l\u2019appellation de g\u00e9n\u00e9ral de brigade. Le Colonel Cheick Gadiri Cond\u00e9 est l\u2019actuel directeur g\u00e9n\u00e9ral des douanes guin\u00e9ennes.<\/span><\/p>\n<p><strong><span style=\"font-size: 18px;\">Bhoye Barry pour guinee7.com<\/span><\/strong><!--\/data\/user\/0\/com.samsung.android.app.notes\/files\/clipdata\/clipdata_bodytext_251128_220622_085.sdocx--><\/p>\n<p>L\u2019article <a href=\"https:\/\/www.guinee7.com\/2025\/11\/28\/guinee-plusieurs-colonels-promus-au-grade-de-general-de-brigade\/\">Guin\u00e9e : plusieurs colonels promus au grade de g\u00e9n\u00e9ral de brigade<\/a> est apparu en premier sur <a href=\"https:\/\/www.guinee7.com\/\">Guinee7.com<\/a>.<\/p>\n<\/div>\n","protected":false},"excerpt":{"rendered":"<p>Par d\u00e9cret pr\u00e9sidentiel, le chef de l\u2019\u00c9tat, Mamadi Doumbouya, a \u00e9lev\u00e9 deux officiers de l\u2019arm\u00e9e guin\u00e9enne au grade de g\u00e9n\u00e9ral de brigade. Le d\u00e9cret, lu ce vendredi 28 novembre 2025 \u00e0 la t\u00e9l\u00e9vision nationale, entre en vigueur \u00e0 partir du 1\u1d49\u02b3 janvier 2026. Les officiers concern\u00e9s sont : Colonel Aguibou Mouctar Tall, matricule 17865 G &hellip;<\/p>\n","protected":false},"author":1,"featured_media":0,"comment_status":"closed","ping_status":"closed","sticky":false,"template":"","format":"standard","meta":{"footnotes":""},"categories":[2],"tags":[22],"_links":{"self":[{"href":"https:\/\/sn.ambaguinee.org\/index.php?rest_route=\/wp\/v2\/posts\/88341"}],"collection":[{"href":"https:\/\/sn.ambaguinee.org\/index.php?rest_route=\/wp\/v2\/posts"}],"about":[{"href":"https:\/\/sn.ambaguinee.org\/index.php?rest_route=\/wp\/v2\/types\/post"}],"author":[{"embeddable":true,"href":"https:\/\/sn.ambaguinee.org\/index.php?rest_route=\/wp\/v2\/users\/1"}],"replies":[{"embeddable":true,"href":"https:\/\/sn.ambaguinee.org\/index.php?rest_route=%2Fwp%2Fv2%2Fcomments&post=88341"}],"version-history":[{"count":0,"href":"https:\/\/sn.ambaguinee.org\/index.php?rest_route=\/wp\/v2\/posts\/88341\/revisions"}],"wp:attachment":[{"href":"https:\/\/sn.ambaguinee.org\/index.php?rest_route=%2Fwp%2Fv2%2Fmedia&parent=88341"}],"wp:term":[{"taxonomy":"category","embeddable":true,"href":"https:\/\/sn.ambaguinee.org\/index.php?rest_route=%2Fwp%2Fv2%2Fcategories&post=88341"},{"taxonomy":"post_tag","embeddable":true,"href":"https:\/\/sn.ambaguinee.org\/index.php?rest_route=%2Fwp%2Fv2%2Ftags&post=88341"}],"curies":[{"name":"wp","href":"https:\/\/api.w.org\/{rel}","templated":true}]}}