{"id":88501,"date":"2025-12-02T05:22:14","date_gmt":"2025-12-02T04:22:14","guid":{"rendered":"https:\/\/sn.ambaguinee.org\/?p=88501"},"modified":"2025-12-02T05:22:14","modified_gmt":"2025-12-02T04:22:14","slug":"drame-evite-de-justesse-a-mafanco-evacuation-spectaculaire-dune-ecole-en-flammes","status":"publish","type":"post","link":"https:\/\/sn.ambaguinee.org\/?p=88501","title":{"rendered":"Drame \u00e9vit\u00e9 de justesse \u00e0 Mafanco : \u00e9vacuation spectaculaire d\u2019une \u00e9cole en flammes"},"content":{"rendered":"<div>\n<div style=\"margin-bottom:20px;\"><img width=\"758\" height=\"1080\"src=\"https:\/\/i0.wp.com\/www.guinee7.com\/wp-content\/uploads\/2025\/12\/IMG-20251201-WA0131.jpg?w=758&amp;ssl=1\" class=\"attachment-post-thumbnail size-post-thumbnail wp-post-image\" alt=\"\" decoding=\"async\" srcset=\"https:\/\/i0.wp.com\/www.guinee7.com\/wp-content\/uploads\/2025\/12\/IMG-20251201-WA0131.jpg?w=758&amp;ssl=1 758w, https:\/\/i0.wp.com\/www.guinee7.com\/wp-content\/uploads\/2025\/12\/IMG-20251201-WA0131.jpg?resize=211%2C300&amp;ssl=1 211w, https:\/\/i0.wp.com\/www.guinee7.com\/wp-content\/uploads\/2025\/12\/IMG-20251201-WA0131.jpg?resize=719%2C1024&amp;ssl=1 719w\" sizes=\"(max-width: 758px) 100vw, 758px\"><\/div>\n<p><span style=\"font-size: 18px;\">Un incendie s\u2019est d\u00e9clar\u00e9 dans la soir\u00e9e de ce lundi 1er d\u00e9cembre dans un immeuble inachev\u00e9 de cinq \u00e9tages abritant l\u2019\u00e9cole Elhadj Oumar Tall, au quartier Mafanco, dans la commune de Matam \u00e0 Conakry. Si aucune perte en vie humaine n\u2019a \u00e9t\u00e9 enregistr\u00e9e, l\u2019incident a provoqu\u00e9 une sc\u00e8ne de panique parmi les \u00e9l\u00e8ves, coinc\u00e9s dans les \u00e9tages sup\u00e9rieurs alors que la fum\u00e9e envahissait les salles de classe.<\/span><\/p>\n<p><span style=\"font-size: 18px;\">Selon plusieurs t\u00e9moignages recueillis sur place, l\u2019incendie a rapidement cr\u00e9\u00e9 un \u00e9pais \u00e9cran de fum\u00e9e, rendant toute \u00e9vacuation par les voies habituelles impossible. Face \u00e0 l\u2019urgence, des cordes ont \u00e9t\u00e9 install\u00e9es pour permettre aux enfants de descendre par l\u2019ext\u00e9rieur du b\u00e2timent.<\/span><\/p>\n<p><strong><span style=\"font-size: 18px;\">Un parent d\u2019\u00e9l\u00e8ve devenu sauveteur<\/span><\/strong><\/p>\n<p><span style=\"font-size: 18px;\">Parmi les premiers \u00e0 intervenir, Bangaly Nab\u00e9, parent d\u2019\u00e9l\u00e8ve, raconte avoir imm\u00e9diatement accouru apr\u00e8s avoir \u00e9t\u00e9 alert\u00e9.<\/span><\/p>\n<p><img data-recalc-dims=\"1\" decoding=\"async\" class=\"alignnone wp-image-124318 size-full\"src=\"https:\/\/i0.wp.com\/www.guinee7.com\/wp-content\/uploads\/2025\/12\/IMG-20251201-WA0132.jpg?w=899&amp;ssl=1\" alt=\"\" width=\"899\" height=\"539\" srcset=\"https:\/\/i0.wp.com\/www.guinee7.com\/wp-content\/uploads\/2025\/12\/IMG-20251201-WA0132.jpg?w=899&amp;ssl=1 899w, https:\/\/i0.wp.com\/www.guinee7.com\/wp-content\/uploads\/2025\/12\/IMG-20251201-WA0132.jpg?resize=300%2C180&amp;ssl=1 300w, https:\/\/i0.wp.com\/www.guinee7.com\/wp-content\/uploads\/2025\/12\/IMG-20251201-WA0132.jpg?resize=768%2C460&amp;ssl=1 768w\" sizes=\"(max-width: 899px) 100vw, 899px\"><\/p>\n<p><span style=\"font-size: 18px;\">Il dit avoir grimp\u00e9 \u00e0 mains nues pour participer au sauvetage des enfants : \u00ab j\u2019\u00e9tais \u00e0 la maison quand on m\u2019a appel\u00e9 que l\u2019incendie a pris l\u2019\u00e9cole de ma fille. Je me suis pr\u00e9cipit\u00e9 pour venir voir la situation. D\u00e8s que je suis venu, j\u2019ai pas cherch\u00e9 \u00e0 savoir qui est l\u2019enfant de qui ou qui est mon enfant. J\u2019ai automatiquement grimp\u00e9 la corde pour monter, afin de sauver les enfants. J\u2019ai trouv\u00e9 d\u00e9j\u00e0, qu\u2019ils avaient mis des cordes en place. On a continu\u00e9 \u00e0 sauver les enfants. \u00bb<\/span><\/p>\n<p><span style=\"font-size: 18px;\">Il revient ensuite sur le nombre d\u2019\u00e9l\u00e8ves pr\u00e9sents au moment des faits : \u00ab il y avait \u00e0 peu pr\u00e8s 600 \u00e9l\u00e8ves, je crois. Je n\u2019avais pas compt\u00e9. Mais c\u2019est une grande \u00e9cole. Je cherchais les enfants partout. Il y a d\u2019autres gamins qui disaient que j\u2019ai peur de descendre sur la corde. Donc c\u2019est pas facile avec les enfants, on a fait de notre mieux pour leur faire comprendre qu\u2019en descendant, il ne faut pas regarder en bas, sinon tu vas avoir peur. Personnellement, il y avait une fille handicap\u00e9e, je l\u2019ai mise sur mon dos, on est descendu ensemble. Il y avait un petit aussi, lui aussi je l\u2019ai mis sur mon dos parce que l\u2019enfant il \u00e9tait trop petit pour attraper la corde pour descendre. \u00bb<\/span><\/p>\n<p><strong><span style=\"font-size: 18px;\">Fum\u00e9e, chaleur et intervention des secours<\/span><\/strong><\/p>\n<p><span style=\"font-size: 18px;\">L\u2019\u00e9paisse fum\u00e9e a compliqu\u00e9 les op\u00e9rations de secours. \u00ab Il y a eu beaucoup de fum\u00e9e par rapport au feu et de la chaleur aussi. D\u00e8s apr\u00e8s maintenant l\u2019intervention des sapeurs-pompiers, on a eu acc\u00e8s maintenant au niveau des salles. Au moment o\u00f9 les enfants \u00e9taient tous partis, presque \u00bb, a-t-il expliqu\u00e9. <\/span><\/p>\n<p><span style=\"font-size: 18px;\">Bangaly Nab\u00e9 estime d\u2019ailleurs que les sapeurs-pompiers sont arriv\u00e9s \u00e0 temps : \u00ab oui, moi je peux dire qu\u2019ils sont venus \u00e0 temps. Parce que c\u2019est apr\u00e8s leur intervention, on a eu acc\u00e8s au niveau des salles, sinon on ne pouvait pas avoir acc\u00e8s. \u00bb<\/span><\/p>\n<p><strong><span style=\"font-size: 18px;\">Une \u00e9cole r\u00e9cemment transf\u00e9r\u00e9e dans un b\u00e2timent inachev\u00e9<\/span><\/strong><\/p>\n<p><span style=\"font-size: 18px;\">Selon le parent d\u2019\u00e9l\u00e8ve, l\u2019\u00e9cole occupait initialement un autre local : \u00ab l\u2019\u00e9cole aussi se trouve au niveau du 5\u00e8me, 4\u00e8me. Les enfants \u00e9tudient l\u00e0-bas. Leur \u00e9cole \u00e9tait de l\u2019autre c\u00f4t\u00e9, comme le propri\u00e9taire de l\u00e0-bas, q vendu l\u00e0-bas, et qu\u2019ils n\u2019ont pas trouv\u00e9 un local, ils ont transf\u00e9r\u00e9 l\u2019\u00e9cole ici pour ne pas que son activit\u00e9 reste \u00e0 l\u2019arr\u00eat. C\u2019est cette ann\u00e9e que l\u2019\u00e9cole a d\u00e9but\u00e9 ici, sinon \u00e7a fait longtemps que l\u2019\u00e9tage est l\u00e0, \u00e7a ne fonctionne m\u00eame pas. \u00bb<\/span><\/p>\n<p><strong><span style=\"font-size: 18px;\">Une \u00e9l\u00e8ve bless\u00e9e et d\u2019importants d\u00e9g\u00e2ts<\/span><\/strong><\/p>\n<p><span style=\"font-size: 18px;\">Si l\u2019incendie n\u2019a pas fait de victime, une \u00e9l\u00e8ve a \u00e9t\u00e9 gri\u00e8vement bless\u00e9e en chutant lors de l\u2019\u00e9vacuation. \u00ab d\u2019apr\u00e8s les informations que j\u2019ai re\u00e7ues ici, il y a une fille qui est tomb\u00e9e, son bras est cass\u00e9. Les autres \u00e9taient \u00e9touff\u00e9s, fatigu\u00e9s et la peur aussi. Sinon, il n\u2019y a pas eu la perte en vue humaine. \u00bb<\/span><\/p>\n<p><span style=\"font-size: 18px;\">Le bilan mat\u00e9riel est en revanche important : \u00ab les d\u00e9g\u00e2ts mat\u00e9riels sont consid\u00e9rables. Les tables bancs sont br\u00fbl\u00e9s. \u00bb<\/span><\/p>\n<p><strong><span style=\"font-size: 18px;\">Abdoul Lory Sylla pour guinee7.com<\/span><\/strong><!--\/data\/user\/0\/com.samsung.android.app.notes\/files\/clipdata\/clipdata_bodytext_251201_212817_981.sdocx--><\/p>\n<p>L\u2019article <a href=\"https:\/\/www.guinee7.com\/2025\/12\/01\/drame-evite-de-justesse-a-mafanco-evacuation-spectaculaire-dune-ecole-en-flammes\/\">Drame \u00e9vit\u00e9 de justesse \u00e0 Mafanco : \u00e9vacuation spectaculaire d\u2019une \u00e9cole en flammes<\/a> est apparu en premier sur <a href=\"https:\/\/www.guinee7.com\/\">Guinee7.com<\/a>.<\/p>\n<\/div>\n","protected":false},"excerpt":{"rendered":"<p>Un incendie s\u2019est d\u00e9clar\u00e9 dans la soir\u00e9e de ce lundi 1er d\u00e9cembre dans un immeuble inachev\u00e9 de cinq \u00e9tages abritant l\u2019\u00e9cole Elhadj Oumar Tall, au quartier Mafanco, dans la commune de Matam \u00e0 Conakry. Si aucune perte en vie humaine n\u2019a \u00e9t\u00e9 enregistr\u00e9e, l\u2019incident a provoqu\u00e9 une sc\u00e8ne de panique parmi les \u00e9l\u00e8ves, coinc\u00e9s dans &hellip;<\/p>\n","protected":false},"author":1,"featured_media":0,"comment_status":"closed","ping_status":"closed","sticky":false,"template":"","format":"standard","meta":{"footnotes":""},"categories":[2],"tags":[22],"_links":{"self":[{"href":"https:\/\/sn.ambaguinee.org\/index.php?rest_route=\/wp\/v2\/posts\/88501"}],"collection":[{"href":"https:\/\/sn.ambaguinee.org\/index.php?rest_route=\/wp\/v2\/posts"}],"about":[{"href":"https:\/\/sn.ambaguinee.org\/index.php?rest_route=\/wp\/v2\/types\/post"}],"author":[{"embeddable":true,"href":"https:\/\/sn.ambaguinee.org\/index.php?rest_route=\/wp\/v2\/users\/1"}],"replies":[{"embeddable":true,"href":"https:\/\/sn.ambaguinee.org\/index.php?rest_route=%2Fwp%2Fv2%2Fcomments&post=88501"}],"version-history":[{"count":0,"href":"https:\/\/sn.ambaguinee.org\/index.php?rest_route=\/wp\/v2\/posts\/88501\/revisions"}],"wp:attachment":[{"href":"https:\/\/sn.ambaguinee.org\/index.php?rest_route=%2Fwp%2Fv2%2Fmedia&parent=88501"}],"wp:term":[{"taxonomy":"category","embeddable":true,"href":"https:\/\/sn.ambaguinee.org\/index.php?rest_route=%2Fwp%2Fv2%2Fcategories&post=88501"},{"taxonomy":"post_tag","embeddable":true,"href":"https:\/\/sn.ambaguinee.org\/index.php?rest_route=%2Fwp%2Fv2%2Ftags&post=88501"}],"curies":[{"name":"wp","href":"https:\/\/api.w.org\/{rel}","templated":true}]}}