{"id":88666,"date":"2025-12-04T23:06:18","date_gmt":"2025-12-04T22:06:18","guid":{"rendered":"https:\/\/sn.ambaguinee.org\/?p=88666"},"modified":"2025-12-04T23:06:18","modified_gmt":"2025-12-04T22:06:18","slug":"guinee-mamadi-doumbouya-remanie-les-gouverneurs-de-regions","status":"publish","type":"post","link":"https:\/\/sn.ambaguinee.org\/?p=88666","title":{"rendered":"Guin\u00e9e : Mamadi Doumbouya remanie les gouverneurs de r\u00e9gions"},"content":{"rendered":"<div>\n<div style=\"margin-bottom:20px;\"><img width=\"800\" height=\"837\"src=\"https:\/\/i0.wp.com\/www.guinee7.com\/wp-content\/uploads\/2024\/03\/Mamadi-Doumbouya.jpg?w=800&amp;ssl=1\" class=\"attachment-post-thumbnail size-post-thumbnail wp-post-image\" alt=\"\" decoding=\"async\" loading=\"lazy\" srcset=\"https:\/\/i0.wp.com\/www.guinee7.com\/wp-content\/uploads\/2024\/03\/Mamadi-Doumbouya.jpg?w=800&amp;ssl=1 800w, https:\/\/i0.wp.com\/www.guinee7.com\/wp-content\/uploads\/2024\/03\/Mamadi-Doumbouya.jpg?resize=287%2C300&amp;ssl=1 287w, https:\/\/i0.wp.com\/www.guinee7.com\/wp-content\/uploads\/2024\/03\/Mamadi-Doumbouya.jpg?resize=768%2C804&amp;ssl=1 768w\" sizes=\"auto, (max-width: 800px) 100vw, 800px\"><\/div>\n<p><span style=\"font-size: 18px;\">\u00c0 quelques semaines de l\u2019\u00e9lection pr\u00e9sidentielle pr\u00e9vue le 28 d\u00e9cembre 2025, le pr\u00e9sident de la Transition, le G\u00e9n\u00e9ral Mamadi Doumbouya, a proc\u00e9d\u00e9 \u00e0 un vaste remaniement au sein des gouvernorats du pays.<\/span><br \/><span style=\"font-size: 18px;\">\u00c0 travers un d\u00e9cret publi\u00e9 le mercredi 3 d\u00e9cembre 2025, sept gouverneurs sur les huit r\u00e9gions administratives ont \u00e9t\u00e9 mut\u00e9s. Seule la G\u00e9n\u00e9rale Mahawa Sylla conserve son poste \u00e0 la t\u00eate de la r\u00e9gion de Conakry.<\/span><\/p>\n<p><span style=\"font-size: 18px;\">Voici la nouvelle configuration :<\/span><\/p>\n<p><span style=\"font-size: 18px;\">R\u00e9gion administrative de Conakry<\/span><\/p>\n<p><span style=\"font-size: 18px;\">Gouverneur : G\u00e9n\u00e9rale Mahawa Sylla<\/span><\/p>\n<p><span style=\"font-size: 18px;\">R\u00e9gion administrative de Nz\u00e9r\u00e9kor\u00e9<\/span><\/p>\n<p><span style=\"font-size: 18px;\">Gouverneur : Col. Moussa Cond\u00e9<\/span><\/p>\n<p><span style=\"font-size: 18px;\">R\u00e9gion administrative de Kankan<\/span><\/p>\n<p><span style=\"font-size: 18px;\">Gouverneur : Colonel Ali Badara Camara<\/span><\/p>\n<p><span style=\"font-size: 18px;\">R\u00e9gion administrative de Faranah<\/span><\/p>\n<p><span style=\"font-size: 18px;\">Gouverneur : Commissaire g\u00e9n\u00e9ral de police Lamine Keita<\/span><\/p>\n<p><span style=\"font-size: 18px;\">\u2060R\u00e9gion administrative de Kindia<\/span><\/p>\n<p><span style=\"font-size: 18px;\">Gouverneur : Contr\u00f4leur g\u00e9n\u00e9ral de police Mamadou Camara<\/span><\/p>\n<p><span style=\"font-size: 18px;\">R\u00e9gion administrative de Bok\u00e9<\/span><\/p>\n<p><span style=\"font-size: 18px;\">Gouverneur : G\u00e9n\u00e9ral Aboubacar Diakit\u00e9<\/span><\/p>\n<p><span style=\"font-size: 18px;\">R\u00e9gion administrative de Lab\u00e9<\/span><\/p>\n<p><span style=\"font-size: 18px;\">Gouverneur : G\u00e9n\u00e9ral Boundouka Cond\u00e9<\/span><\/p>\n<p><span style=\"font-size: 18px;\">R\u00e9gion administrative de Mamou<\/span><\/p>\n<p><span style=\"font-size: 18px;\">Gouverneur de Mamou : Colonel Robert Soumah<\/span><\/p>\n<p><strong><span style=\"font-size: 18px;\">Bhoye Barry pour guinee7.com<\/span><\/strong><!--\/data\/user\/0\/com.samsung.android.app.notes\/files\/clipdata\/clipdata_bodytext_251204_154424_694.sdocx--><\/p>\n<p>L\u2019article <a href=\"https:\/\/www.guinee7.com\/2025\/12\/04\/guinee-mamadi-doumbouya-remanie-les-gouverneurs-de-regions\/\">Guin\u00e9e : Mamadi Doumbouya remanie les gouverneurs de r\u00e9gions<\/a> est apparu en premier sur <a href=\"https:\/\/www.guinee7.com\/\">Guinee7.com<\/a>.<\/p>\n<\/div>\n","protected":false},"excerpt":{"rendered":"<p>\u00c0 quelques semaines de l\u2019\u00e9lection pr\u00e9sidentielle pr\u00e9vue le 28 d\u00e9cembre 2025, le pr\u00e9sident de la Transition, le G\u00e9n\u00e9ral Mamadi Doumbouya, a proc\u00e9d\u00e9 \u00e0 un vaste remaniement au sein des gouvernorats du pays.\u00c0 travers un d\u00e9cret publi\u00e9 le mercredi 3 d\u00e9cembre 2025, sept gouverneurs sur les huit r\u00e9gions administratives ont \u00e9t\u00e9 mut\u00e9s. Seule la G\u00e9n\u00e9rale Mahawa &hellip;<\/p>\n","protected":false},"author":1,"featured_media":0,"comment_status":"closed","ping_status":"closed","sticky":false,"template":"","format":"standard","meta":{"footnotes":""},"categories":[2],"tags":[22],"_links":{"self":[{"href":"https:\/\/sn.ambaguinee.org\/index.php?rest_route=\/wp\/v2\/posts\/88666"}],"collection":[{"href":"https:\/\/sn.ambaguinee.org\/index.php?rest_route=\/wp\/v2\/posts"}],"about":[{"href":"https:\/\/sn.ambaguinee.org\/index.php?rest_route=\/wp\/v2\/types\/post"}],"author":[{"embeddable":true,"href":"https:\/\/sn.ambaguinee.org\/index.php?rest_route=\/wp\/v2\/users\/1"}],"replies":[{"embeddable":true,"href":"https:\/\/sn.ambaguinee.org\/index.php?rest_route=%2Fwp%2Fv2%2Fcomments&post=88666"}],"version-history":[{"count":0,"href":"https:\/\/sn.ambaguinee.org\/index.php?rest_route=\/wp\/v2\/posts\/88666\/revisions"}],"wp:attachment":[{"href":"https:\/\/sn.ambaguinee.org\/index.php?rest_route=%2Fwp%2Fv2%2Fmedia&parent=88666"}],"wp:term":[{"taxonomy":"category","embeddable":true,"href":"https:\/\/sn.ambaguinee.org\/index.php?rest_route=%2Fwp%2Fv2%2Fcategories&post=88666"},{"taxonomy":"post_tag","embeddable":true,"href":"https:\/\/sn.ambaguinee.org\/index.php?rest_route=%2Fwp%2Fv2%2Ftags&post=88666"}],"curies":[{"name":"wp","href":"https:\/\/api.w.org\/{rel}","templated":true}]}}