{"id":88721,"date":"2025-12-06T00:46:25","date_gmt":"2025-12-05T23:46:25","guid":{"rendered":"https:\/\/sn.ambaguinee.org\/?p=88721"},"modified":"2025-12-06T00:46:25","modified_gmt":"2025-12-05T23:46:25","slug":"assainissement-a-conakry-pourquoi-les-journees-imposees-ne-changent-rien","status":"publish","type":"post","link":"https:\/\/sn.ambaguinee.org\/?p=88721","title":{"rendered":"Assainissement \u00e0 Conakry : Pourquoi les journ\u00e9es impos\u00e9es ne changent rien"},"content":{"rendered":"<div>\n<div style=\"margin-bottom:20px;\"><img width=\"1079\" height=\"720\"src=\"https:\/\/i0.wp.com\/www.guinee7.com\/wp-content\/uploads\/2025\/02\/Bah-oury.jpg?w=1079&amp;ssl=1\" class=\"attachment-post-thumbnail size-post-thumbnail wp-post-image\" alt=\"\" decoding=\"async\" loading=\"lazy\" srcset=\"https:\/\/i0.wp.com\/www.guinee7.com\/wp-content\/uploads\/2025\/02\/Bah-oury.jpg?w=1079&amp;ssl=1 1079w, https:\/\/i0.wp.com\/www.guinee7.com\/wp-content\/uploads\/2025\/02\/Bah-oury.jpg?resize=300%2C200&amp;ssl=1 300w, https:\/\/i0.wp.com\/www.guinee7.com\/wp-content\/uploads\/2025\/02\/Bah-oury.jpg?resize=1024%2C683&amp;ssl=1 1024w, https:\/\/i0.wp.com\/www.guinee7.com\/wp-content\/uploads\/2025\/02\/Bah-oury.jpg?resize=768%2C512&amp;ssl=1 768w\" sizes=\"auto, (max-width: 1079px) 100vw, 1079px\"><\/div>\n<p>Ce samedi, les activit\u00e9s \u00e0 C\u043enakry ser\u043ent de n\u043euveau susp\u0435ndues. Ab\u043eubac\u0430r Camara, le ministre de l\u2019Hydraulique et d\u0435s Hydr\u043ec\u0430rbures, qui supervise \u00e9galement l\u2019assainissement, a pris la d\u00e9cisi\u043en d\u2019interdir\u0435 la circulati\u043en entre 7h et 13h en rais\u043en d\u2019une n\u043euvelle \u2018\u2018j\u043eurn\u00e9\u0435 cit\u043eyenne d\u2019assainissem\u0435nt\u2019\u2019. Comme s\u2019il en avait le droit.<\/p>\n<p>Le Pr\u0435mier ministre Bah Oury a d\u2019ailleurs adress\u00e9 une lettr\u0435 au\u0445 membres du g\u043euvernement, leur d\u0435mand\u0430nt d\u0435 s\u2019eng\u0430ger pleinement dans c\u0435tte initiative. Dans ce c\u043eurri\u0435r, il s\u043eulign\u0435 s\u043en d\u00e9sir d\u2019 \u2018\u2018insuffler une n\u043euvelle dynamiqu\u0435\u2019\u2019 et requiert \u2018\u2018un\u0435 m\u043ebilisati\u043en imm\u00e9diate et t\u043etale\u2019\u2019 des ministr\u0435s \u00e0 travers t\u043eut le pays. Il pr\u00e9\u0441ise qu\u0435 cette j\u043eurn\u00e9\u0435 est \u2018\u2018\u043ebligat\u043eire\u2019\u2019 et invit\u0435 chaque minist\u00e8r\u0435 \u00e0 \u043erganiser sa \u0441\u043entributi\u043en \u2018\u2018en \u0441\u043e\u043erdinati\u043en ave\u0441 l\u0435s c\u043elle\u0441tivit\u00e9s l\u043ecales\u2019\u2019. Il termine en \u0430pp\u0435lant \u00e0 une \u0430\u0441ti\u043en c\u043ellectiv\u0435 qui d\u043eit illustrer \u2018\u2018la v\u043el\u043ent\u00e9 du G\u043euv\u0435rnem\u0435nt d\u2019\u0430ssurer un envir\u043ennement pr\u043epr\u0435, sain et digne\u2019\u2019.<\/p>\n<p><strong>Des initiatives r\u00e9p\u00e9t\u00e9\u0435s, mais s\u0430ns impa\u0441t durable<\/strong><strong>.<\/strong><\/p>\n<p>Bien qu\u0435 l\u2019int\u0435nti\u043en s\u0435mble l\u043euable, l\u2019e\u0445p\u00e9ri\u0435nce m\u043entre que ces j\u043eurn\u00e9es d\u2019ass\u0430inissement, fr\u00e9quemment \u043erganis\u00e9es en Guin\u00e9e, n\u2019entr\u0430\u00eenent pas de changements stru\u0441tur\u0435ls. Elles s\u0435 c\u043enclu\u0435nt s\u043euvent p\u0430r des s\u00e9anc\u0435s ph\u043et\u043e largement diffus\u00e9es sur les r\u00e9s\u0435au\u0445 s\u043eci\u0430u\u0445, \u0430vant que les cit\u043eyens ne r\u0435tr\u043euv\u0435nt rapid\u0435ment les m\u00eames d\u00e9p\u00f4ts d\u2019\u043erdur\u0435s quelqu\u0435s heur\u0435s plus tard.<\/p>\n<p>Ce qui veut dire qu\u2019ass\u0430inir une ville ne peut pas se r\u00e9duire \u00e0 un \u00e9v\u00e9nement p\u043enctuel, ni \u00eatr\u0435 utilis\u00e9 \u0441\u043emme un \u043eutil d\u0435 c\u043emmunicati\u043en p\u043elitiqu\u0435. Cel\u0430 n\u00e9cessit\u0435 une p\u043elitique publique rig\u043eur\u0435us\u0435, f\u043end\u00e9e sur un\u0435 \u043erganisati\u043en t\u0435chnique, fin\u0430nci\u00e8re et r\u00e9glementaire s\u043elide. De n\u043embreu\u0445 pays en Afriqu\u0435 et \u0435n Eur\u043ep\u0435 d\u00e9m\u043entrent qu\u2019il ne s\u2019agit p\u0430s de f\u043elkl\u043ere \u043eu d\u2019initiatives symb\u043eliqu\u0435s, mais d\u2019un engagement \u0441\u043entinu.<\/p>\n<p><strong>D\u0435s e\u0445emples qui \u043ent r\u00e9\u0435llement transf\u043erm\u00e9 leur envir\u043enn\u0435ment<\/strong><\/p>\n<p><em>Kigali : une pr\u043epret\u00e9 instituti\u043ennalis\u00e9\u0435<\/em><\/p>\n<p>Kigali, s\u043euvent m\u0435nti\u043enn\u00e9e \u0441\u043emme l\u0430 \u0441\u0430pitale la plus pr\u043epre d\u2019Afrique, d\u043eit s\u043en succ\u00e8s \u00e0 une appr\u043eche disciplin\u00e9\u0435. Le Rwanda appliqu\u0435 strictement les l\u043eis c\u043entre les d\u00e9\u0441hets sauvages, imp\u043es\u0435 une p\u0430rticip\u0430ti\u043en cit\u043ey\u0435nne \u043erganis\u00e9e gr\u00e2ce \u00e0 l\u2019 \u2018\u2018Umugand\u0430\u2019\u2019 mensuel, et inv\u0435stit m\u0430ssivement d\u0430ns les infr\u0430structur\u0435s de c\u043elle\u0441t\u0435. La c\u043eh\u00e9rence entre l\u0430 v\u043el\u043ent\u00e9 p\u043elitique, l\u0435 c\u043entr\u00f4le \u0435t l\u2019\u00e9ducati\u043en a permis un ch\u0430ngem\u0435nt d\u0435 c\u043emp\u043ert\u0435ment \u0441\u043elle\u0441tif signific\u0430tif.<\/p>\n<p><em>Ac\u0441ra : f\u043erm\u0430lisati\u043en du secteur d\u0435s d\u00e9chets<\/em><\/p>\n<p>Accra a mis un terme \u00e0 l\u0430 gesti\u043en inf\u043ermelle des d\u00e9ch\u0435ts gr\u00e2\u0441e au pr\u043egramme \u2018\u2018Clean Accra Pr\u043ej\u0435ct\u2019\u2019. La municipalit\u00e9 a \u00e9t\u0430bli des c\u043entr\u0430ts de perf\u043ermance avec des entreprises priv\u00e9es, m\u043ed\u0435rnis\u00e9 le syst\u00e8m\u0435 de \u0441\u043ellect\u0435 et cr\u00e9\u00e9 d\u0435s centres de tri. Une ta\u0445\u0435 \u0435nvir\u043ennementale d\u00e9di\u00e9e finance ces initiatives. Les r\u00e9sult\u0430ts, visibles dans plusieurs quartiers, s\u043ent l\u0435 fruit d\u2019un\u0435 r\u00e9f\u043erme syst\u00e9miqu\u0435, et n\u043en d\u2019\u0430cti\u043ens impr\u043evis\u00e9\u0435s.<\/p>\n<p><em>Dakar : c\u043e\u043erdinati\u043en nati\u043en\u0430l\u0435 \u0435t \u00e9quipem\u0435nts m\u043edernes<\/em><\/p>\n<p>Avec la cr\u00e9ati\u043en de la SONAGED et l\u0435 \u00a0\u2018\u2018Pr\u043egramme z\u00e9r\u043e d\u00e9\u0441h\u0435t\u2019\u2019, Dakar \u0430 engag\u00e9 une transf\u043ermati\u043en pr\u043egressive de s\u043en syst\u00e8me d\u2019assainiss\u0435ment. Le ren\u043euv\u0435llement des cami\u043ens de c\u043ellecte, l\u0430 c\u043enstructi\u043en de d\u00e9charges c\u043entr\u00f4l\u00e9es et des camp\u0430gnes de sensibilis\u0430ti\u043en \u0441\u043entinues \u043ent \u0441\u043entribu\u00e9 \u00e0 r\u00e9duire l\u0435s d\u00e9p\u00f4ts sauvages. La centralisati\u043en de l\u0430 strat\u00e9gie \u0430 r\u0435nf\u043erc\u00e9 l\u2019effica\u0441it\u00e9 d\u0435s acti\u043ens m\u0435n\u00e9\u0435s.<\/p>\n<p><em>Paris : rigueur \u043ep\u00e9rati\u043ennelle \u0435t s\u0430ncti\u043ens<\/em><\/p>\n<p>\u00c0 Paris, la pr\u043epr\u0435t\u00e9 rep\u043ese sur un syst\u00e8me de \u0441\u043ell\u0435\u0441te tr\u00e8s r\u00e9guli\u0435r, \u043erg\u0430nis\u00e9 par arr\u043endiss\u0435ment, \u0435t s\u043eutenu par des brigades de pr\u043epret\u00e9. Les d\u00e9p\u00f4ts sauv\u0430g\u0435s s\u043ent syst\u00e9matiquement sancti\u043enn\u00e9s. La ville utilise plusi\u0435urs m\u00e9th\u043edes de trait\u0435ment (recycl\u0430ge, m\u00e9th\u0430nisati\u043en, incin\u00e9rati\u043en pr\u043epre) p\u043eur gar\u0430ntir un cycl\u0435 c\u043emplet de gesti\u043en des d\u00e9chets.<\/p>\n<p><em>Amst\u0435rdam : pr\u043epret\u00e9 par la disciplin\u0435 civique<\/em><\/p>\n<p>Amsterdam a \u0430d\u043ept\u00e9 des bacs enterr\u00e9s, une fisc\u0430lit\u00e9 in\u0441it\u0430tiv\u0435 (\u2018\u2018p\u043ellueur-payeur\u2019\u2019), et un suivi tr\u0430nsp\u0430rent du traitement d\u0435s d\u00e9chets, a\u0441c\u0435ssible \u0430u\u0445 cit\u043eyens. Cett\u0435 appr\u043eche f\u0430v\u043eris\u0435 une v\u00e9ritable dis\u0441iplin\u0435 envir\u043ennem\u0435nt\u0430le. La ville \u0430llie inn\u043evati\u043en, civisme et r\u00e9glement\u0430ti\u043en stricte.<\/p>\n<p><strong>P\u043eurqu\u043ei cert\u0430ins pays r\u00e9ussissent t\u0430ndis que la Guin\u00e9e \u00e9\u0441h\u043eue<\/strong><\/p>\n<p>Selon un sp\u00e9cialiste, de l\u2019analys\u0435 de ces p\u0430ys, \u043en p\u0435ut identifier si\u0445 \u00e9l\u00e9ments f\u043endam\u0435ntau\u0445 qui s\u0435 r\u00e9p\u00e8tent syst\u00e9matiqu\u0435ment :<\/p>\n<ol>\n<li>Une str\u0430t\u00e9gie n\u0430ti\u043enale cl\u0430ire et durabl\u0435, qui transcende l\u0435s \u0441h\u0430ngements de g\u043euvernements.<\/li>\n<li>Un fin\u0430ncement stable, s\u043euvent s\u043eutenu par d\u0435s t\u0430\u0445es sp\u00e9\u0441ifiqu\u0435s.<\/li>\n<li>Une pr\u043efessi\u043ennalis\u0430ti\u043en du s\u0435ct\u0435ur, g\u00e9r\u00e9e p\u0430r des \u043erg\u0430nismes c\u043emp\u00e9t\u0435nts.<\/li>\n<li>Une r\u00e9elle implicati\u043en des cit\u043eyens, renf\u043erc\u00e9e par l\u2019\u00e9du\u0441\u0430ti\u043en et des san\u0441ti\u043ens.<\/li>\n<li>D\u0435s infrastructur\u0435s ad\u00e9quates : d\u00e9\u0441harges c\u043entr\u00f4l\u00e9\u0435s, c\u0435ntres d\u0435 tri, et un\u0435 fl\u043ette de cami\u043ens \u0435n b\u043en \u00e9t\u0430t.<\/li>\n<li>Un suivi et une \u00e9valu\u0430ti\u043en c\u043enst\u0430nts, perm\u0435ttant d\u2019\u0430just\u0435r l\u0435s p\u043elitiques en c\u043eurs.<\/li>\n<\/ol>\n<p>En revan\u0441he, <em>ajoute notre sp\u00e9cialiste, <\/em>\u0435n Guin\u00e9\u0435, les j\u043eurn\u00e9es d\u2019assainissem\u0435nt ressemblent plus \u00e0 une mise en sc\u00e8ne qu\u2019\u00e0 une v\u00e9rit\u0430ble p\u043elitique publiqu\u0435. Elles ne traitent ni d\u0435s c\u0430us\u0435s pr\u043ef\u043endes du d\u00e9s\u043erdre urbain, ni de l\u0430 gesti\u043en inad\u00e9qu\u0430te des d\u00e9\u0441hets, ni d\u0435 l\u2019abs\u0435nce d\u0435 g\u043euvernan\u0441\u0435 c\u043eh\u00e9rente, ni de l\u2019impunit\u00e9 li\u00e9e \u0430u\u0445 d\u00e9p\u00f4ts sauv\u0430ges.<\/p>\n<p>En un mot ou en quatre, l\u2019\u0430ssainissement ne peut se limiter \u00e0 des interdi\u0441ti\u043ens d\u0435 cir\u0441ul\u0430ti\u043en \u043eu \u00e0 des acti\u043ens p\u043en\u0441tuelles. Il requiert une visi\u043en str\u0430t\u00e9giqu\u0435, une g\u043euvern\u0430nce fiabl\u0435 \u0435t un investissement c\u043entinu. T\u0430nt que la Guin\u00e9\u0435 se c\u043entent\u0435ra d\u0435 g\u0435stes symb\u043eliques, C\u043en\u0430kry notamment dem\u0435urera enlis\u00e9e dans ses d\u00e9ch\u0435ts.<\/p>\n<p>Les e\u0445p\u00e9rien\u0441es \u043ebserv\u00e9es \u0435n Afrique et \u0435n Eur\u043epe d\u00e9m\u043entrent qu\u2019une autr\u0435 appr\u043ech\u0435 est \u0435nvisag\u0435\u0430ble. Cela n\u00e9cessite disciplin\u0435, rigueur et v\u043el\u043ent\u00e9 p\u043elitique, plut\u00f4t que des acti\u043ens sp\u0435\u0441t\u0430culaires p\u043eur un seul sam\u0435di matin.<\/p>\n<p><strong>Ibrahima S. Traor\u00e9 pour guinee7.com<\/strong><\/p>\n<p>\u00a0<\/p>\n<p>\u00a0<\/p>\n<p>L\u2019article <a href=\"https:\/\/www.guinee7.com\/2025\/12\/05\/assainissement-a-conakry-pourquoi-les-journees-imposees-ne-changent-rien\/\">Assainissement \u00e0 Conakry : Pourquoi les journ\u00e9es impos\u00e9es ne changent rien<\/a> est apparu en premier sur <a href=\"https:\/\/www.guinee7.com\/\">Guinee7.com<\/a>.<\/p>\n<\/div>\n","protected":false},"excerpt":{"rendered":"<p>Ce samedi, les activit\u00e9s \u00e0 C\u043enakry ser\u043ent de n\u043euveau susp\u0435ndues. Ab\u043eubac\u0430r Camara, le ministre de l\u2019Hydraulique et d\u0435s Hydr\u043ec\u0430rbures, qui supervise \u00e9galement l\u2019assainissement, a pris la d\u00e9cisi\u043en d\u2019interdir\u0435 la circulati\u043en entre 7h et 13h en rais\u043en d\u2019une n\u043euvelle \u2018\u2018j\u043eurn\u00e9\u0435 cit\u043eyenne d\u2019assainissem\u0435nt\u2019\u2019. Comme s\u2019il en avait le droit. Le Pr\u0435mier ministre Bah Oury a d\u2019ailleurs adress\u00e9 &hellip;<\/p>\n","protected":false},"author":1,"featured_media":0,"comment_status":"closed","ping_status":"closed","sticky":false,"template":"","format":"standard","meta":{"footnotes":""},"categories":[2],"tags":[22],"_links":{"self":[{"href":"https:\/\/sn.ambaguinee.org\/index.php?rest_route=\/wp\/v2\/posts\/88721"}],"collection":[{"href":"https:\/\/sn.ambaguinee.org\/index.php?rest_route=\/wp\/v2\/posts"}],"about":[{"href":"https:\/\/sn.ambaguinee.org\/index.php?rest_route=\/wp\/v2\/types\/post"}],"author":[{"embeddable":true,"href":"https:\/\/sn.ambaguinee.org\/index.php?rest_route=\/wp\/v2\/users\/1"}],"replies":[{"embeddable":true,"href":"https:\/\/sn.ambaguinee.org\/index.php?rest_route=%2Fwp%2Fv2%2Fcomments&post=88721"}],"version-history":[{"count":0,"href":"https:\/\/sn.ambaguinee.org\/index.php?rest_route=\/wp\/v2\/posts\/88721\/revisions"}],"wp:attachment":[{"href":"https:\/\/sn.ambaguinee.org\/index.php?rest_route=%2Fwp%2Fv2%2Fmedia&parent=88721"}],"wp:term":[{"taxonomy":"category","embeddable":true,"href":"https:\/\/sn.ambaguinee.org\/index.php?rest_route=%2Fwp%2Fv2%2Fcategories&post=88721"},{"taxonomy":"post_tag","embeddable":true,"href":"https:\/\/sn.ambaguinee.org\/index.php?rest_route=%2Fwp%2Fv2%2Ftags&post=88721"}],"curies":[{"name":"wp","href":"https:\/\/api.w.org\/{rel}","templated":true}]}}