{"id":88749,"date":"2025-12-07T04:35:17","date_gmt":"2025-12-07T03:35:17","guid":{"rendered":"https:\/\/sn.ambaguinee.org\/?p=88749"},"modified":"2025-12-07T04:35:17","modified_gmt":"2025-12-07T03:35:17","slug":"un-festival-de-resilience-et-dunite-la-guinee-fete-son-patrimoine-a-koundara","status":"publish","type":"post","link":"https:\/\/sn.ambaguinee.org\/?p=88749","title":{"rendered":"Un festival de r\u00e9silience et d\u2019unit\u00e9 : la Guin\u00e9e f\u00eate son patrimoine \u00e0 Koundara"},"content":{"rendered":"<div>\n<div style=\"margin-bottom:20px;\"><img width=\"1080\" height=\"608\"src=\"https:\/\/i0.wp.com\/www.guinee7.com\/wp-content\/uploads\/2025\/12\/IMG-20251206-WA0002.jpg?w=1080&amp;ssl=1\" class=\"attachment-post-thumbnail size-post-thumbnail wp-post-image\" alt=\"\" decoding=\"async\" loading=\"lazy\" srcset=\"https:\/\/i0.wp.com\/www.guinee7.com\/wp-content\/uploads\/2025\/12\/IMG-20251206-WA0002.jpg?w=1080&amp;ssl=1 1080w, https:\/\/i0.wp.com\/www.guinee7.com\/wp-content\/uploads\/2025\/12\/IMG-20251206-WA0002.jpg?resize=300%2C169&amp;ssl=1 300w, https:\/\/i0.wp.com\/www.guinee7.com\/wp-content\/uploads\/2025\/12\/IMG-20251206-WA0002.jpg?resize=1024%2C576&amp;ssl=1 1024w, https:\/\/i0.wp.com\/www.guinee7.com\/wp-content\/uploads\/2025\/12\/IMG-20251206-WA0002.jpg?resize=768%2C432&amp;ssl=1 768w\" sizes=\"auto, (max-width: 1080px) 100vw, 1080px\"><\/div>\n<p><span style=\"font-size: 18px;\">La ville de Koundara a vibr\u00e9 ce vendredi au rythme du Festival national des arts et de la culture (FENAC), dont la 20\u1d49 \u00e9dition a \u00e9t\u00e9 officiellement lanc\u00e9e dans une ambiance grandiose. \u00c0 l\u2019art\u00e8re principale, un carnaval g\u00e9ant a donn\u00e9 le ton des festivit\u00e9s, marquant l\u2019ouverture d\u2019un rendez-vous qui c\u00e9l\u00e8bre la diversit\u00e9 culturelle guin\u00e9enne depuis deux d\u00e9cennies.<\/span><\/p>\n<p><strong><span style=\"font-size: 18px;\">Un carnaval haut en couleurs pour ouvrir le bal<\/span> <\/strong><\/p>\n<p><span style=\"font-size: 18px;\">Les festivit\u00e9s ont d\u00e9but\u00e9 par un d\u00e9fil\u00e9 spectaculaire m\u00ealant troupes artistiques, porteurs de masques traditionnels et une population massivement mobilis\u00e9e.<\/span><br \/><span style=\"font-size: 18px;\">Le ministre de la Culture et de l\u2019Artisanat, Moussa Mo\u00efse Sylla, accompagn\u00e9 du ministre de la Fonction publique, Faya Fran\u00e7ois Bourouno, et du ministre du Tourisme, Mahamadou Abdoulaye Diallo, est arriv\u00e9 sur les lieux aux environs de 18 heures, en plein c\u0153ur du carnaval. Leur pr\u00e9sence a \u00e9t\u00e9 salu\u00e9e par une vague d\u2019acclamations, avant qu\u2019ils ne parcourent \u00e0 pied pr\u00e8s de quatre kilom\u00e8tres aux c\u00f4t\u00e9s de la foule pour rejoindre le site officiel de la c\u00e9r\u00e9monie d\u2019ouverture.<\/span><\/p>\n<p><strong><span style=\"font-size: 18px;\">Les masques et les troupes r\u00e9gionales en vedette<\/span><\/strong><\/p>\n<p><span style=\"font-size: 18px;\">Parmi les prestations les plus marquantes figuraient des masques traditionnels embl\u00e9matiques : le masque protecteur Konso, venu de Gaoual et appartenant \u00e0 la communaut\u00e9 mandingue ; le masque Kankoura, masque Bandiarank\u00e9 du Badiara, r\u00e9put\u00e9 pour prot\u00e9ger les enfants en p\u00e9riode de circoncision.<\/span><\/p>\n<p><span style=\"font-size: 18px;\">Des troupes venues de Conakry, Bok\u00e9, Kindia, Mamou, Lab\u00e9, Kankan et Nz\u00e9r\u00e9kor\u00e9 ont \u00e9galement offert au public des chor\u00e9graphies vari\u00e9es, t\u00e9moignant de la richesse artistique des huit r\u00e9gions naturelles.<\/span><\/p>\n<p><strong><span style=\"font-size: 18px;\">Koundara, \u201ccarrefour culturel et espace d\u2019hospitalit\u00e9\u201d<\/span><\/strong><\/p>\n<p><span style=\"font-size: 18px;\">Dans son discours, le pr\u00e9sident de la d\u00e9l\u00e9gation sp\u00e9ciale a soulign\u00e9 l\u2019importance culturelle de Koundara, d\u00e9crite non seulement comme une ville frontali\u00e8re, mais aussi comme \u00ab un carrefour culturel, un espace de partage et d\u2019hospitalit\u00e9 \u00bb.<\/span><\/p>\n<p><span style=\"font-size: 18px;\">Il a soulign\u00e9 que depuis vingt ans, le FENAC c\u00e9l\u00e8bre la diversit\u00e9, valorise les traditions et donne une voix aux artistes des diff\u00e9rentes r\u00e9gions. Pour lui, cette \u00e9dition-jubil\u00e9 incarne \u00ab la constance, l\u2019engagement et la r\u00e9silience \u00bb de ceux qui ont port\u00e9 le festival jusqu\u2019\u00e0 aujourd\u2019hui.<\/span><\/p>\n<p><span style=\"font-size: 18px;\">L\u2019\u00e9v\u00e8nement vise aussi \u00e0 promouvoir les jeunes talents, encourager l\u2019artisanat, renforcer le tourisme local et soutenir l\u2019entrepreneuriat culturel.<\/span><\/p>\n<p><span style=\"font-size: 18px;\">R\u00e9cemment mut\u00e9 \u00e0 Kindia, l\u2019ancien pr\u00e9fet de Koundara s\u2019est, lui aussi, r\u00e9joui du choix port\u00e9 sur la pr\u00e9fecture, qu\u2019il pr\u00e9sente comme une opportunit\u00e9 unique de mettre en avant \u00ab la richesse de son patrimoine, la g\u00e9n\u00e9rosit\u00e9 de ses populations et la diversit\u00e9 de ses cultures \u00bb.<\/span><\/p>\n<p><strong><span style=\"font-size: 18px;\">Un festival pour unir, r\u00e9v\u00e9ler et transmettre<\/span><\/strong><\/p>\n<p><span style=\"font-size: 18px;\">Pour le ministre de la Culture et de l\u2019Artisanat, Moussa Mo\u00efse Sylla, le FENAC est \u00ab un miroir vibrant de la diversit\u00e9 guin\u00e9enne \u00bb, un espace o\u00f9 les artistes des huit r\u00e9gions \u00ab tissent une seule et grande chanson collective \u00bb.<\/span><br \/><span style=\"font-size: 18px;\">Il a soulign\u00e9 que Koundara symbolise une culture qui d\u00e9passe les centres urbains, s\u2019ancre dans les territoires et demeure fid\u00e8le \u00e0 son identit\u00e9 profonde.<\/span><\/p>\n<p><span style=\"font-size: 18px;\">Il a \u00e9galement rappel\u00e9 que le festival, loin d\u2019\u00eatre une comp\u00e9tition divisive, \u00ab r\u00e9v\u00e8le, d\u00e9tecte et consacre \u00bb les talents, tout en renfor\u00e7ant la coh\u00e9sion nationale.<\/span><\/p>\n<p><strong><span style=\"font-size: 18px;\">Le lancement officiel et cl\u00f4ture festive<\/span><\/strong><\/p>\n<p><span style=\"font-size: 18px;\">Au nom du Premier ministre, le ministre de la Fonction publique, Faya Fran\u00e7ois Bourouno, a proc\u00e9d\u00e9 au lancement officiel, revenant sur l\u2019histoire du FENAC :<\/span><br \/><span style=\"font-size: 18px;\">\u00ab la Guin\u00e9e a 67 ans d\u2019ind\u00e9pendance et nous c\u00e9l\u00e9brons aujourd\u2019hui la 20\u1d49 \u00e9dition. Vous comprendrez l\u2019\u00e9cart, car le festival, lanc\u00e9 d\u00e8s la premi\u00e8re ann\u00e9e de l\u2019ind\u00e9pendance, a connu des interruptions. C\u2019est un \u00e9v\u00e9nement lourd \u00e0 organiser. \u00bb<\/span><\/p>\n<p><span style=\"font-size: 18px;\">Il a salu\u00e9 les efforts d\u00e9ploy\u00e9s pour relancer le festival et \u00ab le courage du ministre de la Culture \u00bb, ainsi que l\u2019innovation ayant permis de d\u00e9localiser l\u2019\u00e9v\u00e9nement dans cette pr\u00e9fecture symbole de r\u00e9silience culturelle.<\/span><\/p>\n<p><span style=\"font-size: 18px;\">La c\u00e9r\u00e9monie s\u2019est achev\u00e9e en beaut\u00e9 avec une prestation acrobatique du Cirque Baobab, suivie d\u2019un concert au stade pr\u00e9fectoral anim\u00e9 par Singleton et Tati Tati, qui ont mis le feu au public du Badiar.<\/span><\/p>\n<p><strong><span style=\"font-size: 18px;\">Abdoul Lory Sylla pour guinee7.com<\/span><\/strong><!--\/data\/user\/0\/com.samsung.android.app.notes\/files\/clipdata\/clipdata_bodytext_251206_095527_056.sdocx--><\/p>\n<p>L\u2019article <a href=\"https:\/\/www.guinee7.com\/2025\/12\/06\/un-festival-de-resilience-et-dunite-la-guinee-fete-son-patrimoine-a-koundara\/\">Un festival de r\u00e9silience et d\u2019unit\u00e9 : la Guin\u00e9e f\u00eate son patrimoine \u00e0 Koundara<\/a> est apparu en premier sur <a href=\"https:\/\/www.guinee7.com\/\">Guinee7.com<\/a>.<\/p>\n<\/div>\n","protected":false},"excerpt":{"rendered":"<p>La ville de Koundara a vibr\u00e9 ce vendredi au rythme du Festival national des arts et de la culture (FENAC), dont la 20\u1d49 \u00e9dition a \u00e9t\u00e9 officiellement lanc\u00e9e dans une ambiance grandiose. \u00c0 l\u2019art\u00e8re principale, un carnaval g\u00e9ant a donn\u00e9 le ton des festivit\u00e9s, marquant l\u2019ouverture d\u2019un rendez-vous qui c\u00e9l\u00e8bre la diversit\u00e9 culturelle guin\u00e9enne depuis &hellip;<\/p>\n","protected":false},"author":1,"featured_media":0,"comment_status":"closed","ping_status":"closed","sticky":false,"template":"","format":"standard","meta":{"footnotes":""},"categories":[2],"tags":[22],"_links":{"self":[{"href":"https:\/\/sn.ambaguinee.org\/index.php?rest_route=\/wp\/v2\/posts\/88749"}],"collection":[{"href":"https:\/\/sn.ambaguinee.org\/index.php?rest_route=\/wp\/v2\/posts"}],"about":[{"href":"https:\/\/sn.ambaguinee.org\/index.php?rest_route=\/wp\/v2\/types\/post"}],"author":[{"embeddable":true,"href":"https:\/\/sn.ambaguinee.org\/index.php?rest_route=\/wp\/v2\/users\/1"}],"replies":[{"embeddable":true,"href":"https:\/\/sn.ambaguinee.org\/index.php?rest_route=%2Fwp%2Fv2%2Fcomments&post=88749"}],"version-history":[{"count":0,"href":"https:\/\/sn.ambaguinee.org\/index.php?rest_route=\/wp\/v2\/posts\/88749\/revisions"}],"wp:attachment":[{"href":"https:\/\/sn.ambaguinee.org\/index.php?rest_route=%2Fwp%2Fv2%2Fmedia&parent=88749"}],"wp:term":[{"taxonomy":"category","embeddable":true,"href":"https:\/\/sn.ambaguinee.org\/index.php?rest_route=%2Fwp%2Fv2%2Fcategories&post=88749"},{"taxonomy":"post_tag","embeddable":true,"href":"https:\/\/sn.ambaguinee.org\/index.php?rest_route=%2Fwp%2Fv2%2Ftags&post=88749"}],"curies":[{"name":"wp","href":"https:\/\/api.w.org\/{rel}","templated":true}]}}