{"id":88838,"date":"2025-12-08T23:33:49","date_gmt":"2025-12-08T22:33:49","guid":{"rendered":"https:\/\/sn.ambaguinee.org\/?p=88838"},"modified":"2025-12-08T23:33:49","modified_gmt":"2025-12-08T22:33:49","slug":"education-huitieme-jour-de-greve-et-des-tensions-a-sonfonia","status":"publish","type":"post","link":"https:\/\/sn.ambaguinee.org\/?p=88838","title":{"rendered":"\u00c9ducation : huiti\u00e8me jour de gr\u00e8ve et des tensions \u00e0 Sonfonia"},"content":{"rendered":"<div>\n<div style=\"margin-bottom:20px;\"><img width=\"800\" height=\"463\"src=\"https:\/\/i0.wp.com\/www.guinee7.com\/wp-content\/uploads\/2024\/09\/Aboubacar-Diesto.jpeg?w=800&amp;ssl=1\" class=\"attachment-post-thumbnail size-post-thumbnail wp-post-image\" alt=\"\" decoding=\"async\" loading=\"lazy\" srcset=\"https:\/\/i0.wp.com\/www.guinee7.com\/wp-content\/uploads\/2024\/09\/Aboubacar-Diesto.jpeg?w=800&amp;ssl=1 800w, https:\/\/i0.wp.com\/www.guinee7.com\/wp-content\/uploads\/2024\/09\/Aboubacar-Diesto.jpeg?resize=300%2C174&amp;ssl=1 300w, https:\/\/i0.wp.com\/www.guinee7.com\/wp-content\/uploads\/2024\/09\/Aboubacar-Diesto.jpeg?resize=768%2C444&amp;ssl=1 768w\" sizes=\"auto, (max-width: 800px) 100vw, 800px\"><\/div>\n<p><span style=\"font-size: 18px;\">Huit jours apr\u00e8s le lancement de la gr\u00e8ve g\u00e9n\u00e9rale et illimit\u00e9e d\u00e9clench\u00e9e le 1er d\u00e9cembre par la FSPE et le SNE, l\u2019intersyndicale dresse un premier bilan. Contact\u00e9 ce lundi par nos confr\u00e8res de Guinee360.com, son porte-parole, Aboubacar Diesto Camara, affirme que la mobilisation reste \u00ab largement suivie \u00bb dans les \u00e9tablissements du pays.<\/span><\/p>\n<p><span style=\"font-size: 18px;\">Il justifie le mouvement par le refus d\u2019un \u00ab protocole jug\u00e9 in\u00e9quitable \u00bb et indique que la plupart des enseignants concern\u00e9s ont respect\u00e9 le mot d\u2019ordre. Selon lui, des d\u00e9brayages ont \u00e9t\u00e9 constat\u00e9s dans toutes les r\u00e9gions et pr\u00e9fectures.<\/span><\/p>\n<p><span style=\"font-size: 18px;\">Des tensions ont toutefois \u00e9t\u00e9 signal\u00e9es, notamment au lyc\u00e9e-coll\u00e8ge de Sonfonia, o\u00f9 une intervention polici\u00e8re est intervenue apr\u00e8s une manifestation d\u2019\u00e9l\u00e8ves r\u00e9clamant la pr\u00e9sence de leurs enseignants.<\/span><\/p>\n<p><span style=\"font-size: 18px;\">Concernant une reprise \u00e9ventuelle des discussions, le syndicaliste pr\u00e9cise qu\u2019un \u00ab contact officieux \u00bb a \u00e9t\u00e9 \u00e9tabli avec le gouvernement, mais souligne que la gr\u00e8ve se poursuit tant qu\u2019aucune d\u00e9cision officielle n\u2019est prise par la direction syndicale.<\/span><\/p>\n<p><span style=\"font-size: 18px;\"><strong>Guinee7.com<\/strong>\u00a0<\/span><!--\/data\/user\/0\/com.samsung.android.app.notes\/files\/clipdata\/clipdata_bodytext_251208_154916_490.sdocx--><\/p>\n<p>L\u2019article <a href=\"https:\/\/www.guinee7.com\/2025\/12\/08\/education-huitieme-jour-de-greve-et-des-tensions-a-sonfonia\/\">\u00c9ducation : huiti\u00e8me jour de gr\u00e8ve et des tensions \u00e0 Sonfonia<\/a> est apparu en premier sur <a href=\"https:\/\/www.guinee7.com\/\">Guinee7.com<\/a>.<\/p>\n<\/div>\n","protected":false},"excerpt":{"rendered":"<p>Huit jours apr\u00e8s le lancement de la gr\u00e8ve g\u00e9n\u00e9rale et illimit\u00e9e d\u00e9clench\u00e9e le 1er d\u00e9cembre par la FSPE et le SNE, l\u2019intersyndicale dresse un premier bilan. Contact\u00e9 ce lundi par nos confr\u00e8res de Guinee360.com, son porte-parole, Aboubacar Diesto Camara, affirme que la mobilisation reste \u00ab largement suivie \u00bb dans les \u00e9tablissements du pays. Il justifie &hellip;<\/p>\n","protected":false},"author":1,"featured_media":0,"comment_status":"closed","ping_status":"closed","sticky":false,"template":"","format":"standard","meta":{"footnotes":""},"categories":[2],"tags":[22],"_links":{"self":[{"href":"https:\/\/sn.ambaguinee.org\/index.php?rest_route=\/wp\/v2\/posts\/88838"}],"collection":[{"href":"https:\/\/sn.ambaguinee.org\/index.php?rest_route=\/wp\/v2\/posts"}],"about":[{"href":"https:\/\/sn.ambaguinee.org\/index.php?rest_route=\/wp\/v2\/types\/post"}],"author":[{"embeddable":true,"href":"https:\/\/sn.ambaguinee.org\/index.php?rest_route=\/wp\/v2\/users\/1"}],"replies":[{"embeddable":true,"href":"https:\/\/sn.ambaguinee.org\/index.php?rest_route=%2Fwp%2Fv2%2Fcomments&post=88838"}],"version-history":[{"count":0,"href":"https:\/\/sn.ambaguinee.org\/index.php?rest_route=\/wp\/v2\/posts\/88838\/revisions"}],"wp:attachment":[{"href":"https:\/\/sn.ambaguinee.org\/index.php?rest_route=%2Fwp%2Fv2%2Fmedia&parent=88838"}],"wp:term":[{"taxonomy":"category","embeddable":true,"href":"https:\/\/sn.ambaguinee.org\/index.php?rest_route=%2Fwp%2Fv2%2Fcategories&post=88838"},{"taxonomy":"post_tag","embeddable":true,"href":"https:\/\/sn.ambaguinee.org\/index.php?rest_route=%2Fwp%2Fv2%2Ftags&post=88838"}],"curies":[{"name":"wp","href":"https:\/\/api.w.org\/{rel}","templated":true}]}}