{"id":88840,"date":"2025-12-08T23:33:50","date_gmt":"2025-12-08T22:33:50","guid":{"rendered":"https:\/\/sn.ambaguinee.org\/?p=88840"},"modified":"2025-12-08T23:33:50","modified_gmt":"2025-12-08T22:33:50","slug":"guinee-laguipel-forme-les-journalistes-a-lia-pour-une-presse-plus-moderne-et-responsable","status":"publish","type":"post","link":"https:\/\/sn.ambaguinee.org\/?p=88840","title":{"rendered":"Guin\u00e9e : l\u2019AGUIPEL forme les journalistes \u00e0 l\u2019IA pour une presse plus moderne et responsable"},"content":{"rendered":"<div>\n<div style=\"margin-bottom:20px;\"><img width=\"1080\" height=\"607\"src=\"https:\/\/i0.wp.com\/www.guinee7.com\/wp-content\/uploads\/2025\/12\/IMG-20251208-WA0033.jpg?w=1080&amp;ssl=1\" class=\"attachment-post-thumbnail size-post-thumbnail wp-post-image\" alt=\"\" decoding=\"async\" loading=\"lazy\" srcset=\"https:\/\/i0.wp.com\/www.guinee7.com\/wp-content\/uploads\/2025\/12\/IMG-20251208-WA0033.jpg?w=1080&amp;ssl=1 1080w, https:\/\/i0.wp.com\/www.guinee7.com\/wp-content\/uploads\/2025\/12\/IMG-20251208-WA0033.jpg?resize=300%2C169&amp;ssl=1 300w, https:\/\/i0.wp.com\/www.guinee7.com\/wp-content\/uploads\/2025\/12\/IMG-20251208-WA0033.jpg?resize=1024%2C576&amp;ssl=1 1024w, https:\/\/i0.wp.com\/www.guinee7.com\/wp-content\/uploads\/2025\/12\/IMG-20251208-WA0033.jpg?resize=768%2C432&amp;ssl=1 768w\" sizes=\"auto, (max-width: 1080px) 100vw, 1080px\"><\/div>\n<p><span style=\"font-size: 18px;\">Un atelier de formation et de sensibilisation destin\u00e9 aux acteurs des m\u00e9dias de la R\u00e9publique de Guin\u00e9e s\u2019est ouvert ce lundi 8 d\u00e9cembre 2025 \u00e0 Conakry. Plac\u00e9e sous le th\u00e8me \u00ab L\u2019intelligence artificielle au service des m\u00e9dias pour une couverture \u00e9lectorale efficiente et responsable \u00bb, cette session de trois jours vise \u00e0 renforcer les capacit\u00e9s des journalistes.<\/span><\/p>\n<p><span style=\"font-size: 18px;\">Cette initiative de l\u2019Association guin\u00e9enne de la presse en ligne (AGUIPEL) est financ\u00e9e par le Syst\u00e8me des Nations unies en Guin\u00e9e. Cinquante journalistes issus des m\u00e9dias publics et priv\u00e9s y prennent part.<\/span><\/p>\n<p><span style=\"font-size: 18px;\">\u201cCette formation n\u2019est pas simple un atelier, c\u2019est un investissement dans la d\u00e9mocratie, dans la coh\u00e9sion sociale, dans la qualit\u00e9 de l\u2019information et la modernisation durable de notre secteur\u201d, a d\u00e9clar\u00e9 Amadou Tham Camara, pr\u00e9sident de l\u2019AGUIPEL.<\/span><\/p>\n<p><img data-recalc-dims=\"1\" loading=\"lazy\" decoding=\"async\" class=\"alignnone wp-image-124472 size-full\"src=\"https:\/\/i0.wp.com\/www.guinee7.com\/wp-content\/uploads\/2025\/12\/IMG-20251208-WA0032.jpg?w=1080&amp;ssl=1\" alt=\"\" width=\"1080\" height=\"810\" srcset=\"https:\/\/i0.wp.com\/www.guinee7.com\/wp-content\/uploads\/2025\/12\/IMG-20251208-WA0032.jpg?w=1080&amp;ssl=1 1080w, https:\/\/i0.wp.com\/www.guinee7.com\/wp-content\/uploads\/2025\/12\/IMG-20251208-WA0032.jpg?resize=300%2C225&amp;ssl=1 300w, https:\/\/i0.wp.com\/www.guinee7.com\/wp-content\/uploads\/2025\/12\/IMG-20251208-WA0032.jpg?resize=1024%2C768&amp;ssl=1 1024w, https:\/\/i0.wp.com\/www.guinee7.com\/wp-content\/uploads\/2025\/12\/IMG-20251208-WA0032.jpg?resize=768%2C576&amp;ssl=1 768w, https:\/\/i0.wp.com\/www.guinee7.com\/wp-content\/uploads\/2025\/12\/IMG-20251208-WA0032.jpg?resize=86%2C64&amp;ssl=1 86w\" sizes=\"auto, (max-width: 1080px) 100vw, 1080px\"><\/p>\n<p><span style=\"font-size: 18px;\">S\u2019adressant aux participants, il a soulign\u00e9 que : \u201c la Guin\u00e9e a besoin de m\u00e9dias professionnels, des journalistes form\u00e9s, outill\u00e9s, ind\u00e9pendants et \u00e9thique. Elle a besoin d\u2019une information qui \u00e9claire, qui apaise et qui renforce la d\u00e9mocratie. En vous formant en intelligence artificielle, vous faites un pas d\u00e9cisif vers du journalisme du primaire. Un journalisme plus rapide, plus pr\u00e9cis, plus responsable et plus ambitieux\u201d. <\/span><\/p>\n<p><img data-recalc-dims=\"1\" loading=\"lazy\" decoding=\"async\" class=\"alignnone wp-image-124473 size-full\"src=\"https:\/\/i0.wp.com\/www.guinee7.com\/wp-content\/uploads\/2025\/12\/IMG-20251208-WA0034.jpg?w=1080&amp;ssl=1\" alt=\"\" width=\"1080\" height=\"810\" srcset=\"https:\/\/i0.wp.com\/www.guinee7.com\/wp-content\/uploads\/2025\/12\/IMG-20251208-WA0034.jpg?w=1080&amp;ssl=1 1080w, https:\/\/i0.wp.com\/www.guinee7.com\/wp-content\/uploads\/2025\/12\/IMG-20251208-WA0034.jpg?resize=300%2C225&amp;ssl=1 300w, https:\/\/i0.wp.com\/www.guinee7.com\/wp-content\/uploads\/2025\/12\/IMG-20251208-WA0034.jpg?resize=1024%2C768&amp;ssl=1 1024w, https:\/\/i0.wp.com\/www.guinee7.com\/wp-content\/uploads\/2025\/12\/IMG-20251208-WA0034.jpg?resize=768%2C576&amp;ssl=1 768w, https:\/\/i0.wp.com\/www.guinee7.com\/wp-content\/uploads\/2025\/12\/IMG-20251208-WA0034.jpg?resize=86%2C64&amp;ssl=1 86w\" sizes=\"auto, (max-width: 1080px) 100vw, 1080px\"><\/p>\n<p><span style=\"font-size: 18px;\">De son c\u00f4t\u00e9, le ministre de l\u2019Information et de la Communication, Fana Soumah, a \u00e9voqu\u00e9 le lien entre l\u2019intelligence artificielle et le travail journalistique.<\/span><\/p>\n<p><span style=\"font-size: 18px;\">\u201cL\u2019intelligence artificielle n\u2019est pas l\u00e0 pour vous remplacer, pour prendre possession de votre jugement mais pour renforcer vos capacit\u00e9s. Toutefois son usage dans les m\u00e9dias, soit s\u2019accompagner de vigilance accrue, respect de la neutralit\u00e9 journalistique, protection des donn\u00e9es professionnelles des citoyens, pr\u00e9servation de la confiance du public dans les institutions et dans les m\u00e9dias. Nous devons veiller \u00e0 ce que la technologie serve la d\u00e9mocratie et non l\u2019inverse\u201d, a-t-il expliqu\u00e9.\u00a0 <\/span><\/p>\n<p><span style=\"font-size: 18px;\">Pr\u00e9sidant la c\u00e9r\u00e9monie d\u2019ouverture, le pr\u00e9sident de la Haute Autorit\u00e9 de la Communication (HAC), Boubacar Yacine Diallo, a invit\u00e9 les journalistes \u00e0 davantage de professionnalisme, particuli\u00e8rement en cette p\u00e9riode \u00e9lectorale.<\/span><\/p>\n<p><strong><span style=\"font-size: 18px;\">Bhoye Barry pour guinee7.com<\/span><\/strong><!--\/data\/user\/0\/com.samsung.android.app.notes\/files\/clipdata\/clipdata_bodytext_251208_202133_520.sdocx--><\/p>\n<p>L\u2019article <a href=\"https:\/\/www.guinee7.com\/2025\/12\/08\/guinee-laguipel-forme-les-journalistes-a-lia-pour-une-presse-plus-moderne-et-responsable\/\">Guin\u00e9e : l\u2019AGUIPEL forme les journalistes \u00e0 l\u2019IA pour une presse plus moderne et responsable<\/a> est apparu en premier sur <a href=\"https:\/\/www.guinee7.com\/\">Guinee7.com<\/a>.<\/p>\n<\/div>\n","protected":false},"excerpt":{"rendered":"<p>Un atelier de formation et de sensibilisation destin\u00e9 aux acteurs des m\u00e9dias de la R\u00e9publique de Guin\u00e9e s\u2019est ouvert ce lundi 8 d\u00e9cembre 2025 \u00e0 Conakry. Plac\u00e9e sous le th\u00e8me \u00ab L\u2019intelligence artificielle au service des m\u00e9dias pour une couverture \u00e9lectorale efficiente et responsable \u00bb, cette session de trois jours vise \u00e0 renforcer les capacit\u00e9s &hellip;<\/p>\n","protected":false},"author":1,"featured_media":0,"comment_status":"closed","ping_status":"closed","sticky":false,"template":"","format":"standard","meta":{"footnotes":""},"categories":[2],"tags":[22],"_links":{"self":[{"href":"https:\/\/sn.ambaguinee.org\/index.php?rest_route=\/wp\/v2\/posts\/88840"}],"collection":[{"href":"https:\/\/sn.ambaguinee.org\/index.php?rest_route=\/wp\/v2\/posts"}],"about":[{"href":"https:\/\/sn.ambaguinee.org\/index.php?rest_route=\/wp\/v2\/types\/post"}],"author":[{"embeddable":true,"href":"https:\/\/sn.ambaguinee.org\/index.php?rest_route=\/wp\/v2\/users\/1"}],"replies":[{"embeddable":true,"href":"https:\/\/sn.ambaguinee.org\/index.php?rest_route=%2Fwp%2Fv2%2Fcomments&post=88840"}],"version-history":[{"count":0,"href":"https:\/\/sn.ambaguinee.org\/index.php?rest_route=\/wp\/v2\/posts\/88840\/revisions"}],"wp:attachment":[{"href":"https:\/\/sn.ambaguinee.org\/index.php?rest_route=%2Fwp%2Fv2%2Fmedia&parent=88840"}],"wp:term":[{"taxonomy":"category","embeddable":true,"href":"https:\/\/sn.ambaguinee.org\/index.php?rest_route=%2Fwp%2Fv2%2Fcategories&post=88840"},{"taxonomy":"post_tag","embeddable":true,"href":"https:\/\/sn.ambaguinee.org\/index.php?rest_route=%2Fwp%2Fv2%2Ftags&post=88840"}],"curies":[{"name":"wp","href":"https:\/\/api.w.org\/{rel}","templated":true}]}}