{"id":88841,"date":"2025-12-08T23:33:50","date_gmt":"2025-12-08T22:33:50","guid":{"rendered":"https:\/\/sn.ambaguinee.org\/?p=88841"},"modified":"2025-12-08T23:33:50","modified_gmt":"2025-12-08T22:33:50","slug":"violences-en-milieu-scolaire-le-mepu-a-hausse-le-ton-apres-des-attaques-contre-des-ecoles","status":"publish","type":"post","link":"https:\/\/sn.ambaguinee.org\/?p=88841","title":{"rendered":"Violences en milieu scolaire : le MEPU-A hausse le ton apr\u00e8s des attaques contre des \u00e9coles"},"content":{"rendered":"<div>\n<div style=\"margin-bottom:20px;\"><img width=\"1059\" height=\"1483\"src=\"https:\/\/i0.wp.com\/www.guinee7.com\/wp-content\/uploads\/2025\/12\/Screenshot_20251208_212335_Facebook.jpg?w=1059&amp;ssl=1\" class=\"attachment-post-thumbnail size-post-thumbnail wp-post-image\" alt=\"\" decoding=\"async\" srcset=\"https:\/\/i0.wp.com\/www.guinee7.com\/wp-content\/uploads\/2025\/12\/Screenshot_20251208_212335_Facebook.jpg?w=1059&amp;ssl=1 1059w, https:\/\/i0.wp.com\/www.guinee7.com\/wp-content\/uploads\/2025\/12\/Screenshot_20251208_212335_Facebook.jpg?resize=214%2C300&amp;ssl=1 214w, https:\/\/i0.wp.com\/www.guinee7.com\/wp-content\/uploads\/2025\/12\/Screenshot_20251208_212335_Facebook.jpg?resize=731%2C1024&amp;ssl=1 731w, https:\/\/i0.wp.com\/www.guinee7.com\/wp-content\/uploads\/2025\/12\/Screenshot_20251208_212335_Facebook.jpg?resize=768%2C1075&amp;ssl=1 768w\" sizes=\"(max-width: 1059px) 100vw, 1059px\"><\/div>\n<p><span style=\"font-size: 18px;\">Le Minist\u00e8re de l\u2019Enseignement Pr\u00e9-Universitaire et de l\u2019Alphab\u00e9tisation (MEPU-A) a d\u00e9nonc\u00e9 ce lundi 8 d\u00e9cembre 2025 une s\u00e9rie d\u2019incidents violents survenus dans plusieurs \u00e9tablissements scolaires \u00e0 travers le pays. Selon le d\u00e9partement, des individus non identifi\u00e9s ont jet\u00e9 des pierres sur les toits des \u00e9coles, provoquant un mouvement de panique et faisant plusieurs dizaines de bless\u00e9s parmi les \u00e9l\u00e8ves.<\/span><\/p>\n<p><span style=\"font-size: 18px;\">Dans un communiqu\u00e9, le MEPU-A a fermement condamn\u00e9 ces actes \u00ab irresponsables \u00bb visant \u00e0 perturber la qui\u00e9tude des milieux scolaires. Le minist\u00e8re a rappel\u00e9 que toute personne impliqu\u00e9e dans ces violences s\u2019expose \u00e0 des poursuites civiles et p\u00e9nales.<\/span><\/p>\n<p><span style=\"font-size: 18px;\">R\u00e9affirmant que \u00ab la violence ne peut \u00eatre un langage acceptable dans l\u2019espace \u00e9ducatif \u00bb, le MEPU-A dit soutenir toutes les initiatives visant \u00e0 prot\u00e9ger les \u00e9l\u00e8ves et \u00e0 garantir un climat scolaire serein.<\/span><\/p>\n<p><span style=\"font-size: 18px;\"><strong>Guinee7.com<\/strong>\u00a0<\/span><!--\/data\/user\/0\/com.samsung.android.app.notes\/files\/clipdata\/clipdata_bodytext_251208_212631_659.sdocx--><\/p>\n<p>L\u2019article <a href=\"https:\/\/www.guinee7.com\/2025\/12\/08\/violences-en-milieu-scolaire-le-mepu-a-hausse-le-ton-apres-des-attaques-contre-des-ecoles\/\">Violences en milieu scolaire : le MEPU-A hausse le ton apr\u00e8s des attaques contre des \u00e9coles<\/a> est apparu en premier sur <a href=\"https:\/\/www.guinee7.com\/\">Guinee7.com<\/a>.<\/p>\n<\/div>\n","protected":false},"excerpt":{"rendered":"<p>Le Minist\u00e8re de l\u2019Enseignement Pr\u00e9-Universitaire et de l\u2019Alphab\u00e9tisation (MEPU-A) a d\u00e9nonc\u00e9 ce lundi 8 d\u00e9cembre 2025 une s\u00e9rie d\u2019incidents violents survenus dans plusieurs \u00e9tablissements scolaires \u00e0 travers le pays. Selon le d\u00e9partement, des individus non identifi\u00e9s ont jet\u00e9 des pierres sur les toits des \u00e9coles, provoquant un mouvement de panique et faisant plusieurs dizaines de &hellip;<\/p>\n","protected":false},"author":1,"featured_media":0,"comment_status":"closed","ping_status":"closed","sticky":false,"template":"","format":"standard","meta":{"footnotes":""},"categories":[2],"tags":[22],"_links":{"self":[{"href":"https:\/\/sn.ambaguinee.org\/index.php?rest_route=\/wp\/v2\/posts\/88841"}],"collection":[{"href":"https:\/\/sn.ambaguinee.org\/index.php?rest_route=\/wp\/v2\/posts"}],"about":[{"href":"https:\/\/sn.ambaguinee.org\/index.php?rest_route=\/wp\/v2\/types\/post"}],"author":[{"embeddable":true,"href":"https:\/\/sn.ambaguinee.org\/index.php?rest_route=\/wp\/v2\/users\/1"}],"replies":[{"embeddable":true,"href":"https:\/\/sn.ambaguinee.org\/index.php?rest_route=%2Fwp%2Fv2%2Fcomments&post=88841"}],"version-history":[{"count":0,"href":"https:\/\/sn.ambaguinee.org\/index.php?rest_route=\/wp\/v2\/posts\/88841\/revisions"}],"wp:attachment":[{"href":"https:\/\/sn.ambaguinee.org\/index.php?rest_route=%2Fwp%2Fv2%2Fmedia&parent=88841"}],"wp:term":[{"taxonomy":"category","embeddable":true,"href":"https:\/\/sn.ambaguinee.org\/index.php?rest_route=%2Fwp%2Fv2%2Fcategories&post=88841"},{"taxonomy":"post_tag","embeddable":true,"href":"https:\/\/sn.ambaguinee.org\/index.php?rest_route=%2Fwp%2Fv2%2Ftags&post=88841"}],"curies":[{"name":"wp","href":"https:\/\/api.w.org\/{rel}","templated":true}]}}