{"id":88882,"date":"2025-12-10T00:46:06","date_gmt":"2025-12-09T23:46:06","guid":{"rendered":"https:\/\/sn.ambaguinee.org\/?p=88882"},"modified":"2025-12-10T00:46:06","modified_gmt":"2025-12-09T23:46:06","slug":"rencontre-bah-oury-abdoulaye-maiga-le-carburant-et-la-lutte-antiterroriste-en-toile-de-fond","status":"publish","type":"post","link":"https:\/\/sn.ambaguinee.org\/?p=88882","title":{"rendered":"Rencontre Bah Oury-Abdoulaye Ma\u00efga : le carburant et la lutte antiterroriste en toile de fond"},"content":{"rendered":"<div>\n<div style=\"margin-bottom:20px;\"><img width=\"1280\" height=\"759\"src=\"https:\/\/i0.wp.com\/www.guinee7.com\/wp-content\/uploads\/2025\/12\/IMG-20251209-WA0047.jpg?w=1280&amp;ssl=1\" class=\"attachment-post-thumbnail size-post-thumbnail wp-post-image\" alt=\"\" decoding=\"async\" loading=\"lazy\" srcset=\"https:\/\/i0.wp.com\/www.guinee7.com\/wp-content\/uploads\/2025\/12\/IMG-20251209-WA0047.jpg?w=1280&amp;ssl=1 1280w, https:\/\/i0.wp.com\/www.guinee7.com\/wp-content\/uploads\/2025\/12\/IMG-20251209-WA0047.jpg?resize=300%2C178&amp;ssl=1 300w, https:\/\/i0.wp.com\/www.guinee7.com\/wp-content\/uploads\/2025\/12\/IMG-20251209-WA0047.jpg?resize=1024%2C607&amp;ssl=1 1024w, https:\/\/i0.wp.com\/www.guinee7.com\/wp-content\/uploads\/2025\/12\/IMG-20251209-WA0047.jpg?resize=768%2C455&amp;ssl=1 768w\" sizes=\"auto, (max-width: 1280px) 100vw, 1280px\"><\/div>\n<p><span style=\"font-size: 18px;\">Le Premier ministre guin\u00e9en, Amadou Oury Bah, a re\u00e7u ce mardi 9 d\u00e9cembre 2025 son homologue malien, Abdoulaye Ma\u00efga, en visite d\u2019amiti\u00e9 \u00e0 Conakry. Apr\u00e8s un entretien \u00e0 huis clos, les deux chefs de gouvernement ont anim\u00e9 une conf\u00e9rence de presse au cours de laquelle ils ont \u00e9t\u00e9 interpell\u00e9s sur l\u2019aide que la Guin\u00e9e pourrait apporter au Mali, notamment sur la crise du carburant et la lutte antiterroriste.<\/span><\/p>\n<p><strong><span style=\"font-size: 18px;\">R\u00e9ponse guin\u00e9enne \u00e0 la crise du carburant<\/span><\/strong><\/p>\n<p><span style=\"font-size: 18px;\">Invit\u00e9 \u00e0 pr\u00e9ciser la position de Conakry quant au soutien que la Guin\u00e9e pourrait offrir au Mali face \u00e0 la p\u00e9nurie de carburant, Bah Oury a indiqu\u00e9 que : \u00ab les ministres sectoriels ont en charge certains aspects techniques en relation avec la question que vous venez de poser. Ce sont des questions qui m\u00e9ritent des r\u00e9ponses concr\u00e8tes sans aucune forme de publicit\u00e9. \u00bb<\/span><\/p>\n<p><strong><span style=\"font-size: 18px;\">Appui dans la lutte antiterroriste<\/span><\/strong><\/p>\n<p><span style=\"font-size: 18px;\">Sur la question s\u00e9curitaire, le chef du gouvernement guin\u00e9en a \u00e9galement insist\u00e9 sur la n\u00e9cessit\u00e9 de la discr\u00e9tion : \u00ab Vous savez, les questions s\u00e9curitaires m\u00e9ritent d\u2019\u00eatre trait\u00e9es avec discr\u00e9tion. Pour avoir plus d\u2019efficacit\u00e9, mais dans l\u2019approche globale, la Guin\u00e9e est suffisamment attentive \u00e0 tout ce qui peut affecter aussi bien la stabilit\u00e9 de la R\u00e9publique du Mali que la stabilit\u00e9 de la R\u00e9publique de Guin\u00e9e et beaucoup plus largement \u00e0 la stabilit\u00e9 des \u00c9tats de l\u2019Afrique de l\u2019Ouest et des r\u00e9ponses pratiques seront donn\u00e9es en fonction de l\u2019\u00e9volution des situations sur le terrain. \u00bb<\/span><\/p>\n<p><strong><span style=\"font-size: 18px;\">Le Mali met en avant des avanc\u00e9es s\u00e9curitaires<\/span><\/strong><\/p>\n<p><span style=\"font-size: 18px;\">Prenant la parole, le Premier ministre malien a d\u2019abord voulu replacer la situation dans son contexte et rappeler les progr\u00e8s r\u00e9alis\u00e9s. Il d\u00e9clare : \u00ab Je voudrais peut-\u00eatre faire un rappel extr\u00eamement important : ce que vit le Mali aujourd\u2019hui est un signal fort d\u2019am\u00e9lioration substantielle de la situation s\u00e9curitaire. Je voudrais rappeler qu\u2019en 2012, le Mali avait perdu plus de 70 % de son territoire gr\u00e2ce \u00e0 l\u2019action des groupes terroristes. Depuis 3 ans, par la gr\u00e2ce de Dieu, nous avons pu inverser la tendance gr\u00e2ce \u00e0 l\u2019engagement de nos vaillantes forces de d\u00e9fense et de s\u00e9curit\u00e9, sous le leadership tr\u00e8s \u00e9clair\u00e9 du chef supr\u00eame des arm\u00e9es, son excellent g\u00e9n\u00e9ral d\u2019arm\u00e9e Assimi Goita, pr\u00e9sident de la transition et chef de l\u2019\u00c9tat \u00bb, a-t-il rappel\u00e9.<\/span><\/p>\n<p><strong><span style=\"font-size: 18px;\">Carburant et s\u00e9curit\u00e9 : un lien direct selon Bamako<\/span><\/strong><\/p>\n<p><span style=\"font-size: 18px;\">Interrog\u00e9 sur la crise du carburant, qu\u2019il qualifie de li\u00e9e au contexte s\u00e9curitaire, Abdoulaye Ma\u00efga a poursuivi : \u00ab Je voudrais vraiment vous inviter \u00e0 remettre la crise du carburant dans ses proportions r\u00e9elles. Effectivement, il est \u00e9galement important de rappeler que ce changement de mode op\u00e9ratoire des groupes terroristes est un indicateur du fait que ces groupes aujourd\u2019hui sont sous pression des forces arm\u00e9es maliennes en collaboration avec les autres forces de la Conf\u00e9d\u00e9ration des \u00c9tats du Sahel. Comme je l\u2019ai dit, en 2012, c\u2019est les groupes qui contr\u00f4laient des r\u00e9gions enti\u00e8res. Aujourd\u2019hui, c\u2019est les groupes qui se retrouvent \u00e0 perturber les circuits logistiques. Donc c\u2019\u00e9tait un indicateur tr\u00e8s r\u00e9aliste, tr\u00e8s fort de la pression subie par ces groupes terroristes. Ceci est \u00e0 c\u00f4t\u00e9 de la crise du carburant. \u00bb<\/span><\/p>\n<p><strong><span style=\"font-size: 18px;\">Une guerre de d\u00e9sinformation d\u00e9cri\u00e9e par Bamako<\/span><\/strong><\/p>\n<p><span style=\"font-size: 18px;\">Le Premier ministre malien a \u00e9galement d\u00e9nonc\u00e9 ce qu\u2019il consid\u00e8re comme une manipulation m\u00e9diatique contre son pays : \u00ab En tout cas, nous d\u00e9non\u00e7ons avec force la guerre informationnelle, la propagande dont le Mali a \u00e9t\u00e9 victime. Je pense que nous avons suivi ici tous avec une profonde indignation des sc\u00e9narios dignes de fiction sur le fait que Bamako serait encercl\u00e9e. Je voudrais vous rassurer que Bamako n\u2019a jamais \u00e9t\u00e9 menac\u00e9 par les groupes terroristes et aujourd\u2019hui les groupes terroristes n\u2019ont aucune capacit\u00e9 ni de menacer Bamako, ni aucune autre r\u00e9gion du Mali. Et malheureusement, dans cette guerre des informations, certains organes de presse se distinguent n\u00e9gativement, et malheureusement Radio France Internationale qui est \u00e0 la base de cette question en fait partie. \u00bb<\/span><\/p>\n<p><span style=\"font-size: 18px;\">Cette rencontre de travail et d\u2019amiti\u00e9 visait \u00e9galement \u00e0 consolider les liens s\u00e9culaires entre la Guin\u00e9e et le Mali.<\/span><\/p>\n<p><strong><span style=\"font-size: 18px;\">Abdoul Lory Sylla pour guinee7.com<\/span><\/strong><!--\/data\/user\/0\/com.samsung.android.app.notes\/files\/clipdata\/clipdata_bodytext_251209_164605_871.sdocx--><\/p>\n<p>L\u2019article <a href=\"https:\/\/www.guinee7.com\/2025\/12\/09\/rencontre-bah-oury-abdoulaye-maiga-le-carburant-et-la-lutte-antiterroriste-en-toile-de-fond\/\">Rencontre Bah Oury-Abdoulaye Ma\u00efga : le carburant et la lutte antiterroriste en toile de fond<\/a> est apparu en premier sur <a href=\"https:\/\/www.guinee7.com\/\">Guinee7.com<\/a>.<\/p>\n<\/div>\n","protected":false},"excerpt":{"rendered":"<p>Le Premier ministre guin\u00e9en, Amadou Oury Bah, a re\u00e7u ce mardi 9 d\u00e9cembre 2025 son homologue malien, Abdoulaye Ma\u00efga, en visite d\u2019amiti\u00e9 \u00e0 Conakry. Apr\u00e8s un entretien \u00e0 huis clos, les deux chefs de gouvernement ont anim\u00e9 une conf\u00e9rence de presse au cours de laquelle ils ont \u00e9t\u00e9 interpell\u00e9s sur l\u2019aide que la Guin\u00e9e pourrait &hellip;<\/p>\n","protected":false},"author":1,"featured_media":0,"comment_status":"closed","ping_status":"closed","sticky":false,"template":"","format":"standard","meta":{"footnotes":""},"categories":[2],"tags":[22],"_links":{"self":[{"href":"https:\/\/sn.ambaguinee.org\/index.php?rest_route=\/wp\/v2\/posts\/88882"}],"collection":[{"href":"https:\/\/sn.ambaguinee.org\/index.php?rest_route=\/wp\/v2\/posts"}],"about":[{"href":"https:\/\/sn.ambaguinee.org\/index.php?rest_route=\/wp\/v2\/types\/post"}],"author":[{"embeddable":true,"href":"https:\/\/sn.ambaguinee.org\/index.php?rest_route=\/wp\/v2\/users\/1"}],"replies":[{"embeddable":true,"href":"https:\/\/sn.ambaguinee.org\/index.php?rest_route=%2Fwp%2Fv2%2Fcomments&post=88882"}],"version-history":[{"count":0,"href":"https:\/\/sn.ambaguinee.org\/index.php?rest_route=\/wp\/v2\/posts\/88882\/revisions"}],"wp:attachment":[{"href":"https:\/\/sn.ambaguinee.org\/index.php?rest_route=%2Fwp%2Fv2%2Fmedia&parent=88882"}],"wp:term":[{"taxonomy":"category","embeddable":true,"href":"https:\/\/sn.ambaguinee.org\/index.php?rest_route=%2Fwp%2Fv2%2Fcategories&post=88882"},{"taxonomy":"post_tag","embeddable":true,"href":"https:\/\/sn.ambaguinee.org\/index.php?rest_route=%2Fwp%2Fv2%2Ftags&post=88882"}],"curies":[{"name":"wp","href":"https:\/\/api.w.org\/{rel}","templated":true}]}}