{"id":88886,"date":"2025-12-10T00:46:07","date_gmt":"2025-12-09T23:46:07","guid":{"rendered":"https:\/\/sn.ambaguinee.org\/?p=88886"},"modified":"2025-12-10T00:46:07","modified_gmt":"2025-12-09T23:46:07","slug":"violences-dans-les-ecoles-le-mepu-a-saisit-la-justice-et-porte-plainte-contre-x","status":"publish","type":"post","link":"https:\/\/sn.ambaguinee.org\/?p=88886","title":{"rendered":"Violences dans les \u00e9coles : le MEPU-A saisit la justice et porte plainte contre X"},"content":{"rendered":"<div>\n<div style=\"margin-bottom:20px;\"><img width=\"828\" height=\"467\"src=\"https:\/\/i0.wp.com\/www.guinee7.com\/wp-content\/uploads\/2025\/12\/IMG-20251209-WA0052.jpg?w=828&amp;ssl=1\" class=\"attachment-post-thumbnail size-post-thumbnail wp-post-image\" alt=\"\" decoding=\"async\" srcset=\"https:\/\/i0.wp.com\/www.guinee7.com\/wp-content\/uploads\/2025\/12\/IMG-20251209-WA0052.jpg?w=828&amp;ssl=1 828w, https:\/\/i0.wp.com\/www.guinee7.com\/wp-content\/uploads\/2025\/12\/IMG-20251209-WA0052.jpg?resize=300%2C169&amp;ssl=1 300w, https:\/\/i0.wp.com\/www.guinee7.com\/wp-content\/uploads\/2025\/12\/IMG-20251209-WA0052.jpg?resize=768%2C433&amp;ssl=1 768w\" sizes=\"(max-width: 828px) 100vw, 828px\"><\/div>\n<p><span style=\"font-size: 18px;\">Depuis hier, lundi 8 d\u00e9cembre, des violences ont \u00e9clat\u00e9 dans plusieurs \u00e9coles du Grand Conakry ainsi que dans certaines localit\u00e9s de l\u2019int\u00e9rieur du pays. Face \u00e0 cette situation, le minist\u00e8re de l\u2019Enseignement pr\u00e9-universitaire et de l\u2019Alphab\u00e9tisation (MEPU-A) annonce avoir port\u00e9 plainte contre X.<\/span><\/p>\n<p><span style=\"font-size: 18px;\">L\u2019information a \u00e9t\u00e9 donn\u00e9e par Ansa Diawara, porte-parole du minist\u00e8re, lors d\u2019un entretien accord\u00e9 \u00e0 notre r\u00e9daction ce mardi 9 d\u00e9cembre dans la soir\u00e9e. Il rappelle que depuis le 1er d\u00e9cembre, une gr\u00e8ve lanc\u00e9e par deux structures syndicales est en cours dans le pays.<\/span><\/p>\n<p><span style=\"font-size: 18px;\">\u00ab\u00a0Jusqu\u2019au samedi dernier, tout s\u2019est pass\u00e9 bien parce que certains enseignants qui n\u2019\u00e9taient pas concern\u00e9s venaient \u00e0 l\u2019\u00e9cole et les enfants aussi venaient \u00e0 l\u2019\u00e9cole. Mais hier (lundi), nous avons malheureusement constat\u00e9 de la violence dans beaucoup d\u2019\u00e9coles ici \u00e0 Conakry, mais aussi \u00e0 l\u2019int\u00e9rieur, ce qui est tr\u00e8s regrettable parce qu\u2019il y a un accord qui a \u00e9t\u00e9 sign\u00e9 qui prend un certain nombre de points en compte en faveur des syndicats. Nous pensons que tout doit se r\u00e9gler autour de la table et pas de violence\u201d, a-t-il d\u00e9clar\u00e9. <\/span><\/p>\n<p><span style=\"font-size: 18px;\">Selon lui, la plainte a \u00e9t\u00e9 d\u00e9pos\u00e9e aupr\u00e8s de la police et de la gendarmerie nationale \u00ab contre les perturbateurs qui viennent troubler et violenter les \u00e9coles \u00bb.<\/span><\/p>\n<p><span style=\"font-size: 18px;\">Le cadre du MEPU-A souligne \u00e9galement qu\u2019 : \u201c il y a une partie qui souhaite donner cours. La gr\u00e8ve est un droit, mais emp\u00eacher les gens de travailler, c\u2019est un d\u00e9lit et qui est punissable. C\u2019est pourquoi cette plainte a \u00e9t\u00e9 faite contre les perturbateurs qui viennent dissiper les \u00e9coles et violenter les enfants\u201d.<\/span><\/p>\n<p><span style=\"font-size: 18px;\">Par ailleurs, le MEPU-A dit esp\u00e9rer qu\u2019une solution sera trouv\u00e9e lors des rencontres actuellement en cours \u00e0 Conakry. \u201cNous pensons qu\u2019avec la rencontre qui est convoqu\u00e9e \u00e0 la bourse du travail, aujourd\u2019hui nous pensons que, certainement raison sera trouv\u00e9e pour que nos enfants puissent vraiment continuer \u00e0 venir \u00e0 l\u2019\u00e9cole et recevoir leur cours. Ce qui est leur droit\u201d, a-t-il martel\u00e9. <\/span><\/p>\n<p><strong><span style=\"font-size: 18px;\">Bhoye Barry pour guinee7.com<\/span><\/strong><!--\/data\/user\/0\/com.samsung.android.app.notes\/files\/clipdata\/clipdata_bodytext_251209_203946_254.sdocx--><\/p>\n<p>L\u2019article <a href=\"https:\/\/www.guinee7.com\/2025\/12\/09\/violences-dans-les-ecoles-le-mepu-a-saisit-la-justice-et-porte-plainte-contre-x\/\">Violences dans les \u00e9coles : le MEPU-A saisit la justice et porte plainte contre X<\/a> est apparu en premier sur <a href=\"https:\/\/www.guinee7.com\/\">Guinee7.com<\/a>.<\/p>\n<\/div>\n","protected":false},"excerpt":{"rendered":"<p>Depuis hier, lundi 8 d\u00e9cembre, des violences ont \u00e9clat\u00e9 dans plusieurs \u00e9coles du Grand Conakry ainsi que dans certaines localit\u00e9s de l\u2019int\u00e9rieur du pays. Face \u00e0 cette situation, le minist\u00e8re de l\u2019Enseignement pr\u00e9-universitaire et de l\u2019Alphab\u00e9tisation (MEPU-A) annonce avoir port\u00e9 plainte contre X. L\u2019information a \u00e9t\u00e9 donn\u00e9e par Ansa Diawara, porte-parole du minist\u00e8re, lors d\u2019un &hellip;<\/p>\n","protected":false},"author":1,"featured_media":0,"comment_status":"closed","ping_status":"closed","sticky":false,"template":"","format":"standard","meta":{"footnotes":""},"categories":[2],"tags":[22],"_links":{"self":[{"href":"https:\/\/sn.ambaguinee.org\/index.php?rest_route=\/wp\/v2\/posts\/88886"}],"collection":[{"href":"https:\/\/sn.ambaguinee.org\/index.php?rest_route=\/wp\/v2\/posts"}],"about":[{"href":"https:\/\/sn.ambaguinee.org\/index.php?rest_route=\/wp\/v2\/types\/post"}],"author":[{"embeddable":true,"href":"https:\/\/sn.ambaguinee.org\/index.php?rest_route=\/wp\/v2\/users\/1"}],"replies":[{"embeddable":true,"href":"https:\/\/sn.ambaguinee.org\/index.php?rest_route=%2Fwp%2Fv2%2Fcomments&post=88886"}],"version-history":[{"count":0,"href":"https:\/\/sn.ambaguinee.org\/index.php?rest_route=\/wp\/v2\/posts\/88886\/revisions"}],"wp:attachment":[{"href":"https:\/\/sn.ambaguinee.org\/index.php?rest_route=%2Fwp%2Fv2%2Fmedia&parent=88886"}],"wp:term":[{"taxonomy":"category","embeddable":true,"href":"https:\/\/sn.ambaguinee.org\/index.php?rest_route=%2Fwp%2Fv2%2Fcategories&post=88886"},{"taxonomy":"post_tag","embeddable":true,"href":"https:\/\/sn.ambaguinee.org\/index.php?rest_route=%2Fwp%2Fv2%2Ftags&post=88886"}],"curies":[{"name":"wp","href":"https:\/\/api.w.org\/{rel}","templated":true}]}}